{"id":89009,"date":"2024-06-24T09:15:57","date_gmt":"2024-06-24T12:15:57","guid":{"rendered":"https:\/\/catolicanet.net\/wp-cnet\/?p=89009"},"modified":"2024-06-24T15:17:17","modified_gmt":"2024-06-24T18:17:17","slug":"natividade-de-sao-joao-batista-4","status":"publish","type":"post","link":"https:\/\/catolicanet.net\/wp-cnet\/natividade-de-sao-joao-batista-4\/","title":{"rendered":"Natividade de S\u00e3o Jo\u00e3o Batista"},"content":{"rendered":"<p style=\"text-align: justify;\">\u00a0\u00a0\u00a0\u00a0\u00a0\u00a0\u00a0\u00a0\u00a0\u00a0 Celebramos no dia 24 de junho a festa lit\u00fargica da natividade de S\u00e3o Jo\u00e3o Batista. \u00c9 o \u00fanico santo em que celebramos o nascimento e a morte, pois a maioria dos santos celebramos o dia em que morreram. S\u00e3o Jo\u00e3o Batista \u00e9 muito celebrado, em especial aqui no Brasil, na famosa \u201cNoite de S\u00e3o Jo\u00e3o\u201d, em que se acende e aben\u00e7oa-se a fogueira, al\u00e9m das festas juninas todos os finais de semana desse m\u00eas.<\/p>\n<p style=\"text-align: justify;\">A festa de S\u00e3o Jo\u00e3o Batista tem um grau de import\u00e2ncia t\u00e3o grande que \u00e9 celebrada na noite (vig\u00edlia) do dia 23 e ao longo de todo o dia 24 de junho. Na noite do dia 23 celebramos a Vig\u00edlia de S\u00e3o Jo\u00e3o Batista, e \u00e9 tamb\u00e9m quando se acende e aben\u00e7oa-se a fogueira de S\u00e3o Jo\u00e3o.<\/p>\n<p style=\"text-align: justify;\">A festa de S\u00e3o Jo\u00e3o Batista acontece seis meses antes do Natal, pois se bem lembrarmos quando o Anjo Gabriel anuncia a Nossa Senhora que ela seria a M\u00e3e de Jesus, ele diz que Isabel tamb\u00e9m estava gr\u00e1vida, e aquele j\u00e1 era o sexto m\u00eas de gravidez daquela que era considerada est\u00e9ril. Nossa Senhora, ap\u00f3s o Anjo deix\u00e1-la, vai \u00e0s pressas visitar Izabel e fica tr\u00eas meses com ela.<\/p>\n<p style=\"text-align: justify;\">Ao chegar na casa de Zacarias e cumprimentar Isabel ela transmite a Isabel como ao menino que estava no ventre a for\u00e7a do Esp\u00edrito Santo. Podemos perceber nesse momento o encontro de duas gera\u00e7\u00f5es e daquele que encerraria um ciclo, ou seja, Antigo Testamento e aquele que abriria um novo ciclo, o Novo Testamento. Percebemos tamb\u00e9m que Jo\u00e3o Batista foi escolhido desde o vente materno, a miss\u00e3o de Jo\u00e3o Batista j\u00e1 come\u00e7a no ventre materno recebendo essa for\u00e7a do Esp\u00edrito Santo.<\/p>\n<p style=\"text-align: justify;\">Jo\u00e3o Batista vivia no deserto, se alimentava daquilo que a natureza lhe oferecia e vestia roupas simples. Jo\u00e3o anunciava para todos que o Reino de Deus estava pr\u00f3ximo e todos deveriam se converter, deixando a vida de pecado de lado e se aproximando da miseric\u00f3rdia de Deus. Jo\u00e3o Batista batizava com \u00e1gua, era um batismo de convers\u00e3o dos pecados e depois viria Jesus que batizaria com a \u00e1gua e o Esp\u00edrito Santo. Jo\u00e3o Batista foi o precursor, preparando o caminho para a vinda de Jesus Cristo. Algumas pessoas acreditavam que ele era o Messias, mas ele pr\u00f3prio afirmava que n\u00e3o era.<\/p>\n<p style=\"text-align: justify;\">Quando Jesus vai ao encontro de Jo\u00e3o para ser batizado, Jo\u00e3o num primeiro momento n\u00e3o queria batiz\u00e1-lo, pois dizia, \u201ccomo posso batizar o autor do batismo?\u201d, mas, Jesus diz que era necess\u00e1rio que Ele fosse batizado para que a escritura se cumprisse. De fato, a partir do batismo Jesus iniciaria a vida p\u00fablica e Jo\u00e3o se retiraria um pouco, pois conforme ele dizia: \u201c<em>\u00c9 necess\u00e1rio que Ele cres\u00e7a para que eu diminu\u00eda\u201d. <\/em><\/p>\n<p style=\"text-align: justify;\">Como dissemos, S\u00e3o Jo\u00e3o Batista \u00e9 um dos \u00fanicos santos que celebramos o nascimento e a morte, pois outros santos celebramos apenas a data da morte. Os \u00fanicos que celebramos nascimento e morte \u00e9 Jesus e Nossa Senhora. O mart\u00edrio de S\u00e3o Jo\u00e3o Batista \u00e9 celebrado em 29 de agosto.<\/p>\n<p style=\"text-align: justify;\">A miss\u00e3o do profeta era anunciar a verdade e denunciar aquilo que via de errado, ou seja, as injusti\u00e7as e o pecado. Jo\u00e3o sendo profeta fazia isso, inclusive a sua morte se deu por isso, por denunciar as coisas erradas. Jo\u00e3o j\u00e1 anunciava aquilo que de fato \u00e9 o Reino de Deus: Paz, perd\u00e3o, amor e miseric\u00f3rdia e estimulava as pessoas a deixarem de lado o pecado e aderirem ao Reino de Deus que seria mais concretamente realizado por Jesus.<\/p>\n<p style=\"text-align: justify;\">O significado do nome Jo\u00e3o \u00e9: <em>\u201cpresente de Deus\u201d, <\/em>de fato, ele foi um presente para Isabel e Zacarias que j\u00e1 de idade avan\u00e7ada e considerados est\u00e9reis conceberam por um milagre de Deus Jo\u00e3o Batista. Ele foi um presente de Deus para Israel tamb\u00e9m, pois Ele preparou o povo para a chegada do Messias. Lembremos tamb\u00e9m no dia de S\u00e3o Jo\u00e3o Batista de todos aqueles que trazem Jo\u00e3o em seu nome, para que de fato sejam um presente de Deus na vida dos outros.<\/p>\n<p style=\"text-align: justify;\">Para Jesus, Jo\u00e3o Batista \u00e9 o maior de todos os profetas do Antigo Testamento, ele faz o elo entre o Antigo e o Novo Testamento. Jo\u00e3o viu e batizou Jesus, cuja vinda foi esperada durante todo o Antigo Testamento. Jesus sabia e conhecia tudo aquilo que Jo\u00e3o fazia e desejava ser batizado por Jo\u00e3o, mesmo cumprindo assim um mandato divino.<\/p>\n<p style=\"text-align: justify;\">Jesus inicia a sua prega\u00e7\u00e3o em um ambiente pr\u00e9-aquecido pela prega\u00e7\u00e3o de Jo\u00e3o Batista, pois Jo\u00e3o preparou todo o povo para acolher o Messias que chegaria. Cada um de n\u00f3s nos dias de hoje pode ser como S\u00e3o Jo\u00e3o Batista e anunciar Jesus Cristo onde estivermos: na escola, na comunidade, no trabalho e no bairro. O mundo de hoje precisa muito de pessoas como Jo\u00e3o Batista, corajosas para anunciar a verdade e denunciar as injusti\u00e7as e para que as pessoas possam ter mais paz e amor no cora\u00e7\u00e3o.<\/p>\n<p style=\"text-align: justify;\">Celebremos com alegria a natividade de Jo\u00e3o Batista nesse dia 24 de junho. Que a exemplo dele possamos ser profetas nos dias de hoje, imbu\u00eddos pela for\u00e7a do Esp\u00edrito Santo que recebemos no batismo.<\/p>\n<p style=\"text-align: justify;\">\u00a0\u00a0\u00a0\u00a0\u00a0\u00a0\u00a0\u00a0 Celebremos a festa de S\u00e3o Jo\u00e3o Batista, j\u00e1 nos preparando para daqui h\u00e1 seis meses celebrarmos o Natal do Senhor. Que a exemplo de Jo\u00e3o Batista sejamos anunciadores do Senhor que se encontra no meio de n\u00f3s.<\/p>\n","protected":false},"excerpt":{"rendered":"<p>\u00a0\u00a0\u00a0\u00a0\u00a0\u00a0\u00a0\u00a0\u00a0\u00a0 Celebramos no dia 24 de junho a festa lit\u00fargica da natividade de S\u00e3o Jo\u00e3o Batista. \u00c9 o \u00fanico santo em que celebramos o nascimento e a morte, pois a maioria dos santos celebramos o dia em que morreram. S\u00e3o Jo\u00e3o Batista \u00e9 muito celebrado, em especial aqui no Brasil, na famosa \u201cNoite de S\u00e3o [&hellip;]<\/p>\n","protected":false},"author":5,"featured_media":55819,"comment_status":"open","ping_status":"closed","sticky":false,"template":"","format":"standard","meta":{"footnotes":""},"categories":[9],"tags":[],"class_list":["post-89009","post","type-post","status-publish","format-standard","has-post-thumbnail","hentry","category-artigos"],"_links":{"self":[{"href":"https:\/\/catolicanet.net\/wp-cnet\/wp-json\/wp\/v2\/posts\/89009","targetHints":{"allow":["GET"]}}],"collection":[{"href":"https:\/\/catolicanet.net\/wp-cnet\/wp-json\/wp\/v2\/posts"}],"about":[{"href":"https:\/\/catolicanet.net\/wp-cnet\/wp-json\/wp\/v2\/types\/post"}],"author":[{"embeddable":true,"href":"https:\/\/catolicanet.net\/wp-cnet\/wp-json\/wp\/v2\/users\/5"}],"replies":[{"embeddable":true,"href":"https:\/\/catolicanet.net\/wp-cnet\/wp-json\/wp\/v2\/comments?post=89009"}],"version-history":[{"count":1,"href":"https:\/\/catolicanet.net\/wp-cnet\/wp-json\/wp\/v2\/posts\/89009\/revisions"}],"predecessor-version":[{"id":89011,"href":"https:\/\/catolicanet.net\/wp-cnet\/wp-json\/wp\/v2\/posts\/89009\/revisions\/89011"}],"wp:featuredmedia":[{"embeddable":true,"href":"https:\/\/catolicanet.net\/wp-cnet\/wp-json\/wp\/v2\/media\/55819"}],"wp:attachment":[{"href":"https:\/\/catolicanet.net\/wp-cnet\/wp-json\/wp\/v2\/media?parent=89009"}],"wp:term":[{"taxonomy":"category","embeddable":true,"href":"https:\/\/catolicanet.net\/wp-cnet\/wp-json\/wp\/v2\/categories?post=89009"},{"taxonomy":"post_tag","embeddable":true,"href":"https:\/\/catolicanet.net\/wp-cnet\/wp-json\/wp\/v2\/tags?post=89009"}],"curies":[{"name":"wp","href":"https:\/\/api.w.org\/{rel}","templated":true}]}}