{"id":88979,"date":"2024-06-23T10:26:55","date_gmt":"2024-06-23T13:26:55","guid":{"rendered":"https:\/\/catolicanet.net\/wp-cnet\/?p=88979"},"modified":"2024-06-24T14:28:27","modified_gmt":"2024-06-24T17:28:27","slug":"joao-batista-o-precursor","status":"publish","type":"post","link":"https:\/\/catolicanet.net\/wp-cnet\/joao-batista-o-precursor\/","title":{"rendered":"Jo\u00e3o Batista, o precursor!"},"content":{"rendered":"<p style=\"text-align: justify;\">Celebramos no dia 24 de julho a Solenidade de S\u00e3o Jo\u00e3o Batista, com a comemora\u00e7\u00e3o do seu nascimento para a terra. Jo\u00e3o, como \u201cPrecursor\u201d de Jesus teve, de fato, um papel \u00fanico na Hist\u00f3ria da Salva\u00e7\u00e3o. Filho de Zacarias e de Isabel, a sua vida n\u00e3o desabrochou por iniciativa humana, mas por dom de Deus a dois pais de idade avan\u00e7ada e, por isso, j\u00e1 sem possibilidade de gerar filhos. Situado na charneira entre o Antigo e o Novo Testamento, como Precursor, Jo\u00e3o \u00e9 considerado profeta de um e outro Testamento. O paralelismo estabelecido por Lucas entre a inf\u00e2ncia de Jesus e de Jo\u00e3o Batista levou a Liturgia a celebrar o nascimento de ambos: o de Jesus no solst\u00edcio de Inverno e o de Jo\u00e3o no solst\u00edcio de Ver\u00e3o.<\/p>\n<p style=\"text-align: justify;\">Na Primeira leitura \u2013 Isa\u00edas 49, 1-6 \u2013 como o Servo de Jav\u00e9, Jo\u00e3o Batista foi chamado a uma especial miss\u00e3o, desde que foi concebido o seio de sua m\u00e3e. Como Ele, recebeu um nome, um chamamento e uma revela\u00e7\u00e3o. Como Ele, teve que enfrentar a dureza e o sofrimento no desempenho da miss\u00e3o. Por isso, o nosso texto, retirado dos \u201cC\u00e2nticos do Servo de Jav\u00e9\u201d adequa-se a Jo\u00e3o Batista. O verdadeiro profeta realiza a miss\u00e3o, confiando unicamente n\u2019Aquele que o escolheu, chamou e enviou. E s\u00f3 d\u2019Ele espera recompensa. O Servo \u00e9 o mediador da alian\u00e7a que se estabelece entre Deus e o povo. A finalidade dessa alian\u00e7a \u00e9 que a salva\u00e7\u00e3o divina \u201cchegue at\u00e9 os confins da terra\u201d (Is 49,6b). Esse texto nos prepara a imagem de Jesus, o verdadeiro Messias, anunciado por Jo\u00e3o.<\/p>\n<p style=\"text-align: justify;\">Na Segunda leitura \u2013 Atos 13, 22-26 \u2013 o discurso de Paulo em Antioquia, com expl\u00edcita refer\u00eancia a Jo\u00e3o Batista, mostra a import\u00e2ncia que o profeta tinha na primitiva comunidade crist\u00e3. Paulo refere-se tamb\u00e9m a Davi. Davi e Jo\u00e3o foram dois profetas que, de modo diferente, e em tempos distintos, prepararam a vinda do Messias: Davi recebeu a promessa do Messias; Jo\u00e3o preparou a vinda do mesmo, pregando um batismo de penit\u00eancia. Impressiona, nesta p\u00e1gina, a clareza com que Jo\u00e3o identifica Jesus, e se define a si mesmo. \u00c9 este o primeiro dever do verdadeiro profeta.<\/p>\n<p style=\"text-align: justify;\">No Evangelho \u2013 Lucas 1, 57-66.80 \u2013 o paralelismo estabelecido por Lucas, ao narrar a inf\u00e2ncia do Batista e a de Jesus \u00e9 rico sob os pontos de vista liter\u00e1rio e teol\u00f3gico. O nascimento de Jo\u00e3o preanuncia o de Jesus. Jo\u00e3o, ainda no ventre materno, anuncia um outro Menino. O nome de Jo\u00e3o \u00e9 prel\u00fadio do de Jesus. O extraordin\u00e1rio evento da maternidade de Isabel prepara outro, o da maternidade de Maria. A miss\u00e3o de Jo\u00e3o faz-nos pregustar a de Jesus. Trata-se de uma \u00fanica miss\u00e3o, em dois tempos; dois tempos de uma \u00fanica hist\u00f3ria que se desenrola em ritmos alternos mas sincronizados. N\u00e3o devemos contrapor a miss\u00e3o do Batista e a de Jesus.<\/p>\n<p style=\"text-align: justify;\">O Evangelho \u00e9 um testemunho de como Deus foi misericordioso com Zacarias e Isabel (Lc 1,58) e como o \u00e9 com toda a humanidade. A m\u00e3o do Senhor estava com Jo\u00e3o (Lc 1, 66b). Jo\u00e3o ser\u00e1 o profeta do Alt\u00edssimo, indo \u00e0 frente do Senhor Jesus, \u201cpreparando os seus caminhos\u201d. E quanto a n\u00f3s hoje, em nossa vida pessoal e comunit\u00e1ria, manifestamos com nossas boas obras a salva\u00e7\u00e3o que nos trouxe Jesus? Preparamos os cora\u00e7\u00f5es, anunciando sempre o Evangelho da vida e da fraternidade?<\/p>\n<p style=\"text-align: justify;\">A festa do nascimento de Jo\u00e3o Batista leva-nos a pensar no amor preveniente de Deus e na import\u00e2ncia das suas prepara\u00e7\u00f5es para o acolhermos devidamente e com fruto. Deus prepara o nascimento de Jo\u00e3o: um anjo anuncia a Zacarias que a sua mulher, idosa e est\u00e9ril, vai ter um filho, cujo nascimento alegrar\u00e1 a muitos; inesperadamente, o nome da crian\u00e7a n\u00e3o \u00e9 Zacarias, mas Jo\u00e3o, cujo significado \u00e9: \u201cDeus faz gra\u00e7a\u201d; Jo\u00e3o \u00e9 enviado a preparar os caminhos do Senhor, o &#8220;ano de gra\u00e7a&#8221; do Senhor, a vinda de Jesus. Como o agricultor prepara o terreno antes de lhe lan\u00e7ar a semente, assim Deus prepara os tempos e os cora\u00e7\u00f5es para receberem os seus dons. \u00c9 por isso que havemos de viver vigilantes, de estar atentos \u00e0 a\u00e7\u00e3o de Deus em n\u00f3s e nos outros, para a sabermos discernir no meio dos acontecimentos humanos e nas mais variadas situa\u00e7\u00f5es da nossa vida. Jo\u00e3o ajuda-nos a estarmos atentos a Jesus e ao que Ele quer fazer em n\u00f3s e no nosso mundo. Jo\u00e3o acreditou e indicou Jesus aos que o seguiam: \u201cdepois de mim, vir\u00e1 algu\u00e9m maior do que eu&#8230; Eis o Cordeiro de Deus!\u201d<\/p>\n<p style=\"text-align: justify;\">Por todas estas raz\u00f5es, a festa de hoje \u00e9 um dia de alegria para a Igreja. E, todavia, Jo\u00e3o foi um profeta austero, que pregou a penit\u00eancia com uma linguagem pouco am\u00e1vel: \u201cRa\u00e7a de v\u00edboras, quem vos ensinou a fugir da c\u00f3lera que est\u00e1 para vir? Produzi, pois, frutos dignos de convers\u00e3o e n\u00e3o vos iludais a v\u00f3s mesmos, dizendo: &#8216;Temos por pai a Abra\u00e3o!\u201d (Mt 3, 7-8). O profeta exortava a uma penit\u00eancia que se torna alegria, alegria da purifica\u00e7\u00e3o, alegria da vinda do Senhor.<\/p>\n<p style=\"text-align: justify;\">A miss\u00e3o de Jo\u00e3o Batista \u00e9, de certo modo, a miss\u00e3o de todo o crente: preparar a vinda do Senhor, o que \u00e9 mais do que simplesmente anunciar. \u00c9 preciso por ao servi\u00e7o de Jesus n\u00e3o s\u00f3 as nossas palavras, mas tamb\u00e9m a nossa vida toda. Jo\u00e3o Batista preparou os caminhos para o Senhor Jesus, o \u201cCordeiro de Deus que tira o pecado do mundo\u201d. Ao celebrarmos o nascimento do Batista \u00e9 experimentar a for\u00e7a de Deus que est\u00e1 ao lado dos fracos e dos desprotegidos, pois o seu amor faz nascer luzes no meio da escurid\u00e3o. Festejamos com f\u00e9 e devo\u00e7\u00e3o a natividade de Jo\u00e3o Batista que veio anunciar o \u201cSol nascente\u201d \u2013 Jesus Cristo Salvador!<\/p>\n<p style=\"text-align: center;\"><strong>+ Anuar Battisti<\/strong><\/p>\n<p style=\"text-align: center;\"><strong>Arcebispo Em\u00e9rito de Maring\u00e1, PR<\/strong><\/p>\n","protected":false},"excerpt":{"rendered":"<p>Celebramos no dia 24 de julho a Solenidade de S\u00e3o Jo\u00e3o Batista, com a comemora\u00e7\u00e3o do seu nascimento para a terra. Jo\u00e3o, como \u201cPrecursor\u201d de Jesus teve, de fato, um papel \u00fanico na Hist\u00f3ria da Salva\u00e7\u00e3o. Filho de Zacarias e de Isabel, a sua vida n\u00e3o desabrochou por iniciativa humana, mas por dom de Deus [&hellip;]<\/p>\n","protected":false},"author":1,"featured_media":55814,"comment_status":"open","ping_status":"closed","sticky":false,"template":"","format":"standard","meta":{"footnotes":""},"categories":[9],"tags":[],"class_list":["post-88979","post","type-post","status-publish","format-standard","has-post-thumbnail","hentry","category-artigos"],"_links":{"self":[{"href":"https:\/\/catolicanet.net\/wp-cnet\/wp-json\/wp\/v2\/posts\/88979","targetHints":{"allow":["GET"]}}],"collection":[{"href":"https:\/\/catolicanet.net\/wp-cnet\/wp-json\/wp\/v2\/posts"}],"about":[{"href":"https:\/\/catolicanet.net\/wp-cnet\/wp-json\/wp\/v2\/types\/post"}],"author":[{"embeddable":true,"href":"https:\/\/catolicanet.net\/wp-cnet\/wp-json\/wp\/v2\/users\/1"}],"replies":[{"embeddable":true,"href":"https:\/\/catolicanet.net\/wp-cnet\/wp-json\/wp\/v2\/comments?post=88979"}],"version-history":[{"count":1,"href":"https:\/\/catolicanet.net\/wp-cnet\/wp-json\/wp\/v2\/posts\/88979\/revisions"}],"predecessor-version":[{"id":88981,"href":"https:\/\/catolicanet.net\/wp-cnet\/wp-json\/wp\/v2\/posts\/88979\/revisions\/88981"}],"wp:featuredmedia":[{"embeddable":true,"href":"https:\/\/catolicanet.net\/wp-cnet\/wp-json\/wp\/v2\/media\/55814"}],"wp:attachment":[{"href":"https:\/\/catolicanet.net\/wp-cnet\/wp-json\/wp\/v2\/media?parent=88979"}],"wp:term":[{"taxonomy":"category","embeddable":true,"href":"https:\/\/catolicanet.net\/wp-cnet\/wp-json\/wp\/v2\/categories?post=88979"},{"taxonomy":"post_tag","embeddable":true,"href":"https:\/\/catolicanet.net\/wp-cnet\/wp-json\/wp\/v2\/tags?post=88979"}],"curies":[{"name":"wp","href":"https:\/\/api.w.org\/{rel}","templated":true}]}}