{"id":88976,"date":"2024-06-23T10:25:32","date_gmt":"2024-06-23T13:25:32","guid":{"rendered":"https:\/\/catolicanet.net\/wp-cnet\/?p=88976"},"modified":"2024-06-24T14:26:40","modified_gmt":"2024-06-24T17:26:40","slug":"a-vigilia-de-sao-joao-batista-uma-celebracao-catolica-de-luz-e-renovacao","status":"publish","type":"post","link":"https:\/\/catolicanet.net\/wp-cnet\/a-vigilia-de-sao-joao-batista-uma-celebracao-catolica-de-luz-e-renovacao\/","title":{"rendered":"A Vig\u00edlia de S\u00e3o Jo\u00e3o Batista: Uma Celebra\u00e7\u00e3o Cat\u00f3lica de Luz e Renova\u00e7\u00e3o"},"content":{"rendered":"<p style=\"text-align: justify;\">A Vig\u00edlia de S\u00e3o Jo\u00e3o Batista, celebrada na noite de 23 de junho, \u00e9 uma das festas mais antigas e reverenciadas do calend\u00e1rio lit\u00fargico da Igreja Cat\u00f3lica. Este evento, que precede o dia de S\u00e3o Jo\u00e3o Batista em 24 de junho, est\u00e1 impregnado de rituais e celebra\u00e7\u00f5es que refletem a profunda espiritualidade e tradi\u00e7\u00e3o da f\u00e9 cat\u00f3lica.<\/p>\n<p style=\"text-align: justify;\">S\u00e3o Jo\u00e3o Batista \u00e9 uma figura central no cristianismo e na tradi\u00e7\u00e3o cat\u00f3lica. Ele \u00e9 conhecido como o Precursor de Jesus Cristo, aquele que veio para preparar o caminho do Senhor, pregando o arrependimento e batizando nas \u00e1guas do rio Jord\u00e3o. A celebra\u00e7\u00e3o de seu nascimento em 24 de junho \u00e9 \u00fanica, pois, ao lado da celebra\u00e7\u00e3o do nascimento de Jesus (Natal) e da Virgem Maria (8 de setembro), \u00e9 uma das poucas comemora\u00e7\u00f5es de nascimento no calend\u00e1rio lit\u00fargico, refletindo a import\u00e2ncia singular de sua vida e minist\u00e9rio.<\/p>\n<p style=\"text-align: justify;\">A escolha da data para a celebra\u00e7\u00e3o de S\u00e3o Jo\u00e3o Batista est\u00e1 ligada ao solst\u00edcio de ver\u00e3o no hemisf\u00e9rio norte, que os crist\u00e3os adaptaram e transformaram, imbuindo-a de um novo significado religioso. Assim, a luz crescente do solst\u00edcio simboliza a luz de Cristo, que Jo\u00e3o veio anunciar.<\/p>\n<p style=\"text-align: justify;\">A Vig\u00edlia de S\u00e3o Jo\u00e3o Batista \u00e9 rica em simbolismo e tradi\u00e7\u00f5es que variam de pa\u00eds para pa\u00eds, mas que geralmente incluem elementos como fogo, \u00e1gua, ervas e rituais de purifica\u00e7\u00e3o. Essas pr\u00e1ticas refletem uma profunda espiritualidade cat\u00f3lica e um senso de comunidade e f\u00e9.<\/p>\n<ol style=\"text-align: justify;\">\n<li>Fogueiras: Uma das tradi\u00e7\u00f5es mais conhecidas \u00e9 a de acender fogueiras na noite de 23 de junho. O fogo simboliza a luz que Jo\u00e3o Batista trouxe ao mundo ao anunciar a chegada de Cristo. Al\u00e9m disso, as fogueiras servem para afastar os maus esp\u00edritos e trazer prote\u00e7\u00e3o \u00e0s comunidades, refletindo a cren\u00e7a na provid\u00eancia e prote\u00e7\u00e3o divinas.<\/li>\n<li>Purifica\u00e7\u00e3o e Renova\u00e7\u00e3o: Em muitos lugares, as pessoas pulam sobre as fogueiras como um rito de purifica\u00e7\u00e3o e renova\u00e7\u00e3o. Este ato \u00e9 visto como um meio de afastar o mal e invocar as b\u00ean\u00e7\u00e3os de Deus para sa\u00fade e prosperidade, lembrando-nos da necessidade constante de purifica\u00e7\u00e3o e renova\u00e7\u00e3o espiritual.<\/li>\n<li>Ervas de S\u00e3o Jo\u00e3o: Certas ervas colhidas na v\u00e9spera de S\u00e3o Jo\u00e3o, como a artem\u00edsia e a verbena, s\u00e3o consideradas especialmente poderosas. Elas s\u00e3o usadas em rituais de cura e prote\u00e7\u00e3o. Na tradi\u00e7\u00e3o popular cat\u00f3lica, essas ervas s\u00e3o benzidas pelos sacerdotes e usadas para proteger os lares e os campos, refletindo a cren\u00e7a no poder intercessor dos santos e na gra\u00e7a de Deus.<\/li>\n<li>Banhos de S\u00e3o Jo\u00e3o: Em algumas regi\u00f5es, \u00e9 comum tomar banhos em rios, mares ou fontes durante a noite ou ao amanhecer do dia de S\u00e3o Jo\u00e3o. A \u00e1gua \u00e9 vista como um elemento de purifica\u00e7\u00e3o e renova\u00e7\u00e3o, rememorando o batismo realizado por S\u00e3o Jo\u00e3o Batista. Estes banhos simbolizam a renova\u00e7\u00e3o espiritual e o novo come\u00e7o que o batismo nos concede.<\/li>\n<li>Culin\u00e1ria e Festas: As festas tamb\u00e9m incluem uma rica tradi\u00e7\u00e3o culin\u00e1ria. Em muitas comunidades cat\u00f3licas, s\u00e3o preparados pratos t\u00edpicos e compartilhados com familiares e amigos, criando um sentido de comunh\u00e3o e celebra\u00e7\u00e3o, refletindo a alegria e a uni\u00e3o que a f\u00e9 cat\u00f3lica promove.<\/li>\n<\/ol>\n<p style=\"text-align: justify;\">A Vig\u00edlia de S\u00e3o Jo\u00e3o Batista \u00e9 uma oportunidade para os cat\u00f3licos refletirem sobre temas de luz, purifica\u00e7\u00e3o e renova\u00e7\u00e3o espiritual. S\u00e3o Jo\u00e3o Batista \u00e9 lembrado por sua humildade e dedica\u00e7\u00e3o ao chamado divino, sendo um exemplo de f\u00e9 e servi\u00e7o a Deus. Sua vida e mensagem nos convidam a um cont\u00ednuo processo de convers\u00e3o e prepara\u00e7\u00e3o para a vinda de Cristo.<\/p>\n<p style=\"text-align: justify;\">A luz das fogueiras simboliza a luz de Cristo que ilumina o mundo, e os rituais de purifica\u00e7\u00e3o refletem o chamado ao arrependimento e \u00e0 transforma\u00e7\u00e3o de vida que Jo\u00e3o pregava. A celebra\u00e7\u00e3o nos convida a buscar uma renova\u00e7\u00e3o pessoal, deixando para tr\u00e1s o velho e abra\u00e7ando o novo com esperan\u00e7a e f\u00e9.<\/p>\n<p style=\"text-align: justify;\">A Vig\u00edlia de S\u00e3o Jo\u00e3o Batista \u00e9 uma celebra\u00e7\u00e3o que une o sagrado e o tradicional, misturando elementos religiosos com pr\u00e1ticas populares profundamente enraizadas na f\u00e9 cat\u00f3lica. \u00c9 um momento de alegria, reflex\u00e3o e renova\u00e7\u00e3o, onde a luz das fogueiras e a pureza da \u00e1gua nos lembram da luz e do batismo que Jo\u00e3o Batista trouxe ao mundo.<\/p>\n<p style=\"text-align: justify;\">Ao celebrarmos esta Vig\u00edlia, somos convidados a renovar nossa f\u00e9, a purificar nossos cora\u00e7\u00f5es e a celebrar a vida com gratid\u00e3o e esperan\u00e7a, seguindo o exemplo de S\u00e3o Jo\u00e3o Batista, o grande precursor de Cristo. Que esta celebra\u00e7\u00e3o traga luz e renova\u00e7\u00e3o a todos n\u00f3s, fortalecendo nossa caminhada espiritual e nossa comunh\u00e3o com Deus e com a comunidade de f\u00e9.<\/p>\n<p style=\"text-align: center;\"><strong>+Anuar Battisti<\/strong><br \/>\n<strong>Arcebispo Em\u00e9rito de Maring\u00e1 (PR)<\/strong><\/p>\n","protected":false},"excerpt":{"rendered":"<p>A Vig\u00edlia de S\u00e3o Jo\u00e3o Batista, celebrada na noite de 23 de junho, \u00e9 uma das festas mais antigas e reverenciadas do calend\u00e1rio lit\u00fargico da Igreja Cat\u00f3lica. Este evento, que precede o dia de S\u00e3o Jo\u00e3o Batista em 24 de junho, est\u00e1 impregnado de rituais e celebra\u00e7\u00f5es que refletem a profunda espiritualidade e tradi\u00e7\u00e3o da [&hellip;]<\/p>\n","protected":false},"author":1,"featured_media":55814,"comment_status":"open","ping_status":"closed","sticky":false,"template":"","format":"standard","meta":{"footnotes":""},"categories":[9],"tags":[],"class_list":["post-88976","post","type-post","status-publish","format-standard","has-post-thumbnail","hentry","category-artigos"],"_links":{"self":[{"href":"https:\/\/catolicanet.net\/wp-cnet\/wp-json\/wp\/v2\/posts\/88976","targetHints":{"allow":["GET"]}}],"collection":[{"href":"https:\/\/catolicanet.net\/wp-cnet\/wp-json\/wp\/v2\/posts"}],"about":[{"href":"https:\/\/catolicanet.net\/wp-cnet\/wp-json\/wp\/v2\/types\/post"}],"author":[{"embeddable":true,"href":"https:\/\/catolicanet.net\/wp-cnet\/wp-json\/wp\/v2\/users\/1"}],"replies":[{"embeddable":true,"href":"https:\/\/catolicanet.net\/wp-cnet\/wp-json\/wp\/v2\/comments?post=88976"}],"version-history":[{"count":1,"href":"https:\/\/catolicanet.net\/wp-cnet\/wp-json\/wp\/v2\/posts\/88976\/revisions"}],"predecessor-version":[{"id":88978,"href":"https:\/\/catolicanet.net\/wp-cnet\/wp-json\/wp\/v2\/posts\/88976\/revisions\/88978"}],"wp:featuredmedia":[{"embeddable":true,"href":"https:\/\/catolicanet.net\/wp-cnet\/wp-json\/wp\/v2\/media\/55814"}],"wp:attachment":[{"href":"https:\/\/catolicanet.net\/wp-cnet\/wp-json\/wp\/v2\/media?parent=88976"}],"wp:term":[{"taxonomy":"category","embeddable":true,"href":"https:\/\/catolicanet.net\/wp-cnet\/wp-json\/wp\/v2\/categories?post=88976"},{"taxonomy":"post_tag","embeddable":true,"href":"https:\/\/catolicanet.net\/wp-cnet\/wp-json\/wp\/v2\/tags?post=88976"}],"curies":[{"name":"wp","href":"https:\/\/api.w.org\/{rel}","templated":true}]}}