{"id":88919,"date":"2024-06-20T10:11:39","date_gmt":"2024-06-20T13:11:39","guid":{"rendered":"https:\/\/catolicanet.net\/wp-cnet\/?p=88919"},"modified":"2024-06-20T17:13:33","modified_gmt":"2024-06-20T20:13:33","slug":"o-papa-a-fe-e-a-ciencia-podem-se-unir-na-caridade","status":"publish","type":"post","link":"https:\/\/catolicanet.net\/wp-cnet\/o-papa-a-fe-e-a-ciencia-podem-se-unir-na-caridade\/","title":{"rendered":"O Papa: a f\u00e9 e a ci\u00eancia podem se unir na caridade"},"content":{"rendered":"<figure class=\"article__image\" style=\"text-align: justify;\"><span class=\"didascalia_img\">O Papa com os participantes do encontro promovido pelo Observat\u00f3rio Astron\u00f4mico Vaticano\u00a0 (Vatican Media)<\/span><\/figure>\n<div class=\"article__meta audioInside\" data-mediatype=\"\">\n<div class=\"article__subTitle\" style=\"text-align: justify;\">Em sua audi\u00eancia aos participantes da confer\u00eancia &#8220;Buracos negros, ondas gravitacionais e singularidades espa\u00e7o-temporais&#8221; em mem\u00f3ria ao pe. George Lema\u00eetre, Francisco enfatizou a teoria do cosm\u00f3logo que diz que &#8220;a cria\u00e7\u00e3o e o Big-Bang s\u00e3o duas realidades distintas&#8221; e que Deus &#8220;n\u00e3o pode ser um objeto facilmente categorizado pela raz\u00e3o humana&#8221;. &#8220;A f\u00e9 e a ci\u00eancia podem se unir na caridade se a ci\u00eancia for colocada a servi\u00e7o dos homens e mulheres de nosso tempo&#8221;, disse o Papa.<\/div>\n<div class=\"title__separator\" style=\"text-align: justify;\"><\/div>\n<div class=\"article__text\">\n<p style=\"text-align: justify;\"><b>Mariangela Jaguraba &#8211; Vatican News<\/b><\/p>\n<p style=\"text-align: justify;\">O Papa Francisco recebeu em audi\u00eancia, nesta quinta-feira (20\/06), na Sala dos Papas, no Vaticano, os participantes da II Confer\u00eancia do Observat\u00f3rio Astron\u00f4mico Vaticano (Specola Vaticana) em mem\u00f3ria de Georges Lema\u00eetre intitulada &#8220;Buracos negros, ondas gravitacionais e singularidades espa\u00e7o-temporais&#8221;.<\/p>\n<div style=\"text-align: justify;\">\n<div class=\"article__embed article__embed--unwrap article__embed--dark\">\n<div class=\"article__innerTitle\">Ou\u00e7a e compartilhe<\/div>\n<div>\n<audio class=\"wp-audio-shortcode\" id=\"audio-88919-1\" preload=\"none\" style=\"width: 100%;\" controls=\"controls\"><source type=\"audio\/mpeg\" src=\"https:\/\/media.vaticannews.va\/media\/audio\/s1\/2024\/06\/20\/16\/138048454_F138048454.mp3?_=1\" \/><a href=\"https:\/\/media.vaticannews.va\/media\/audio\/s1\/2024\/06\/20\/16\/138048454_F138048454.mp3\">https:\/\/media.vaticannews.va\/media\/audio\/s1\/2024\/06\/20\/16\/138048454_F138048454.mp3<\/a><\/audio>\n<\/div>\n<\/div>\n<\/div>\n<p style=\"text-align: justify;\">Francisco agradeceu e deu as boas-vindas aos cientistas que se re\u00fanem em Castel Gandolfo, nas proximidades de Roma, para homenagear o pe. Georges Lema\u00eetre, sete anos depois do encontro anterior. &#8220;O valor cient\u00edfico do sacerdote e cosm\u00f3logo belga foi reconhecido pela Uni\u00e3o Astron\u00f4mica Internacional, que decidiu que a conhecida lei de Hubble deveria ser chamada mais apropriadamente de lei de Hubble-Lema\u00eetre&#8221;, disse o Papa no in\u00edcio de seu discurso.<\/p>\n<h2 style=\"text-align: justify;\">A Igreja promove pesquisas sobre o in\u00edcio do universo<\/h2>\n<p style=\"text-align: justify;\">&#8220;Nesses dias, voc\u00eas discutem as \u00faltimas quest\u00f5es colocadas pela pesquisa cient\u00edfica em cosmologia: os diferentes resultados obtidos na medi\u00e7\u00e3o da constante de Hubble, a natureza enigm\u00e1tica das singularidades cosmol\u00f3gicas (do Big Bang aos buracos negros) e o tema muito atual das ondas gravitacionais&#8221;, sublinhou Francisco, recordando que &#8220;a Igreja est\u00e1 atenta a essas pesquisas e as promove, porque elas abalam a sensibilidade e a intelig\u00eancia dos homens e das mulheres de nosso tempo&#8221;.<\/p>\n<div style=\"text-align: justify;\">\n<div class=\"article__embed article__embed--unwrap article__embed--photo\">\n<figure><picture><img decoding=\"async\" class=\"loaded\" src=\"https:\/\/www.vaticannews.va\/content\/dam\/vaticannews\/agenzie\/images\/srv\/2024\/06\/20\/2024-06-20-partecipanti-all-incontro-promosso-dalla-specola-vati\/1718875098142.JPG\/_jcr_content\/renditions\/cq5dam.thumbnail.cropped.750.422.jpeg\" alt=\"Um momento da audi\u00eancia com os participantes da confer\u00eancia do Observat\u00f3rio Vaticano\" data-original=\"\/content\/dam\/vaticannews\/agenzie\/images\/srv\/2024\/06\/20\/2024-06-20-partecipanti-all-incontro-promosso-dalla-specola-vati\/1718875098142.JPG\/_jcr_content\/renditions\/cq5dam.thumbnail.cropped.750.422.jpeg\" data-was-processed=\"true\" \/><\/picture><\/figure>\n<div class=\"photo_embed--Title\">Um momento da audi\u00eancia com os participantes da confer\u00eancia do Observat\u00f3rio Vaticano<\/div>\n<\/div>\n<\/div>\n<h2 style=\"text-align: justify;\">Georges Lema\u00eetre foi um sacerdote e cientista exemplar<\/h2>\n<p style=\"text-align: justify;\"><i>O in\u00edcio do universo, a sua evolu\u00e7\u00e3o \u00faltima, a profunda estrutura do espa\u00e7o e do tempo colocam os seres humanos perante uma busca fren\u00e9tica de sentido, num vasto cen\u00e1rio onde correm o risco de se perderem. Isto nos faz redescobrir a atualidade das palavras do salmista: \u00abQuando contemplo o c\u00e9u, obra de teus dedos, a lua e as estrelas que fixaste&#8230; O que \u00e9 o homem, para dele te lembrares? O ser humano, para que o visites? Tu o fizeste pouco menos do que um deus, e o coroaste de gl\u00f3ria e esplendor\u00bb. Portanto, \u00e9 claro que estes temas t\u00eam uma relev\u00e2ncia particular para a Teologia, a Filosofia, a Ci\u00eancia e tamb\u00e9m para a vida espiritual.<\/i><\/p>\n<p style=\"text-align: justify;\">&#8220;Georges Lema\u00eetre foi um sacerdote e cientista exemplar. O seu percurso humano e espiritual representa um modelo de vida com o qual todos n\u00f3s podemos aprender&#8221;, observou ainda Francisco.<\/p>\n<p style=\"text-align: justify;\">Para atender aos desejos do pai, Georges Lema\u00eetre estudou engenharia. Depois, alistou-se na I Guerra Mundial e viveu seus horrores. J\u00e1 adulto seguiu a sua voca\u00e7\u00e3o sacerdotal e cient\u00edfica.<\/p>\n<div style=\"text-align: justify;\">\n<div class=\"article__embed article__embed--unwrap article__embed--photo\">\n<figure><picture><img decoding=\"async\" class=\"loaded\" src=\"https:\/\/www.vaticannews.va\/content\/dam\/vaticannews\/agenzie\/images\/srv\/2024\/06\/20\/2024-06-20-partecipanti-all-incontro-promosso-dalla-specola-vati\/1718875103271.JPG\/_jcr_content\/renditions\/cq5dam.thumbnail.cropped.750.422.jpeg\" alt=\"Foto de grupo no final da audi\u00eancia\" data-original=\"\/content\/dam\/vaticannews\/agenzie\/images\/srv\/2024\/06\/20\/2024-06-20-partecipanti-all-incontro-promosso-dalla-specola-vati\/1718875103271.JPG\/_jcr_content\/renditions\/cq5dam.thumbnail.cropped.750.422.jpeg\" data-was-processed=\"true\" \/><\/picture><\/figure>\n<div class=\"photo_embed--Title\">Foto de grupo no final da audi\u00eancia<\/div>\n<\/div>\n<\/div>\n<h2 style=\"text-align: justify;\">Cria\u00e7\u00e3o e o Big Bang s\u00e3o duas realidades distintas<\/h2>\n<p style=\"text-align: justify;\">&#8220;Inicialmente, ele acredita que as verdades cient\u00edficas est\u00e3o depositadas nas Sagradas Escrituras de forma velada. As suas experi\u00eancias humanas e as consequentes elabora\u00e7\u00f5es espirituais o levam a compreender que a ci\u00eancia e a f\u00e9 seguem dois caminhos diferentes e paralelos, entre os quais n\u00e3o h\u00e1 conflito&#8221;, disse ainda o Papa, acrescentando:<\/p>\n<p style=\"text-align: justify;\"><i>Na verdade, esses caminhos podem se harmonizar, porque tanto a ci\u00eancia quanto a f\u00e9, para quem cr\u00ea, t\u00eam a mesma matriz na Verdade absoluta de Deus. O seu caminho de f\u00e9 o leva \u00e0 consci\u00eancia de que a cria\u00e7\u00e3o e o Big Bang s\u00e3o duas realidades distintas, e que o Deus em que ele acredita n\u00e3o pode ser um objeto facilmente categorizado pela raz\u00e3o humana, mas \u00e9 o \u201cDeus escondido\u201d, que permanece sempre numa dimens\u00e3o de mist\u00e9rio, n\u00e3o totalmente compreens\u00edvel.<\/i><\/p>\n<h2 style=\"text-align: justify;\">A f\u00e9 e a ci\u00eancia podem se unir na caridade<\/h2>\n<p style=\"text-align: justify;\">O Papa disse aos cientistas para continuarem &#8220;debatendo com um esp\u00edrito justo e humilde os temas que est\u00e3o discutindo. Que a liberdade e a falta de condicionamento que voc\u00eas est\u00e3o experimentando nesta confer\u00eancia os ajudem a progredir em seus campos em dire\u00e7\u00e3o \u00e0 Verdade, que \u00e9 certamente uma emana\u00e7\u00e3o da Caridade de Deus&#8221;.<\/p>\n<p style=\"text-align: justify;\"><i>A f\u00e9 e a ci\u00eancia podem se unir na caridade se a ci\u00eancia for colocada a servi\u00e7o dos homens e mulheres de nosso tempo, e n\u00e3o distorcida em seu detrimento ou mesmo destrui\u00e7\u00e3o. Eu os encorajo a ir para as periferias do conhecimento humano: \u00e9 ali que podemos fazer experi\u00eancia do Deus Amor, que satisfaz e sacia a sede do nosso cora\u00e7\u00e3o.<\/i><\/p>\n<div>\n<div class=\"article__embed article__embed--unwrap article__embed--photo\">\n<figure style=\"text-align: justify;\"><picture><img decoding=\"async\" class=\"loaded\" src=\"https:\/\/www.vaticannews.va\/content\/dam\/vaticannews\/agenzie\/images\/srv\/2024\/06\/20\/2024-06-20-partecipanti-all-incontro-promosso-dalla-specola-vati\/1718875080125.JPG\/_jcr_content\/renditions\/cq5dam.thumbnail.cropped.750.422.jpeg\" alt=\"Sauda\u00e7\u00f5es aos cientistas presentes na confer\u00eancia do Observat\u00f3rio Vaticano\" data-original=\"\/content\/dam\/vaticannews\/agenzie\/images\/srv\/2024\/06\/20\/2024-06-20-partecipanti-all-incontro-promosso-dalla-specola-vati\/1718875080125.JPG\/_jcr_content\/renditions\/cq5dam.thumbnail.cropped.750.422.jpeg\" data-was-processed=\"true\" \/><\/picture><\/figure>\n<div class=\"photo_embed--Title\" style=\"text-align: justify;\">Sauda\u00e7\u00f5es aos cientistas presentes na confer\u00eancia do Observat\u00f3rio Vaticano<\/div>\n<\/div>\n<\/div>\n<\/div>\n<\/div>\n","protected":false},"excerpt":{"rendered":"<p>O Papa com os participantes do encontro promovido pelo Observat\u00f3rio Astron\u00f4mico Vaticano\u00a0 (Vatican Media) Em sua audi\u00eancia aos participantes da confer\u00eancia &#8220;Buracos negros, ondas gravitacionais e singularidades espa\u00e7o-temporais&#8221; em mem\u00f3ria ao pe. George Lema\u00eetre, Francisco enfatizou a teoria do cosm\u00f3logo que diz que &#8220;a cria\u00e7\u00e3o e o Big-Bang s\u00e3o duas realidades distintas&#8221; e que Deus [&hellip;]<\/p>\n","protected":false},"author":1,"featured_media":88920,"comment_status":"open","ping_status":"closed","sticky":false,"template":"","format":"standard","meta":{"footnotes":""},"categories":[13,3],"tags":[],"class_list":["post-88919","post","type-post","status-publish","format-standard","has-post-thumbnail","hentry","category-featured","category-vaticano"],"_links":{"self":[{"href":"https:\/\/catolicanet.net\/wp-cnet\/wp-json\/wp\/v2\/posts\/88919","targetHints":{"allow":["GET"]}}],"collection":[{"href":"https:\/\/catolicanet.net\/wp-cnet\/wp-json\/wp\/v2\/posts"}],"about":[{"href":"https:\/\/catolicanet.net\/wp-cnet\/wp-json\/wp\/v2\/types\/post"}],"author":[{"embeddable":true,"href":"https:\/\/catolicanet.net\/wp-cnet\/wp-json\/wp\/v2\/users\/1"}],"replies":[{"embeddable":true,"href":"https:\/\/catolicanet.net\/wp-cnet\/wp-json\/wp\/v2\/comments?post=88919"}],"version-history":[{"count":1,"href":"https:\/\/catolicanet.net\/wp-cnet\/wp-json\/wp\/v2\/posts\/88919\/revisions"}],"predecessor-version":[{"id":88922,"href":"https:\/\/catolicanet.net\/wp-cnet\/wp-json\/wp\/v2\/posts\/88919\/revisions\/88922"}],"wp:featuredmedia":[{"embeddable":true,"href":"https:\/\/catolicanet.net\/wp-cnet\/wp-json\/wp\/v2\/media\/88920"}],"wp:attachment":[{"href":"https:\/\/catolicanet.net\/wp-cnet\/wp-json\/wp\/v2\/media?parent=88919"}],"wp:term":[{"taxonomy":"category","embeddable":true,"href":"https:\/\/catolicanet.net\/wp-cnet\/wp-json\/wp\/v2\/categories?post=88919"},{"taxonomy":"post_tag","embeddable":true,"href":"https:\/\/catolicanet.net\/wp-cnet\/wp-json\/wp\/v2\/tags?post=88919"}],"curies":[{"name":"wp","href":"https:\/\/api.w.org\/{rel}","templated":true}]}}