{"id":88877,"date":"2024-06-16T09:54:07","date_gmt":"2024-06-16T12:54:07","guid":{"rendered":"https:\/\/catolicanet.net\/wp-cnet\/?p=88877"},"modified":"2024-06-18T18:07:32","modified_gmt":"2024-06-18T21:07:32","slug":"a-vida-consagrada","status":"publish","type":"post","link":"https:\/\/catolicanet.net\/wp-cnet\/a-vida-consagrada\/","title":{"rendered":"A Vida Consagrada"},"content":{"rendered":"<p style=\"text-align: center;\"><em>Cadernos do conc\u00edlio \u2013 Volume 21<\/em><\/p>\n<p style=\"text-align: justify;\"><em>\u00a0<\/em>Hoje nos debru\u00e7aremos sobre o volume vinte e um da cole\u00e7\u00e3o Cadernos do Conc\u00edlio Vaticano II, que trata sobre a vida consagrada. A vida consagrada tem um lugar especial na Igreja e a Igreja agradece \u00e0queles que por livre e espont\u00e2nea vontade decidem entregar inteiramente suas vidas a Deus. A Igreja recorda e reza pela vida consagrada no terceiro Domingo do m\u00eas de agosto, que \u00e9 o m\u00eas vocacional, mas celebra a doa\u00e7\u00e3o dos consagrados no dia 2 de fevereiro, apresenta\u00e7\u00e3o do Senhor e se une \u00e0 vida contemplativa no dia da Festa da Apresenta\u00e7\u00e3o de N. Sra.<\/p>\n<p style=\"text-align: justify;\">A vida consagrada \u00e9 luz para a Igreja e \u00e9 sinal da santidade da Igreja como \u00e9 colocado no documento Conciliar Lumen Gentium. S\u00e3o os consagrados e consagradas que testemunham a alegria do evangelho pela sua vida e carisma e, al\u00e9m disso, contribuem com as par\u00f3quias como catequistas, na liturgia, acolhida, e, de acordo com o carisma, de modo especial na miss\u00e3o social da igreja. Os consagrados e consagradas pela vida comunit\u00e1ria \u00e9 sinal de presen\u00e7a evangelizadora pela pr\u00f3pria vida e consagra\u00e7\u00e3o, mas tamb\u00e9m ajudam na celebra\u00e7\u00e3o da Palavra e na visita aos enfermos. Muitos tem trabalhos educacionais, sociais, religiosos e presen\u00e7a nos lugares mais necessitados.<\/p>\n<p style=\"text-align: justify;\">Nos \u00faltimos volumes tratamos sobre a estrutura hier\u00e1rquica da Igreja, Papa, Bispos, padres e di\u00e1conos, e agora tratamos sobre a vida consagrada que n\u00e3o faz parte daquela estrutura hier\u00e1rquica, mas que \u00e9 de vital import\u00e2ncia para a vida da Igreja.<\/p>\n<p style=\"text-align: justify;\">O documento ressalta que a vida consagrada, a exemplo de qualquer outra voca\u00e7\u00e3o \u00e9 um dom de Deus, ou seja, \u00e9 Ele quem chama e espera uma resposta daquele foi chamado. A resposta ao chamado de Deus se dar\u00e1 em primeiro lugar por meio da ora\u00e7\u00e3o e depois um acompanhamento com padre da par\u00f3quia e um diretor espiritual, para observar de perto a qual carisma que se adapta melhor e para qual congrega\u00e7\u00e3o Deus chama.<\/p>\n<p style=\"text-align: justify;\">Existem aquelas pessoas que decidem n\u00e3o ingressar em nenhuma congrega\u00e7\u00e3o religiosa, mas optam por consagrar as suas vidas a Deus. Existem muitas formas de consagra\u00e7\u00e3o, seja como eremitas diocesanos, seja como grupos que fazem novas experi\u00eancias de miss\u00e3o e consagra\u00e7\u00e3o. Deus chama e espera a resposta daquele que foi chamado. Aquele que responde com sim ao chamado de Deus, opta pelo estilo de vida que queira abra\u00e7ar, ou a vida consagrada ou ingressando em alguma congrega\u00e7\u00e3o.<\/p>\n<p style=\"text-align: justify;\">Como fruto do Conc\u00edlio Ecum\u00eanico Vaticano II, restaurada pelo Papa Paulo VI, ressurgiu a Ordem das Virgens consagradas cujos membros n\u00e3o constituem comunidade de vida, mas vivem no mundo, tendo consagrado sua virgindade a Cristo, para o testemunho e o servi\u00e7o na sua respectiva diocese.<\/p>\n<p style=\"text-align: justify;\">As consagradas e religiosas seguem o exemplo de Nossa Senhora, ou seja, discipulas e missionarias do Senhor. As consagradas e religiosas s\u00e3o, a exemplo de Nossa Senhora, aquelas que encorajam os outros membros da comunidade a continuarem a seguir o caminho com f\u00e9 sem perder a esperan\u00e7a. As consagradas e religiosas devem nutrir dentro de si a mesma alegria que nutriu Nossa Senhora ap\u00f3s o anjo ter anunciado que Ela seria a M\u00e3e do Salvador. Nossa Senhora, ap\u00f3s o an\u00fancio do anjo sai \u00e0s pressas, cheia do Esp\u00edrito Santo e tomada de alegria transmitir a boa noticia a Isabel. O Esp\u00edrito Santo que consagra os religiosos tamb\u00e9m deve tom\u00e1-los de alegria e coragem para sair ao encontro dos demais irm\u00e3os e anunciar a boa not\u00edcia do Reino.<\/p>\n<p style=\"text-align: justify;\">As religiosas e consagrados devem estar sempre em comunh\u00e3o com a Igreja, ou seja, onde estiverem, devem falar aquilo que a Igreja pensa e orienta. A doutrina que deve ser ensinada \u00e9 a que nos vem do Evangelho de Jesus Cristo e do Catecismo da Igreja Cat\u00f3lica.<\/p>\n<p style=\"text-align: justify;\">Os consagrados devem ter a Eucaristia como alimento di\u00e1rio, a Eucaristia que d\u00e1 for\u00e7as para continuar a miss\u00e3o de servir a Deus e anunciar o Reino. Al\u00e9m de cultivarem uma vida constante de ora\u00e7\u00e3o, esses dois pilares, Eucaristia e ora\u00e7\u00e3o, devem estar sempre juntos, pois por meio de ambos \u00e9 poss\u00edvel confirmar a cada dia a voca\u00e7\u00e3o, e o sim dado a Deus l\u00e1 no in\u00edcio.<\/p>\n<p style=\"text-align: justify;\">Os consagrados e religiosos s\u00e3o convidados a despojarem dos bens materiais e das coisas mundanas a abra\u00e7arem a miss\u00e3o. Al\u00e9m do mais n\u00e3o devem se apegar a alguma cidade, estado ou pa\u00eds, pois os religiosos devem estar abertos para conhecerem outros povos e culturas. Os religiosos e consagradas seguindo o exemplo do mestre Jesus muitas vezes n\u00e3o tem um lugar para reclinar a cabe\u00e7a.<\/p>\n<p style=\"text-align: justify;\">Diante de um mundo com muitas transforma\u00e7\u00f5es, \u00e9 necess\u00e1rio se adaptar a ele para conseguir uma evangeliza\u00e7\u00e3o efetiva. Pode-se usar as ferramentas que o mundo de hoje apresenta, ou seja, evangelizar por meio da televis\u00e3o, r\u00e1dio e redes sociais. \u00c9 necess\u00e1rio se adaptar \u00e0 linguagem que os jovens utilizam hoje, logicamente sempre com prud\u00eancia. Est\u00e1 cada vez mais dif\u00edcil falar de Jesus Cristo nos dias de hoje, mas com perseveran\u00e7a e usando os meios oferecidos, \u00e9 poss\u00edvel aproximar as pessoas de Jesus, sobretudo os jovens.<\/p>\n<p style=\"text-align: justify;\">Convido a tomarem o volume 21 desta Cole\u00e7\u00e3o Cadernos do Conc\u00edlio e lerem aquilo que a Igreja fala sobre a vida consagrada. Convido tamb\u00e9m a tomarem a Constitui\u00e7\u00e3o Dogm\u00e1tica <em>Lumen Gentium<\/em> (n\u00b0 30) e ler o que se fala sobre a vida consagrada. Convido tamb\u00e9m a tomarem a Exorta\u00e7\u00e3o Apost\u00f3lica \u201c<em>Vita Consecrata\u201d<\/em>, do Papa S\u00e3o Jo\u00e3o Paulo II que com base no que foi discutido no Conc\u00edlio Vaticano II, o Papa S\u00e3o Jo\u00e3o Paulo II explicita mais sobre a import\u00e2ncia da vida consagrada para a Igreja.<\/p>\n","protected":false},"excerpt":{"rendered":"<p>Cadernos do conc\u00edlio \u2013 Volume 21 \u00a0Hoje nos debru\u00e7aremos sobre o volume vinte e um da cole\u00e7\u00e3o Cadernos do Conc\u00edlio Vaticano II, que trata sobre a vida consagrada. A vida consagrada tem um lugar especial na Igreja e a Igreja agradece \u00e0queles que por livre e espont\u00e2nea vontade decidem entregar inteiramente suas vidas a Deus. [&hellip;]<\/p>\n","protected":false},"author":5,"featured_media":55819,"comment_status":"open","ping_status":"closed","sticky":false,"template":"","format":"standard","meta":{"footnotes":""},"categories":[9],"tags":[],"class_list":["post-88877","post","type-post","status-publish","format-standard","has-post-thumbnail","hentry","category-artigos"],"_links":{"self":[{"href":"https:\/\/catolicanet.net\/wp-cnet\/wp-json\/wp\/v2\/posts\/88877","targetHints":{"allow":["GET"]}}],"collection":[{"href":"https:\/\/catolicanet.net\/wp-cnet\/wp-json\/wp\/v2\/posts"}],"about":[{"href":"https:\/\/catolicanet.net\/wp-cnet\/wp-json\/wp\/v2\/types\/post"}],"author":[{"embeddable":true,"href":"https:\/\/catolicanet.net\/wp-cnet\/wp-json\/wp\/v2\/users\/5"}],"replies":[{"embeddable":true,"href":"https:\/\/catolicanet.net\/wp-cnet\/wp-json\/wp\/v2\/comments?post=88877"}],"version-history":[{"count":1,"href":"https:\/\/catolicanet.net\/wp-cnet\/wp-json\/wp\/v2\/posts\/88877\/revisions"}],"predecessor-version":[{"id":88879,"href":"https:\/\/catolicanet.net\/wp-cnet\/wp-json\/wp\/v2\/posts\/88877\/revisions\/88879"}],"wp:featuredmedia":[{"embeddable":true,"href":"https:\/\/catolicanet.net\/wp-cnet\/wp-json\/wp\/v2\/media\/55819"}],"wp:attachment":[{"href":"https:\/\/catolicanet.net\/wp-cnet\/wp-json\/wp\/v2\/media?parent=88877"}],"wp:term":[{"taxonomy":"category","embeddable":true,"href":"https:\/\/catolicanet.net\/wp-cnet\/wp-json\/wp\/v2\/categories?post=88877"},{"taxonomy":"post_tag","embeddable":true,"href":"https:\/\/catolicanet.net\/wp-cnet\/wp-json\/wp\/v2\/tags?post=88877"}],"curies":[{"name":"wp","href":"https:\/\/api.w.org\/{rel}","templated":true}]}}