{"id":88874,"date":"2024-06-16T09:48:06","date_gmt":"2024-06-16T12:48:06","guid":{"rendered":"https:\/\/catolicanet.net\/wp-cnet\/?p=88874"},"modified":"2024-06-18T17:53:54","modified_gmt":"2024-06-18T20:53:54","slug":"decimo-primeiro-domingo-do-tempo-comum-4","status":"publish","type":"post","link":"https:\/\/catolicanet.net\/wp-cnet\/decimo-primeiro-domingo-do-tempo-comum-4\/","title":{"rendered":"D\u00e9cimo Primeiro Domingo do Tempo Comum"},"content":{"rendered":"<p style=\"text-align: justify;\">Estamos celebrando o d\u00e9cimo primeiro domingo do tempo comum. O Reino de Deus \u00e9 como um ramo de cedro, colhido na copa da \u00e1rvore e brotar com folhas verdejantes e produzir\u00e1 frutos saborosos no tempo oportuno e todas as \u00e1rvores saber\u00e3o que Eu sou o senhor: \u201cEu sou o senhor, digo e fa\u00e7o\u201d. Na constru\u00e7\u00e3o do Reino, a iniciativa \u00e9 do pr\u00f3prio Senhor!<\/p>\n<p style=\"text-align: justify;\">Na primeira leitura \u2013 Ez 17,22-24 \u2013 o Reino de Deus \u00e9 obra do Senhor e come\u00e7a pequenino como um pequeno ramo de cedro! Mas crescer\u00e1 como uma enorme \u00e1rvore, frondosa e carregada de frutos! Isto ser\u00e1 obra do pr\u00f3prio Deus! Deus toma a iniciativa de colher e cultivar o ramo de cedro, transplantando-o na montanha mais alta para que produza frutos abundantes. E todas as \u00e1rvores da floresta saber\u00e3o que \u201cEu sou o Senhor: digo e fa\u00e7o\u201d!<\/p>\n<p style=\"text-align: justify;\">Na segunda leitura \u2013 2Cor 5,6-10 \u2013 todos n\u00f3s somos peregrinos sobre a terra, aguardando a transfer\u00eancia para a Casa do Pai! Mas, a transfer\u00eancia exige uma avalia\u00e7\u00e3o severa de nossas obras merecedoras de pr\u00eamio ou de castigo! O crist\u00e3o \u00e9 um peregrino andando na dire\u00e7\u00e3o do c\u00e9u, mas sem ver a realidade da vida eterna. Por isso, precisamos andar na simplicidade e na justi\u00e7a, pois, deveremos apresentar-nos diante do tribunal do pr\u00f3prio Deus e prestar-lhe contas de nossa tarefa!<\/p>\n<p style=\"text-align: justify;\">No Evangelho \u2013 Mc 4,26-34 \u2013 o Reino do c\u00e9u \u00e9 como uma semente jogada na terra, germina, cresce e frutifica sem o semeador saber como. Ele dorme e a semente cumpre a sua miss\u00e3o at\u00e9 o fruto amadurecer na espiga. Ent\u00e3o ele o colhe e o guarda no celeiro. Jesus usa a \u201cpar\u00e1bola\u201d como m\u00e9todo de ensino: Ele inventa uma hist\u00f3ria inspirada na vida real dos ouvintes. \u00c9 o sentido hist\u00f3rico e o sentido espiritual, ou seja: o sentido v\u00e1lido para todos os tempos e para cada ouvinte em qualquer tempo! Jesus fala para a Igreja e fala para cada um de n\u00f3s em particular! A Palavra de Deus \u00e9 para ser ouvida e refletida pela Comunidade e por cada um dos ouvintes. A Palavra de Deus \u00e9 como uma semente \u2013 quase sempre, pequenina e indefesa \u2013 mas, uma vez, jogada na terra, germina, cresce e frutifica. O semeador n\u00e3o entende o que acontece! Apenas pode observar seu crescimento! Os Evangelizadores devem semear a Palavra de Deus, confiantes na energia vital de pr\u00f3pria semente, providenciada pelo pr\u00f3prio Deus. O Reino de Deus \u00e9 obra divina. Eles devem semear confiantes no poder de Deus!<\/p>\n<p style=\"text-align: justify;\">O trabalho do evangelizador \u00e9 jogar a semente na terra, com amor e f\u00e9 no poder e no plano de Deus! O semeador nem sabe como acontece a germina\u00e7\u00e3o e a frutifica\u00e7\u00e3o da semente. Semeia e dorme (confia no plano de Deus). A semente germina, vem as folhas e, logo, vem o fruto na espiga e o semeador n\u00e3o sabe como isso acontece. Em outra par\u00e1bola \u2013 a do gr\u00e3o de mostarda \u2013 gr\u00e3o pequenino, mas que se transforma em arbusto onde os p\u00e1ssaros armam seus ninhos.<\/p>\n<p style=\"text-align: justify;\">A semente produz o fruto em sil\u00eancio e a semente da mostarda transforma-se em arbusto. Assim, a Palavra de Deus n\u00e3o cumpre sua miss\u00e3o no barulho! Cresce em sil\u00eancio e produz seus frutos sem o agricultor saber como. A Palavra de Deus \u2013 Sementes do Reino \u2013 por sua vez, quando verdadeiras, cumprem sua miss\u00e3o e o Reino de Deus aparece! Ao semeador \u00e9 suficiente a semeadura e a f\u00e9 no poder de Deus: \u00c9 Ele quem d\u00e1 o crescimento ao seu Reino! N\u00e3o devemos apropriar-nos do Reino de Deus! \u00c9 suficiente semear e crer no poder e plano de Deus.<\/p>\n<p style=\"text-align: justify;\">Uma \u00faltima li\u00e7\u00e3o de Jesus para n\u00f3s, hoje: o seu sonho \u00e9 que todos entrem no seu Reino, naquela casa do Pai, na qual h\u00e1 muitas moradas! \u00c9 por isso que, na primeira leitura, pousar\u00e3o todos os p\u00e1ssaros \u00e0 sombra da ramagem da \u00e1rvore que \u00e9 o Messias, e as aves a\u00ed far\u00e3o ninhos. O mesmo Jesus diz do Reino, comparado ao pequeno gr\u00e3o de mostarda que germina e se torna arvora frondosa. O Senhor nos ama a todos, nos deseja a todos, nos chama a todos! Se lhe dermos ouvidos, se aprendermos o compasso do seu cora\u00e7\u00e3o, experimentaremos a alegria do Reino j\u00e1 nesta vida, com prova\u00e7\u00f5es, e, um dia, haveremos de sabore\u00e1-lo por toda a eternidade! \u2013 Senhor Jesus, d\u00e1-nos, pois, a gra\u00e7a de abrir as portas do nosso cora\u00e7\u00e3o e do cora\u00e7\u00e3o do mundo para o Reino do Pai que anunciaste e inauguraste! Venha o Reino na pot\u00eancia do teu Esp\u00edrito que habita em n\u00f3s e no cora\u00e7\u00e3o da Igreja! E que atrav\u00e9s de n\u00f3s, ele se fa\u00e7a sempre mais presente no mundo.<\/p>\n","protected":false},"excerpt":{"rendered":"<p>Estamos celebrando o d\u00e9cimo primeiro domingo do tempo comum. O Reino de Deus \u00e9 como um ramo de cedro, colhido na copa da \u00e1rvore e brotar com folhas verdejantes e produzir\u00e1 frutos saborosos no tempo oportuno e todas as \u00e1rvores saber\u00e3o que Eu sou o senhor: \u201cEu sou o senhor, digo e fa\u00e7o\u201d. Na constru\u00e7\u00e3o [&hellip;]<\/p>\n","protected":false},"author":5,"featured_media":55819,"comment_status":"open","ping_status":"closed","sticky":false,"template":"","format":"standard","meta":{"footnotes":""},"categories":[9],"tags":[],"class_list":["post-88874","post","type-post","status-publish","format-standard","has-post-thumbnail","hentry","category-artigos"],"_links":{"self":[{"href":"https:\/\/catolicanet.net\/wp-cnet\/wp-json\/wp\/v2\/posts\/88874","targetHints":{"allow":["GET"]}}],"collection":[{"href":"https:\/\/catolicanet.net\/wp-cnet\/wp-json\/wp\/v2\/posts"}],"about":[{"href":"https:\/\/catolicanet.net\/wp-cnet\/wp-json\/wp\/v2\/types\/post"}],"author":[{"embeddable":true,"href":"https:\/\/catolicanet.net\/wp-cnet\/wp-json\/wp\/v2\/users\/5"}],"replies":[{"embeddable":true,"href":"https:\/\/catolicanet.net\/wp-cnet\/wp-json\/wp\/v2\/comments?post=88874"}],"version-history":[{"count":1,"href":"https:\/\/catolicanet.net\/wp-cnet\/wp-json\/wp\/v2\/posts\/88874\/revisions"}],"predecessor-version":[{"id":88876,"href":"https:\/\/catolicanet.net\/wp-cnet\/wp-json\/wp\/v2\/posts\/88874\/revisions\/88876"}],"wp:featuredmedia":[{"embeddable":true,"href":"https:\/\/catolicanet.net\/wp-cnet\/wp-json\/wp\/v2\/media\/55819"}],"wp:attachment":[{"href":"https:\/\/catolicanet.net\/wp-cnet\/wp-json\/wp\/v2\/media?parent=88874"}],"wp:term":[{"taxonomy":"category","embeddable":true,"href":"https:\/\/catolicanet.net\/wp-cnet\/wp-json\/wp\/v2\/categories?post=88874"},{"taxonomy":"post_tag","embeddable":true,"href":"https:\/\/catolicanet.net\/wp-cnet\/wp-json\/wp\/v2\/tags?post=88874"}],"curies":[{"name":"wp","href":"https:\/\/api.w.org\/{rel}","templated":true}]}}