{"id":88852,"date":"2024-06-16T09:19:21","date_gmt":"2024-06-16T12:19:21","guid":{"rendered":"https:\/\/catolicanet.net\/wp-cnet\/?p=88852"},"modified":"2024-06-14T17:20:12","modified_gmt":"2024-06-14T20:20:12","slug":"11-domingo-do-tempo-comum","status":"publish","type":"post","link":"https:\/\/catolicanet.net\/wp-cnet\/11-domingo-do-tempo-comum\/","title":{"rendered":"11\u00b0 Domingo do Tempo Comum"},"content":{"rendered":"<p style=\"text-align: center;\"><em>\u201cComo \u00e9 bom agradecermos, agradecermos ao Senhor\u201d (Sl 91\/92)<\/em><\/p>\n<p style=\"text-align: justify;\">Celebramos neste Domingo o d\u00e9cimo primeiro do tempo comum durante o ano! Estamos num m\u00eas especial para a Igreja por ocasi\u00e3o das festas juninas e dos santos padroeiros que celebramos neste m\u00eas. J\u00e1 celebramos Santo Ant\u00f4nio de P\u00e1dua ou de Lisboa no \u00faltimo dia 13, no pr\u00f3ximo dia 24 celebraremos S\u00e3o Jo\u00e3o Batista e ainda no dia 29 (ou 30) S\u00e3o Pedro e S\u00e3o Paulo. E ainda, sem contar que estamos no m\u00eas dedicado ao Sagrado Cora\u00e7\u00e3o de Jesus, que celebramos no \u00faltimo dia 7.<\/p>\n<p style=\"text-align: justify;\">Ao longo de todo o ano temos diversos motivos para celebrar e nos alegrar, a cada m\u00eas a Igreja nos apresenta uma inten\u00e7\u00e3o especial para rezarmos (neste m\u00eas: pelos que fogem de seu pa\u00eds). Por isso, a import\u00e2ncia de vivenciar a f\u00e9 todos os dias principalmente aos domingos quando somos convidados a participar da Santa Missa junto com a nossa fam\u00edlia, cumprindo dessa forma o preceito dominical.<\/p>\n<p style=\"text-align: justify;\">Nesse m\u00eas de junho, em especial, o Papa Francisco nos convida a rezar por todos os migrantes e refugiados, que buscam em outras terras a paz, sustento para a fam\u00edlia e emprego. Unamo-nos em ora\u00e7\u00e3o junto com o Papa e recebamos com alegria aqueles que vem buscar a paz e um ref\u00fagio aqui em nossa terra. O Papa recorda ainda que quem acolhe um migrante, est\u00e1 acolhendo o pr\u00f3prio Cristo. Temos um belo trabalho da C\u00e1ritas Arquidiocesana que h\u00e1 muito tempo cumpre essa bela e importante miss\u00e3o.<\/p>\n<p style=\"text-align: justify;\">O Evangelho desse domingo nos fala a respeito do Reino de Deus, que n\u00e3o cresce fazendo barulho ou ostensivamente, mas cresce no sil\u00eancio. \u00c9 o mist\u00e9rio da a\u00e7\u00e3o do Esp\u00edrito Santo e dar testemunho de vida para edificar o Reino atrav\u00e9s de nossas a\u00e7\u00f5es. Somos convidados a edificar o Reino de Deus aqui na terra para depois vive-lo de maneira plena no c\u00e9u.<\/p>\n<p style=\"text-align: justify;\">A primeira leitura da missa deste domingo \u00e9 da profecia de Ezequiel <em>(Ez 17, 22-24), <\/em>o que o profeta diz nessa leitura podemos fazer um paralelo com aquilo que Jesus diz no evangelho, e dessa forma comparar ao Reino de Deus. O Reino de Deus \u00e9 aquele que, uma vez que a semente \u00e9 lan\u00e7ada na terra e come\u00e7a a produzir, todos querem comer de seus frutos e se abrigar debaixo de suas folhagens. Podemos fazer uma liga\u00e7\u00e3o aqui com o madeiro da Cruz, que foi \u201cplantado\u201d sobre um alto monte e l\u00e1 elevado: esse alto monte \u00e9 Jerusal\u00e9m e do madeiro da Cruz brota a \u00e1rvore da vida, pois Cristo n\u00e3o fica morto na Cruz, mas ressuscita para nossa justifica\u00e7\u00e3o; e, nessa \u00e1rvore da vida todos os passarinhos querem fazer ninho, e, desse madeiro brota a vida, mais ainda, rios de \u00e1gua viva.<\/p>\n<p style=\"text-align: justify;\">O salmo responsorial \u00e9 o <em>91 (92),<\/em> o refr\u00e3o desse salmo nos diz: <em>Como \u00e9 bom agradecermos, agradecermos ao Senhor! <\/em>Temos que ser sempre gratos ao Senhor, seja pelas coisas boas e por aquelas n\u00e3o t\u00e3o boas assim. Temos que procurar a Igreja, buscar os sacramentos e participar da Missa sempre, e n\u00e3o somente nos momentos de dificuldade. Se formos sempre gratos ao Senhor por tudo que Ele nos concede e sempre busc\u00e1-lo nos sacramentos as coisas vir\u00e3o para n\u00f3s por acr\u00e9scimo e passaremos mais facilmente pelos momentos de dificuldade.<\/p>\n<p style=\"text-align: justify;\">A segunda leitura da missa deste domingo \u00e9 da segunda Carta de S\u00e3o Paulo aos Cor\u00edntios <em>(2Cor 5,6-10): <\/em>Paulo diz a comunidade de Corinto que enquanto estamos aqui peregrinos nesse mundo caminhamos na f\u00e9, mas ainda n\u00e3o temos a vis\u00e3o clara, ou seja, pela f\u00e9 acreditamos que Cristo ressuscitou dos mortos, mas n\u00e3o vimos Cristo ressuscitado, mas somos chamados a acreditar aquilo que nos v\u00eam dos ap\u00f3stolos e da Sagrada Escritura. O Esp\u00edrito Santo que habita em n\u00f3s atesta que Cristo ressuscitou. Do mesmo modo acontece com a Eucaristia, acreditamos pela f\u00e9 que o p\u00e3o e o vinho ali presentes no altar se tornaram o Corpo e Sangue de Cristo.<\/p>\n<p style=\"text-align: justify;\">Compreenderemos de forma clara tudo isso na eternidade, onde estaremos face a face com Cristo e cearemos o banquete eterno. Veremos Cristo tal como Ele \u00e9, e de forma gloriosa, ressuscitado. Portanto, mantenhamos e cultivemos a nossa f\u00e9 aqui, para que depois de maneira clara a vivamos na eternidade.<\/p>\n<p style=\"text-align: justify;\">O Evangelho deste Domingo \u00e9 de Marcos (<em>Mc 4,26-34): <\/em>nesse evangelho Jesus usa de par\u00e1bola para falar do Reino de Deus, o Reino de Deus n\u00e3o cresce ostensivamente ou fazendo barulho, mas cresce e se consolida no sil\u00eancio.<\/p>\n<p style=\"text-align: justify;\">O Reino de Deus vai crescendo \u00e0 medida que lan\u00e7amos \u00e0 terra a semente do Reino e \u00e0 medida que essa semente que lan\u00e7amos produz fruto, ou seja, a partir do momento que anunciamos o Evangelho para o outro a semente \u00e9 lan\u00e7ada, e essa semente produz fruto a partir do momento que aquela pessoa que anunciamos o Evangelho acolhe a Palavra anunciada e aceita ser batizada e fazer parte da Igreja e vive de uma nova maneira.<\/p>\n<p style=\"text-align: justify;\">Somos convidados a edificar o Reino de Deus aqui na terra para viv\u00ea-lo de maneira plena no c\u00e9u. O Reino de Deus \u00e9 justi\u00e7a, paz, perd\u00e3o, amor e miseric\u00f3rdia, ou seja, tudo aquilo que Jesus anunciava. Ele pr\u00f3prio \u00e9 o Reino de Deus, Ele falava de si pr\u00f3prio, pois Ele anunciava tudo isso e vivia aquilo que pregava. Ele entra em Jerusal\u00e9m e sofre a paix\u00e3o e posterior ressurrei\u00e7\u00e3o para consolidar o reino de Deus. Ap\u00f3s a ressurrei\u00e7\u00e3o e ascens\u00e3o ao c\u00e9u, a Igreja mediante a a\u00e7\u00e3o do Esp\u00edrito Santo continua anunciando esse reino de Deus iniciado por Jesus.<\/p>\n<p style=\"text-align: justify;\">Celebremos com alegria esse d\u00e9cimo primeiro domingo do tempo comum durante o ano e sejamos mission\u00e1rios e mission\u00e1rias anunciando o Reino de Deus ao pr\u00f3ximo. A nossa miss\u00e3o de batizados \u00e9 ser sacerdotes, profetas e reis: cumpramos esse prop\u00f3sito de anunciar o Reino e vive-lo aqui na terra para depois no c\u00e9u vive-lo definitivamente.<\/p>\n","protected":false},"excerpt":{"rendered":"<p>\u201cComo \u00e9 bom agradecermos, agradecermos ao Senhor\u201d (Sl 91\/92) Celebramos neste Domingo o d\u00e9cimo primeiro do tempo comum durante o ano! Estamos num m\u00eas especial para a Igreja por ocasi\u00e3o das festas juninas e dos santos padroeiros que celebramos neste m\u00eas. J\u00e1 celebramos Santo Ant\u00f4nio de P\u00e1dua ou de Lisboa no \u00faltimo dia 13, no [&hellip;]<\/p>\n","protected":false},"author":5,"featured_media":55819,"comment_status":"open","ping_status":"closed","sticky":false,"template":"","format":"standard","meta":{"footnotes":""},"categories":[9],"tags":[],"class_list":["post-88852","post","type-post","status-publish","format-standard","has-post-thumbnail","hentry","category-artigos"],"_links":{"self":[{"href":"https:\/\/catolicanet.net\/wp-cnet\/wp-json\/wp\/v2\/posts\/88852","targetHints":{"allow":["GET"]}}],"collection":[{"href":"https:\/\/catolicanet.net\/wp-cnet\/wp-json\/wp\/v2\/posts"}],"about":[{"href":"https:\/\/catolicanet.net\/wp-cnet\/wp-json\/wp\/v2\/types\/post"}],"author":[{"embeddable":true,"href":"https:\/\/catolicanet.net\/wp-cnet\/wp-json\/wp\/v2\/users\/5"}],"replies":[{"embeddable":true,"href":"https:\/\/catolicanet.net\/wp-cnet\/wp-json\/wp\/v2\/comments?post=88852"}],"version-history":[{"count":1,"href":"https:\/\/catolicanet.net\/wp-cnet\/wp-json\/wp\/v2\/posts\/88852\/revisions"}],"predecessor-version":[{"id":88853,"href":"https:\/\/catolicanet.net\/wp-cnet\/wp-json\/wp\/v2\/posts\/88852\/revisions\/88853"}],"wp:featuredmedia":[{"embeddable":true,"href":"https:\/\/catolicanet.net\/wp-cnet\/wp-json\/wp\/v2\/media\/55819"}],"wp:attachment":[{"href":"https:\/\/catolicanet.net\/wp-cnet\/wp-json\/wp\/v2\/media?parent=88852"}],"wp:term":[{"taxonomy":"category","embeddable":true,"href":"https:\/\/catolicanet.net\/wp-cnet\/wp-json\/wp\/v2\/categories?post=88852"},{"taxonomy":"post_tag","embeddable":true,"href":"https:\/\/catolicanet.net\/wp-cnet\/wp-json\/wp\/v2\/tags?post=88852"}],"curies":[{"name":"wp","href":"https:\/\/api.w.org\/{rel}","templated":true}]}}