{"id":88840,"date":"2024-06-14T11:13:02","date_gmt":"2024-06-14T14:13:02","guid":{"rendered":"https:\/\/catolicanet.net\/wp-cnet\/?p=88840"},"modified":"2024-06-14T17:14:12","modified_gmt":"2024-06-14T20:14:12","slug":"beata-nha-chica-2","status":"publish","type":"post","link":"https:\/\/catolicanet.net\/wp-cnet\/beata-nha-chica-2\/","title":{"rendered":"Beata Nha Chica"},"content":{"rendered":"<p style=\"text-align: justify;\">Celebramos neste dia 14 de junho a mem\u00f3ria da Beata Nh\u00e1 Chica. Nascida aqui no Brasil e com uma vida humilde, Nh\u00e1 Chica era temente a Deus e vivia de maneira austera e piedosa. Procurava conversar com todos e apontar o caminho para se chegar at\u00e9 Deus. Muitos a procuravam para conversar e pedir conselho, e ela orientava essas pessoas atrav\u00e9s daquilo que escutava de Nossa Senhora em seus momentos de ora\u00e7\u00e3o.<\/p>\n<p style=\"text-align: justify;\">Seu nome de batismo era Francisca de Paula Jesus e ficou conhecida como Nh\u00e1 Chica, ela nasceu em Santo Ant\u00f4nio do Rio das Mortes, no distrito de S\u00e3o Jo\u00e3o Del Rei (MG). Ela foi batizada em 26 de abril de 1810. Os documentos que existem e que atestam a exist\u00eancia de Nh\u00e1 Chica s\u00e3o o seu atestado de \u00f3bito, um testamento e um invent\u00e1rio do irm\u00e3o da beata. No testamento ela pedia que fossem rezadas missas para o irm\u00e3o e para a m\u00e3e.<\/p>\n<p style=\"text-align: justify;\">Aos oito anos de idade ela mudou-se com sua m\u00e3e Isabel Maria e com seu irm\u00e3o Theot\u00f4nio Pereira do Amaral, quatro anos mais velho, para Baependi, cidade do interior de Minas Gerias.\u00a0 Sua m\u00e3e morreu logo depois de chegarem \u00e0 cidade, quando Nh\u00e1 Chica tinha dez anos. Com isso, ela e o irm\u00e3o Theot\u00f4nio passaram a viver sozinhos. Ela nunca se casou e passou a viver reclusa em sua casinha, se dedicando \u00e0 ora\u00e7\u00e3o e a dar conselhos a quem lhe procurava. Nh\u00e1 Chica ficou muito conhecida e a fama de santidade foi se espalhando devido aos conselhos que ela dava.<\/p>\n<p style=\"text-align: justify;\">Nh\u00e1 Chica em nenhum momento se \u201cgabava\u201d de dar esses conselhos, mas continuava vivendo na humildade, e ainda afirmava que Nossa Senhora lhe indicava o que deveria dizer. Ela chamava Nossa Senhora com o apelido carinhoso de \u201cMinha Sinh\u00e1\u201d, que significa, minha senhora.<\/p>\n<p style=\"text-align: justify;\">Desde muito cedo, Nh\u00e1 Chica se viu \u201cobrigada\u201d a morar sozinha, somente com seu irm\u00e3o, devido \u00e0 morte de sua m\u00e3e. Ela e seu irm\u00e3o cresceram sob os cuidados e prote\u00e7\u00e3o de Nossa Senhora, que pouco a pouco foi conquistando o cora\u00e7\u00e3o de Nh\u00e1 Chica e conforme ela dizia Nossa Senhora se torna sua amiga.<\/p>\n<p style=\"text-align: justify;\">Conhecida por todos como Nh\u00e1 Chica, ela recebia todos em casa para aconselhamento, n\u00e3o discriminava ningu\u00e9m, atendia dos mais pobres aos mais ricos. Segundo os relatos que se tem, Nh\u00e1 Chica atendia os conselheiros do Imp\u00e9rio, que vinham para a regi\u00e3o por causa das \u00c1guas de Caxambu (MG) e n\u00e3o deixavam de passar por Baependi, com o intuito de visitar a Beata e ouvir seus conselhos. Com o seu jeito humilde e ar de santidade ela dava bons conselhos a que lhe procurava e todos gostavam de ouvi-la.<\/p>\n<p style=\"text-align: justify;\">Theot\u00f4nio irm\u00e3o de Nh\u00e1 Chica, casou-se, mas n\u00e3o deixou herdeiros, quando ele morreu em 1861, deixou toda a sua fortuna para Nh\u00e1 Chica. Em 1865, Nh\u00e1 Chica usou o dinheiro que recebeu do irm\u00e3o para construir uma Capela no terreno herdado ao lado de sua casa para Nossa Senhora da Concei\u00e7\u00e3o, da qual ela era devota fervorosa. O restante ela doou aos pobres.<\/p>\n<p style=\"text-align: justify;\">Nh\u00e1 Chica atendia a todos sem discrimina\u00e7\u00e3o e n\u00e3o cobrava nada de ningu\u00e9m, o atendimento era totalmente gratuito e com a inten\u00e7\u00e3o de ajudar quem lhe procurava. Ela rezava por quem lhe procurava, dava conselhos e transmitia uma palavra de conforto e esperan\u00e7a. Muitos n\u00e3o tomavam qualquer decis\u00e3o sem antes consult\u00e1-la.<\/p>\n<p style=\"text-align: justify;\">O \u00fanico dia que n\u00e3o atendia ningu\u00e9m era \u00e0s sextas-feiras, o dia em que lavava as pr\u00f3prias roupas e se dedicava \u00e0 ora\u00e7\u00e3o e \u00e0 penit\u00eancia. Fazia isso porque, em primeiro lugar, precisava se \u201calimentar espiritualmente\u201d para poder atender os outros, e em segundo lugar \u00e9 que nas sextas-feiras se recordava a paix\u00e3o e morte de Jesus em vista da salva\u00e7\u00e3o de todos n\u00f3s.<\/p>\n<p style=\"text-align: justify;\">Nh\u00e1 Chica morre em 14 de junho de 1895, com cerca de oitenta e cinco anos piedosamente. De seu corpo exalava um perfume de rosas. Morreu com fama de santidade! Um ano antes da morte de Nh\u00e1 Chica, em 1894, um m\u00e9dico carioca, considerado c\u00e9tico, era estudioso de hidrologia e chamava-se Dr. Henrique Mona, passava por Caxambu para estudar as \u00e1guas da cidade e ouviu falar de Nh\u00e1 Chica. Mesmo sendo c\u00e9tico, ou seja, n\u00e3o tinha religi\u00e3o, de tanto ouvir falar em Nh\u00e1 Chica, resolveu ir falar com ela e registrou toda a conversa em seu livro \u201cCaxambu\u201d. Este \u00e9 um dos principais registros que se tem da beata.<\/p>\n<p style=\"text-align: justify;\">O m\u00e9dico saiu da entrevista falando da santidade de Nh\u00e1 Chica, contratou tamb\u00e9m um fot\u00f3grafo e tirou a \u00fanica foto que se tem de Nh\u00e1 Chica. Ap\u00f3s um ano, ela morreria. No Dia da Aboli\u00e7\u00e3o da Escravatura, em 1888, mesmo vivendo reclusa, ela saiu de casa e foi comemorar junto com todo o povo da cidade. N\u00e3o aceitava nada em troca de seus conselhos, n\u00e3o queria presentes e nem mimos, ela dizia que tudo acontecia na vida da pessoa, porque ela rezava com f\u00e9.<\/p>\n<p style=\"text-align: justify;\">A Capela que Nh\u00e1 Chica tinha mandado construir em honra Nossa Senhora da Concei\u00e7\u00e3o, foi demolida em 1940. Um santu\u00e1rio foi erguido no mesmo local, onde est\u00e3o tamb\u00e9m os restos mortais da beata. Em 1954, a Igreja de Nh\u00e1 Chica, hoje Santu\u00e1rio Nossa Senhora da Concei\u00e7\u00e3o, foi confiada pelo segundo bispo da Campanha, Dom Frei Inoc\u00eancio Engelke, OFM; \u00e0s Irm\u00e3s Franciscanas do Senhor. Ao lado da Igreja existe uma obra de assist\u00eancia social para crian\u00e7as e adolescentes necessitadas que \u00e9 mantida por benfeitores e devotos de Nh\u00e1 Chica.<\/p>\n<p style=\"text-align: justify;\">Em 1989, por desejo do saudoso Dom Alo\u00edsio Roque Oppermann, SCJ \u2013 5\u00ba. Bispo da Campanha, formou-se uma comiss\u00e3o em prol da beatifica\u00e7\u00e3o de Nh\u00e1 Chica e foi conclu\u00edda em 2012, no governo de Dom Frei Diamantino Prata de Carvalho, OFM \u2013 6\u00ba. Bispo da Campanha \u2013 com a assinatura do decreto pelo Papa Bento XVI reconhecendo as suas virtudes heroicas. Incont\u00e1veis gra\u00e7as s\u00e3o atribu\u00eddas \u00e0 leiga, considerada M\u00e3e dos pobres, de Baependi. Foi beatificada no dia 4 de maio de 2013, em Baependi, numa cerim\u00f4nia presidida pelo Cardeal \u00c2ngelo Amato, enviado pelo Papa Francisco.<\/p>\n<p style=\"text-align: justify;\">Com isso, sempre no dia 14 de junho celebra-se a mem\u00f3ria da beata Nh\u00e1 Chica. Que ela interceda por cada um de n\u00f3s, escute os nossos conselhos e fa\u00e7a com que amemos uns aos outros sem distin\u00e7\u00e3o de ra\u00e7a, cor ou condi\u00e7\u00e3o social. Continuemos em ora\u00e7\u00e3o para que em breve ela possa ser canonizada.<\/p>\n<p style=\"text-align: justify;\">Uno-me ao Bispo da Campanha, Dom Pedro Cunha Cruz, e a todo o amado povo daquela Circunscri\u00e7\u00e3o Eclesi\u00e1stica, nesta mem\u00f3ria, suplicando que a Beata Nh\u00e1 Chica nos inspire como inspirou o Papa Francisco: \u201cOntem no Brasil foi proclamada Beata Francisca de Paula de Jesus, conhecida como \u2018Nh\u00e1 Chica\u2019. A sua vida simples foi toda dedicada a Deus e \u00e0 caridade, tanto que era chamada a \u201cm\u00e3e dos pobres\u201d. Uno-me \u00e0 alegria da Igreja no Brasil por esta luminosa disc\u00edpula do Senhor\u201d.<\/p>\n<p style=\"text-align: justify;\">Que a Beata Nh\u00e1 Chica nos anime a vivermos com eloqu\u00eancia a caridade crist\u00e3 e a devo\u00e7\u00e3o mariana. Nossa Senhora da Concei\u00e7\u00e3o nos ajude neste bom prop\u00f3sito. Como dizia e rezava a Beata Nh\u00e1 Chica: \u201cEsta \u00e9 a ocasi\u00e3o, valei-me Senhora da Concei\u00e7\u00e3o!\u201d.<\/p>\n","protected":false},"excerpt":{"rendered":"<p>Celebramos neste dia 14 de junho a mem\u00f3ria da Beata Nh\u00e1 Chica. Nascida aqui no Brasil e com uma vida humilde, Nh\u00e1 Chica era temente a Deus e vivia de maneira austera e piedosa. Procurava conversar com todos e apontar o caminho para se chegar at\u00e9 Deus. Muitos a procuravam para conversar e pedir conselho, [&hellip;]<\/p>\n","protected":false},"author":5,"featured_media":55819,"comment_status":"open","ping_status":"closed","sticky":false,"template":"","format":"standard","meta":{"footnotes":""},"categories":[9],"tags":[],"class_list":["post-88840","post","type-post","status-publish","format-standard","has-post-thumbnail","hentry","category-artigos"],"_links":{"self":[{"href":"https:\/\/catolicanet.net\/wp-cnet\/wp-json\/wp\/v2\/posts\/88840","targetHints":{"allow":["GET"]}}],"collection":[{"href":"https:\/\/catolicanet.net\/wp-cnet\/wp-json\/wp\/v2\/posts"}],"about":[{"href":"https:\/\/catolicanet.net\/wp-cnet\/wp-json\/wp\/v2\/types\/post"}],"author":[{"embeddable":true,"href":"https:\/\/catolicanet.net\/wp-cnet\/wp-json\/wp\/v2\/users\/5"}],"replies":[{"embeddable":true,"href":"https:\/\/catolicanet.net\/wp-cnet\/wp-json\/wp\/v2\/comments?post=88840"}],"version-history":[{"count":1,"href":"https:\/\/catolicanet.net\/wp-cnet\/wp-json\/wp\/v2\/posts\/88840\/revisions"}],"predecessor-version":[{"id":88842,"href":"https:\/\/catolicanet.net\/wp-cnet\/wp-json\/wp\/v2\/posts\/88840\/revisions\/88842"}],"wp:featuredmedia":[{"embeddable":true,"href":"https:\/\/catolicanet.net\/wp-cnet\/wp-json\/wp\/v2\/media\/55819"}],"wp:attachment":[{"href":"https:\/\/catolicanet.net\/wp-cnet\/wp-json\/wp\/v2\/media?parent=88840"}],"wp:term":[{"taxonomy":"category","embeddable":true,"href":"https:\/\/catolicanet.net\/wp-cnet\/wp-json\/wp\/v2\/categories?post=88840"},{"taxonomy":"post_tag","embeddable":true,"href":"https:\/\/catolicanet.net\/wp-cnet\/wp-json\/wp\/v2\/tags?post=88840"}],"curies":[{"name":"wp","href":"https:\/\/api.w.org\/{rel}","templated":true}]}}