{"id":88820,"date":"2024-06-14T09:30:34","date_gmt":"2024-06-14T12:30:34","guid":{"rendered":"https:\/\/catolicanet.net\/wp-cnet\/?p=88820"},"modified":"2024-06-14T16:31:43","modified_gmt":"2024-06-14T19:31:43","slug":"inteligencia-artificial-e-fator-humano","status":"publish","type":"post","link":"https:\/\/catolicanet.net\/wp-cnet\/inteligencia-artificial-e-fator-humano\/","title":{"rendered":"Intelig\u00eancia artificial e fator humano"},"content":{"rendered":"<p style=\"text-align: justify;\">Papa participa da Sess\u00e3o VI \u2013 Intelig\u00eancia Artificial, Energia, \u00c1frica-Mediterr\u00e2neo &#8211; com l\u00edderes do G7 e Chefes de Estado em Brindisi, It\u00e1lia, 14 de junho de 2024 ANSA \/ GIUSEPPE LAMI\u00a0 (ANSA)<\/p>\n<div class=\"article__subTitle\" style=\"text-align: justify;\">Em 1983, um homem salvou o mundo de uma guerra nuclear que poderia ter sido desencadeada pelo erro de uma m\u00e1quina.<\/div>\n<div class=\"title__separator\" style=\"text-align: justify;\"><\/div>\n<div class=\"article__text\">\n<p style=\"text-align: justify;\"><b>Andrea Tornielli<\/b><\/p>\n<p style=\"text-align: justify;\">Os sistemas de armas aut\u00f4nomos nunca poder\u00e3o ser sujeitos moralmente respons\u00e1veis: a exclusiva capacidade humana de julgamento moral e de decis\u00e3o \u00e9tica \u00e9 mais do que um conjunto complexo de algoritmos, e tal capacidade n\u00e3o pode ser reduzida \u00e0 programa\u00e7\u00e3o de uma m\u00e1quina que, por mais \u00abinteligente\u00bb que seja, permanece sempre uma m\u00e1quina. Por esta raz\u00e3o, \u00e9 imperioso garantir uma supervis\u00e3o humana adequada, significativa e coerente dos sistemas de armas&#8221;. O Papa Francisco escreveu isso na\u00a0<a href=\"https:\/\/www.vatican.va\/content\/francesco\/pt\/messages\/peace\/documents\/20231208-messaggio-57giornatamondiale-pace2024.html\" target=\"_blank\" rel=\"external noopener\">Mensagem para o Dia Mundial da Paz de 2024<\/a>.<\/p>\n<p style=\"text-align: justify;\">H\u00e1 um epis\u00f3dio, ocorrido h\u00e1 quarenta anos, que deveria se tornar um paradigma sempre que se fala de intelig\u00eancia artificial aplicada \u00e0 guerra, \u00e0s armas, aos instrumentos de morte. E \u00e9 a hist\u00f3ria do oficial sovi\u00e9tico cuja decis\u00e3o, contrariando o protocolo, salvou o mundo de um conflito nuclear que teria tido consequ\u00eancias catastr\u00f3ficas. Aquele homem se chamava Stanislav Evgrafovich Petrov, era um tenente-coronel do ex\u00e9rcito russo e, em 26 de setembro de 1983, prestava servi\u00e7o noturno no bunker &#8220;Serpukhov 15&#8221;, monitorando a atividade de m\u00edsseis dos EUA. A Guerra Fria estava em um ponto de inflex\u00e3o crucial, o presidente americano Ronald Reagan estava investindo grandes somas nos armamentos e acabara de definiar a URSS de &#8220;imp\u00e9rio do mal&#8221;, a OTAN estava envolvida nos exerc\u00edcios militares que recriavam cen\u00e1rios de guerra nuclear. No Kremlin, Jurij Andropov havia falado recentemente de uma &#8220;escalada sem precedentes&#8221; da crise e, em 1\u00ba de setembro, os sovi\u00e9ticos haviam derrubado um avi\u00e3o da Korean Air Lines sobre a pen\u00ednsula de Kamchatka, matando 269 pessoas.<\/p>\n<p style=\"text-align: justify;\">Naquela noite de 26 de setembro, Petrov viu que o elaborador Krokus, o c\u00e9rebro considerado infal\u00edvel em monitorar a atividade inimiga, havia relatado de uma base em Montana, a partida de um m\u00edssil em dire\u00e7\u00e3o \u00e0 Uni\u00e3o Sovi\u00e9tica. O protocolo exigia que o oficial alertasse imediatamente os superiores, que dariam o sinal verde para uma resposta lan\u00e7ando m\u00edsseis em dire\u00e7\u00e3o aos Estados Unidos. Mas Petrov esperou, tamb\u00e9m porque, segundo lhe disseram, qualquer ataque teria sido maci\u00e7o. Portanto, ele considerou aquele m\u00edssil solit\u00e1rio um alarme falso. E fez o mesmo com os quatro seguintes que apareceram nos seus monitores pouco tempo depois, perguntando-se por que n\u00e3o havia confirma\u00e7\u00e3o do radar terrestre. Ele sabia muito bem que os m\u00edsseis intercontinentais levavam menos de meia hora para chegar ao destino, mas decidiu n\u00e3o dar o alarme, deixando os outros militares presentes petrificados.<\/p>\n<p style=\"text-align: justify;\">Na verdade, o c\u00e9rebro eletr\u00f4nico estava errado; n\u00e3o houve nenhum ataque de m\u00edssil. Krokus havia sido enganado por um fen\u00f4meno de refra\u00e7\u00e3o da luz solar em contato com nuvens em alta altitude. Em suma, a intelig\u00eancia humana havia visto al\u00e9m da m\u00e1quina. A decis\u00e3o providencial de n\u00e3o decidir foi tomada por um homem cujo julgamento foi capaz de enxergar al\u00e9m dos dados e protocolos.<\/p>\n<p style=\"text-align: justify;\">A cat\u00e1strofe nuclear foi evitada, embora ningu\u00e9m soubesse disso na \u00e9poca at\u00e9 o in\u00edcio da d\u00e9cada de 1990. Petrov, que faleceu em setembro de 2017, disse o seguinte sobre aquela noite no bunker &#8220;Serpukhov 15&#8221;: &#8220;o que eu fiz? Nada de especial, apenas meu trabalho. Eu era o homem certo no lugar certo e na hora certa&#8221;. Ele foi o homem capaz de avaliar o poss\u00edvel erro da m\u00e1quina considerada infal\u00edvel, o homem capaz &#8211; voltando \u00e0s palavras do Papa &#8211; &#8220;de fazer julgamentos morais e tomar decis\u00f5es \u00e9ticas&#8221;, porque uma m\u00e1quina, por mais &#8220;inteligente&#8221; que seja, continua sendo uma m\u00e1quina.<\/p>\n<p style=\"text-align: justify;\">A guerra, repete Francisco, \u00e9 uma loucura, uma derrota da humanidade. A guerra \u00e9 uma grave viola\u00e7\u00e3o da dignidade humana. Fazer a guerra escondendo-se atr\u00e1s de algoritmos, confiando na intelig\u00eancia artificial para determinar os alvos e como atingi-los e, assim, limpar a consci\u00eancia porque, no final, a m\u00e1quina escolheu, \u00e9 ainda mais grave. N\u00e3o vamos nos esquecer de Stanislav Evgrafovich Petrov.<\/p>\n<\/div>\n","protected":false},"excerpt":{"rendered":"<p>Papa participa da Sess\u00e3o VI \u2013 Intelig\u00eancia Artificial, Energia, \u00c1frica-Mediterr\u00e2neo &#8211; com l\u00edderes do G7 e Chefes de Estado em Brindisi, It\u00e1lia, 14 de junho de 2024 ANSA \/ GIUSEPPE LAMI\u00a0 (ANSA) Em 1983, um homem salvou o mundo de uma guerra nuclear que poderia ter sido desencadeada pelo erro de uma m\u00e1quina. Andrea Tornielli [&hellip;]<\/p>\n","protected":false},"author":1,"featured_media":88821,"comment_status":"open","ping_status":"closed","sticky":false,"template":"","format":"standard","meta":{"footnotes":""},"categories":[3],"tags":[],"class_list":["post-88820","post","type-post","status-publish","format-standard","has-post-thumbnail","hentry","category-vaticano"],"_links":{"self":[{"href":"https:\/\/catolicanet.net\/wp-cnet\/wp-json\/wp\/v2\/posts\/88820","targetHints":{"allow":["GET"]}}],"collection":[{"href":"https:\/\/catolicanet.net\/wp-cnet\/wp-json\/wp\/v2\/posts"}],"about":[{"href":"https:\/\/catolicanet.net\/wp-cnet\/wp-json\/wp\/v2\/types\/post"}],"author":[{"embeddable":true,"href":"https:\/\/catolicanet.net\/wp-cnet\/wp-json\/wp\/v2\/users\/1"}],"replies":[{"embeddable":true,"href":"https:\/\/catolicanet.net\/wp-cnet\/wp-json\/wp\/v2\/comments?post=88820"}],"version-history":[{"count":1,"href":"https:\/\/catolicanet.net\/wp-cnet\/wp-json\/wp\/v2\/posts\/88820\/revisions"}],"predecessor-version":[{"id":88823,"href":"https:\/\/catolicanet.net\/wp-cnet\/wp-json\/wp\/v2\/posts\/88820\/revisions\/88823"}],"wp:featuredmedia":[{"embeddable":true,"href":"https:\/\/catolicanet.net\/wp-cnet\/wp-json\/wp\/v2\/media\/88821"}],"wp:attachment":[{"href":"https:\/\/catolicanet.net\/wp-cnet\/wp-json\/wp\/v2\/media?parent=88820"}],"wp:term":[{"taxonomy":"category","embeddable":true,"href":"https:\/\/catolicanet.net\/wp-cnet\/wp-json\/wp\/v2\/categories?post=88820"},{"taxonomy":"post_tag","embeddable":true,"href":"https:\/\/catolicanet.net\/wp-cnet\/wp-json\/wp\/v2\/tags?post=88820"}],"curies":[{"name":"wp","href":"https:\/\/api.w.org\/{rel}","templated":true}]}}