{"id":88801,"date":"2024-06-11T10:19:37","date_gmt":"2024-06-11T13:19:37","guid":{"rendered":"https:\/\/catolicanet.net\/wp-cnet\/?p=88801"},"modified":"2024-06-11T17:20:45","modified_gmt":"2024-06-11T20:20:45","slug":"como-deus-promete-nos-dar-tudo-o-que-e-essencial-na-vida","status":"publish","type":"post","link":"https:\/\/catolicanet.net\/wp-cnet\/como-deus-promete-nos-dar-tudo-o-que-e-essencial-na-vida\/","title":{"rendered":"Como Deus promete nos dar tudo o que \u00e9 essencial na vida"},"content":{"rendered":"<div style=\"text-align: justify;\"><span class=\"SubHeading_subheading__NJ_eJ\" aria-label=\"postar legenda\"><span>Embora Deus tenha prometido satisfazer as nossas necessidades espirituais e materiais, isso n\u00e3o significa que sejamos espectadores ociosos.<\/span><\/span><\/div>\n<div style=\"text-align: justify;\">\n<div>\n<p><span>Deus \u00e9 generoso, gentil e misericordioso e sempre procura prover para seus filhos.<\/span><\/p>\n<\/div>\n<\/div>\n<div style=\"text-align: justify;\">\n<div>\n<p><span>Jesus falou muitas vezes da bondade do seu Pai celestial e de como ele satisfaz todas as nossas necessidades essenciais:<\/span><\/p>\n<\/div>\n<\/div>\n<div style=\"text-align: justify;\">\n<blockquote class=\"Quote_container__XMwM_\">\n<div>\n<p><span>\u201cPor isso eu te digo: N\u00e3o te preocupes com a tua vida, com o que vais comer ou com o que vais beber, nem com o teu corpo, com o que vais vestir. N\u00e3o \u00e9 a vida mais do que a comida, e o corpo mais do que a roupa? para as aves do c\u00e9u: elas n\u00e3o semeiam, nem colhem, nem ajuntam em celeiros, e ainda assim seu Pai celestial as alimenta?<\/span><\/p>\n<\/div>\n<div><cite><a title=\"\" href=\"https:\/\/www.vatican.va\/archive\/ESL0506\/__PUG.HTM\"><span>Mt 6, 25-26<\/span><\/a><\/cite><\/div>\n<\/blockquote>\n<\/div>\n<div style=\"text-align: justify;\">\n<h2 class=\"Heading_heading__PlVsb\"><span>P\u00e3o de cada dia<\/span><\/h2>\n<\/div>\n<div style=\"text-align: justify;\">\n<div>\n<p><span>Ao mesmo tempo, Deus n\u00e3o nos alimenta apenas como um g\u00eanio, estalando o dedo e fazendo aparecer p\u00e3o no nosso prato.<\/span><\/p>\n<\/div>\n<\/div>\n<div style=\"text-align: justify;\">\n<div>\n<p><span>Ele nos convidou a cooperar no atendimento \u00e0s nossas necessidades e n\u00e3o quer que fiquemos ociosos.<\/span><\/p>\n<\/div>\n<\/div>\n<div style=\"text-align: justify;\">\n<div>\n<p><span>O Catecismo da Igreja Cat\u00f3lica comenta esta realidade na sua sec\u00e7\u00e3o sobre o Pai Nosso:<\/span><\/p>\n<\/div>\n<\/div>\n<div style=\"text-align: justify;\">\n<blockquote class=\"Quote_container__XMwM_\">\n<div>\n<p><span>\u201cP\u00e3o nosso O Pai que nos d\u00e1 a vida n\u00e3o pode deixar de nos dar o alimento que a vida exige: todos os bens e b\u00ean\u00e7\u00e3os adequadas, tanto materiais como espirituais. No Serm\u00e3o da Montanha, Jesus insiste na confian\u00e7a filial que coopera com a provid\u00eancia de o nosso Pai n\u00e3o nos convida \u00e0 ociosidade, mas quer libertar-nos das preocupa\u00e7\u00f5es. Tal \u00e9 a dedica\u00e7\u00e3o filial dos filhos de Deus.<\/span><\/p>\n<\/div>\n<div><cite><a title=\"\" href=\"https:\/\/www.vatican.va\/archive\/catechism_sp\/p4s2a3_sp.html#IV%20Danos%20hoy%20nuestro%20pan%20de%20cada%20d%C3%ADa\" target=\"_blank\" rel=\"noopener\"><span>CEC 2830<\/span><\/a><\/cite><\/div>\n<\/blockquote>\n<\/div>\n<div style=\"text-align: justify;\">\n<div>\n<p><span>S\u00e3o Paulo, em particular, expandiu esta realidade espiritual nas suas cartas aos Tessalonicenses:<\/span><\/p>\n<\/div>\n<\/div>\n<div style=\"text-align: justify;\">\n<blockquote class=\"Quote_container__XMwM_\">\n<div>\n<p><span>Ordenamos a voc\u00eas, irm\u00e3os, em nome de nosso Senhor Jesus Cristo, que se separem de todo irm\u00e3o que vive na ociosidade e n\u00e3o conforme a tradi\u00e7\u00e3o que voc\u00eas receberam de n\u00f3s. Porque voc\u00eas mesmos sabem como devem nos imitar; N\u00e3o est\u00e1vamos ociosos quando est\u00e1vamos com voc\u00eas, n\u00e3o com\u00edamos o p\u00e3o de ningu\u00e9m sem pagar, mas com cansa\u00e7o e trabalho trabalh\u00e1vamos noite e dia, para n\u00e3o sermos um fardo para nenhum de voc\u00eas. N\u00e3o foi porque n\u00e3o tiv\u00e9ssemos esse direito, mas para dar-lhes um exemplo para imitarem na nossa conduta. Pois bem, mesmo quando est\u00e1vamos com voc\u00eas, demos-lhe esta ordem: quem n\u00e3o quer trabalhar n\u00e3o deve comer.<\/span><\/p>\n<\/div>\n<div><cite><a title=\"\" href=\"https:\/\/www.vatican.va\/archive\/ESL0506\/__PZK.HTM\" target=\"_blank\" rel=\"noopener\"><span>2Ts 3, 6-10<\/span><\/a><\/cite><\/div>\n<\/blockquote>\n<\/div>\n<div>\n<div>\n<p style=\"text-align: justify;\">\n<span>A principal li\u00e7\u00e3o de tudo isto \u00e9 que devemos colocar a nossa confian\u00e7a em Deus. Devemos trabalhar diligentemente pelo p\u00e3o nosso de cada dia, mas ao mesmo tempo n\u00e3o ficar ansiosos, sabendo que o nosso Deus \u00e9 generoso e quer o melhor para n\u00f3s.<\/span><\/p>\n<\/div>\n<\/div>\n","protected":false},"excerpt":{"rendered":"<p>Embora Deus tenha prometido satisfazer as nossas necessidades espirituais e materiais, isso n\u00e3o significa que sejamos espectadores ociosos. Deus \u00e9 generoso, gentil e misericordioso e sempre procura prover para seus filhos. Jesus falou muitas vezes da bondade do seu Pai celestial e de como ele satisfaz todas as nossas necessidades essenciais: \u201cPor isso eu te [&hellip;]<\/p>\n","protected":false},"author":1,"featured_media":88802,"comment_status":"open","ping_status":"closed","sticky":false,"template":"","format":"standard","meta":{"footnotes":""},"categories":[4],"tags":[],"class_list":["post-88801","post","type-post","status-publish","format-standard","has-post-thumbnail","hentry","category-cotidiano"],"_links":{"self":[{"href":"https:\/\/catolicanet.net\/wp-cnet\/wp-json\/wp\/v2\/posts\/88801","targetHints":{"allow":["GET"]}}],"collection":[{"href":"https:\/\/catolicanet.net\/wp-cnet\/wp-json\/wp\/v2\/posts"}],"about":[{"href":"https:\/\/catolicanet.net\/wp-cnet\/wp-json\/wp\/v2\/types\/post"}],"author":[{"embeddable":true,"href":"https:\/\/catolicanet.net\/wp-cnet\/wp-json\/wp\/v2\/users\/1"}],"replies":[{"embeddable":true,"href":"https:\/\/catolicanet.net\/wp-cnet\/wp-json\/wp\/v2\/comments?post=88801"}],"version-history":[{"count":1,"href":"https:\/\/catolicanet.net\/wp-cnet\/wp-json\/wp\/v2\/posts\/88801\/revisions"}],"predecessor-version":[{"id":88804,"href":"https:\/\/catolicanet.net\/wp-cnet\/wp-json\/wp\/v2\/posts\/88801\/revisions\/88804"}],"wp:featuredmedia":[{"embeddable":true,"href":"https:\/\/catolicanet.net\/wp-cnet\/wp-json\/wp\/v2\/media\/88802"}],"wp:attachment":[{"href":"https:\/\/catolicanet.net\/wp-cnet\/wp-json\/wp\/v2\/media?parent=88801"}],"wp:term":[{"taxonomy":"category","embeddable":true,"href":"https:\/\/catolicanet.net\/wp-cnet\/wp-json\/wp\/v2\/categories?post=88801"},{"taxonomy":"post_tag","embeddable":true,"href":"https:\/\/catolicanet.net\/wp-cnet\/wp-json\/wp\/v2\/tags?post=88801"}],"curies":[{"name":"wp","href":"https:\/\/api.w.org\/{rel}","templated":true}]}}