{"id":88797,"date":"2024-06-11T10:17:32","date_gmt":"2024-06-11T13:17:32","guid":{"rendered":"https:\/\/catolicanet.net\/wp-cnet\/?p=88797"},"modified":"2024-06-11T17:19:12","modified_gmt":"2024-06-11T20:19:12","slug":"voce-sabia-que-jesus-orou-pela-nossa-santificacao","status":"publish","type":"post","link":"https:\/\/catolicanet.net\/wp-cnet\/voce-sabia-que-jesus-orou-pela-nossa-santificacao\/","title":{"rendered":"Voc\u00ea sabia que Jesus orou pela nossa santifica\u00e7\u00e3o?"},"content":{"rendered":"<div id=\"free-content\" class=\"main-article-content\">\n<div style=\"text-align: justify;\"><span class=\"SubHeading_subheading__NJ_eJ\" aria-label=\"postar legenda\"><span>Jesus, o Senhor deu a vida por toda a humanidade e disse claramente que h\u00e1 muitos quartos no c\u00e9u para n\u00f3s, por isso rezou pela nossa santifica\u00e7\u00e3o.<\/span><\/span><\/div>\n<div style=\"text-align: justify;\">\n<div>\n<p><span>Jesus tornou-se um homem como qualquer um de n\u00f3s, seres humanos que habitamos o mundo, cumprindo a vontade do seu Pai que nos ama tanto que n\u00e3o hesitou em enviar o seu pr\u00f3prio Filho, que tamb\u00e9m nos ama e rezou pela nossa santifica\u00e7\u00e3o.<\/span><\/p>\n<\/div>\n<\/div>\n<\/div>\n<div id=\"paid-content\" class=\"main-article-content\">\n<div style=\"text-align: justify;\">\n<div>\n<p><span>Vemos isso claramente no Evangelho: sempre que algu\u00e9m se aproximava de Jesus para pedir um milagre ou expressar uma preocupa\u00e7\u00e3o, encontrava um Deus que abria os bra\u00e7os para consol\u00e1-lo. Nunca houve rejei\u00e7\u00e3o porque Cristo veio para todos. E, conhecendo a fragilidade humana, rezou ao Pai por cada um.<\/span><\/p>\n<\/div>\n<\/div>\n<div style=\"text-align: justify;\">\n<h2 class=\"Heading_heading__PlVsb\"><span>Jesus orou por n\u00f3s<\/span><\/h2>\n<\/div>\n<div style=\"text-align: justify;\">\n<div>\n<p><span>O Evangelho de S\u00e3o Jo\u00e3o narra um momento profundo de ora\u00e7\u00e3o entre Pai e Filho, onde Jesus revela que chegou a hora de ser glorificado, pois fez a vontade de Deus. E no meio deste di\u00e1logo, o Senhor ora:<\/span><\/p>\n<\/div>\n<\/div>\n<div style=\"text-align: justify;\">\n<blockquote class=\"Quote_container__XMwM_\">\n<div>\n<p><span>\u00abRezo por eles: n\u00e3o rogo pelo mundo, mas por aqueles que me deste, porque s\u00e3o teus\u00bb (\u00a0<\/span><a title=\"\" href=\"https:\/\/www.vatican.va\/archive\/ESL0506\/__PWN.HTM\" target=\"_blank\" rel=\"noopener\"><span>Jo 17,9<\/span><\/a><span>\u00a0).<\/span><\/p>\n<\/div>\n<div><\/div>\n<\/blockquote>\n<\/div>\n<div style=\"text-align: justify;\">\n<div>\n<p><span>Al\u00e9m disso, Ele nos confiou aos cuidados do Pai porque Ele n\u00e3o estaria mais no mundo:<\/span><\/p>\n<\/div>\n<\/div>\n<div style=\"text-align: justify;\">\n<blockquote class=\"Quote_container__XMwM_\">\n<div>\n<p><span>&#8220;Eu j\u00e1 n\u00e3o estou no mundo, mas eles est\u00e3o nele; e eu volto para ti. Santo Padre, cuida daqueles que me deste em teu nome, para que sejam um, como n\u00f3s&#8221; (\u00a0<\/span><a title=\"\" href=\"https:\/\/www.vatican.va\/archive\/ESL0506\/__PWN.HTM\" target=\"_blank\" rel=\"noopener\"><span>Jo 17: 11<\/span><\/a><span>\u00a0).<\/span><\/p>\n<\/div>\n<div><\/div>\n<\/blockquote>\n<\/div>\n<div style=\"text-align: justify;\">\n<div>\n<p><span>Al\u00e9m disso, ele foi muito espec\u00edfico:<\/span><\/p>\n<\/div>\n<\/div>\n<div style=\"text-align: justify;\">\n<blockquote class=\"Quote_container__XMwM_\">\n<div>\n<p><span>\u00abN\u00e3o vos pe\u00e7o que os tireis do mundo, mas que os preserveis do Maligno\u00bb (\u00a0<\/span><a title=\"\" href=\"https:\/\/www.vatican.va\/archive\/ESL0506\/__PWN.HTM\" target=\"_blank\" rel=\"noopener\"><span>Jo 17, 15<\/span><\/a><span>\u00a0).<\/span><\/p>\n<\/div>\n<div><\/div>\n<\/blockquote>\n<\/div>\n<div style=\"text-align: justify;\">\n<h2 class=\"Heading_heading__PlVsb\"><span>Nossa santifica\u00e7\u00e3o \u00e9 retornar a Deus<\/span><\/h2>\n<\/div>\n<div style=\"text-align: justify;\">\n<div>\n<p><span>Cristo n\u00e3o quis nos impedir de viver no mundo, disse bem que vivemos no mundo sem ser deste mundo, porque quem conhece a Deus n\u00e3o pode mais pertencer \u00e0s coisas passageiras, que podem nos perder.<\/span><\/p>\n<\/div>\n<\/div>\n<div style=\"text-align: justify;\">\n<div>\n<p><span>O Senhor quis que entend\u00eassemos a profundidade do seu amor e a dedica\u00e7\u00e3o total que ele deu de sua vida para a nossa salva\u00e7\u00e3o, portanto, santificando-nos fazendo a vontade de Deus \u00e9 como poderemos encontr\u00e1-Lo na eternidade.<\/span><\/p>\n<\/div>\n<\/div>\n<div>\n<div>\n<p style=\"text-align: justify;\"><span>N\u00e3o estamos sozinhos, Jesus continua nos protegendo, s\u00f3 precisamos acreditar e tirar vantagem disso.<\/span><\/p>\n<\/div>\n<\/div>\n<\/div>\n","protected":false},"excerpt":{"rendered":"<p>Jesus, o Senhor deu a vida por toda a humanidade e disse claramente que h\u00e1 muitos quartos no c\u00e9u para n\u00f3s, por isso rezou pela nossa santifica\u00e7\u00e3o. Jesus tornou-se um homem como qualquer um de n\u00f3s, seres humanos que habitamos o mundo, cumprindo a vontade do seu Pai que nos ama tanto que n\u00e3o hesitou [&hellip;]<\/p>\n","protected":false},"author":1,"featured_media":88798,"comment_status":"open","ping_status":"closed","sticky":false,"template":"","format":"standard","meta":{"footnotes":""},"categories":[4,13],"tags":[],"class_list":["post-88797","post","type-post","status-publish","format-standard","has-post-thumbnail","hentry","category-cotidiano","category-featured"],"_links":{"self":[{"href":"https:\/\/catolicanet.net\/wp-cnet\/wp-json\/wp\/v2\/posts\/88797","targetHints":{"allow":["GET"]}}],"collection":[{"href":"https:\/\/catolicanet.net\/wp-cnet\/wp-json\/wp\/v2\/posts"}],"about":[{"href":"https:\/\/catolicanet.net\/wp-cnet\/wp-json\/wp\/v2\/types\/post"}],"author":[{"embeddable":true,"href":"https:\/\/catolicanet.net\/wp-cnet\/wp-json\/wp\/v2\/users\/1"}],"replies":[{"embeddable":true,"href":"https:\/\/catolicanet.net\/wp-cnet\/wp-json\/wp\/v2\/comments?post=88797"}],"version-history":[{"count":1,"href":"https:\/\/catolicanet.net\/wp-cnet\/wp-json\/wp\/v2\/posts\/88797\/revisions"}],"predecessor-version":[{"id":88800,"href":"https:\/\/catolicanet.net\/wp-cnet\/wp-json\/wp\/v2\/posts\/88797\/revisions\/88800"}],"wp:featuredmedia":[{"embeddable":true,"href":"https:\/\/catolicanet.net\/wp-cnet\/wp-json\/wp\/v2\/media\/88798"}],"wp:attachment":[{"href":"https:\/\/catolicanet.net\/wp-cnet\/wp-json\/wp\/v2\/media?parent=88797"}],"wp:term":[{"taxonomy":"category","embeddable":true,"href":"https:\/\/catolicanet.net\/wp-cnet\/wp-json\/wp\/v2\/categories?post=88797"},{"taxonomy":"post_tag","embeddable":true,"href":"https:\/\/catolicanet.net\/wp-cnet\/wp-json\/wp\/v2\/tags?post=88797"}],"curies":[{"name":"wp","href":"https:\/\/api.w.org\/{rel}","templated":true}]}}