{"id":88780,"date":"2024-06-11T10:06:33","date_gmt":"2024-06-11T13:06:33","guid":{"rendered":"https:\/\/catolicanet.net\/wp-cnet\/?p=88780"},"modified":"2024-06-11T17:08:38","modified_gmt":"2024-06-11T20:08:38","slug":"setor-espaco-liturgico-leva-formacoes-sobre-arquitetura-e-arte-sacra-aos-regionais-da-cnbb","status":"publish","type":"post","link":"https:\/\/catolicanet.net\/wp-cnet\/setor-espaco-liturgico-leva-formacoes-sobre-arquitetura-e-arte-sacra-aos-regionais-da-cnbb\/","title":{"rendered":"SETOR ESPA\u00c7O LIT\u00daRGICO LEVA FORMA\u00c7\u00d5ES SOBRE ARQUITETURA E ARTE SACRA AOS REGIONAIS DA CNBB"},"content":{"rendered":"<p style=\"text-align: justify;\">O Setor Espa\u00e7o Lit\u00fargico da Comiss\u00e3o Episcopal para a Liturgia da Confer\u00eancia Nacional dos Bispos do Brasil (CNBB) segue levando aos regionais da entidade as forma\u00e7\u00f5es sobre arquitetura e arte sacra. No \u00faltimo final de semana, entre os dias 7 e 9, o Regional Nordeste 5 recebeu a assessora do setor, Raquel Tonini Rosenberg Schneider, que orientou o I Semin\u00e1rio Regional de Arquitetura e Arte Sacra.<\/p>\n<p style=\"text-align: justify;\"><img decoding=\"async\" src=\"https:\/\/static.wixstatic.com\/media\/f22384_bd463215137a4850998860fd15f615e5~mv2.jpg\/v1\/fill\/w_1407,h_657,al_c,q_85,usm_0.66_1.00_0.01,enc_auto\/f22384_bd463215137a4850998860fd15f615e5~mv2.jpg\" \/><\/p>\n<p style=\"text-align: justify;\">\n<h3 style=\"text-align: justify;\">Nordeste 5 e Norte 2<\/h3>\n<p style=\"text-align: justify;\">O semin\u00e1rio realizado no Maranh\u00e3o pela Comiss\u00e3o Regional para Anima\u00e7\u00e3o Lit\u00fargica, atrav\u00e9s do Setor de Espa\u00e7o Lit\u00fargico, foi sediado na diocese de Imperatriz. O objetivo foi \u201caprofundar o conhecimento e melhorar ainda mais a qualidade dos projetos e obras art\u00edsticas e sacras\u201d. Participaram 39 pessoas, entre elas, representantes das dioceses do Maranh\u00e3o, e da diocese de Bragan\u00e7a (PA), no Regional Norte 2 da CNBB.<\/p>\n<p style=\"text-align: justify;\">O coordenador regional da Comiss\u00e3o para a Anima\u00e7\u00e3o Lit\u00fargica do Regional Nordeste 5, Reginaldo Magalh\u00e3es, contou que esse primeiro semin\u00e1rio teve a proposta de articula\u00e7\u00e3o e implata\u00e7\u00e3o do setor espa\u00e7o lit\u00fargico no Regional e em cada diocese. \u201cQue as dioceses ou pelo menos subdivis\u00f5es tenham essa refer\u00eancia do espa\u00e7o celebrativo. Foi o primeiro de muitos. N\u00f3s estamos em um processo agora de constru\u00e7\u00e3o, de forma\u00e7\u00e3o e de cria\u00e7\u00e3o desses setores\u201d, afirmou.<\/p>\n<p style=\"text-align: justify;\"><img decoding=\"async\" src=\"https:\/\/static.wixstatic.com\/media\/f22384_b1dd5de4c38c4f0e8f799960a504e467~mv2.jpg\/v1\/fill\/w_1110,h_833,al_c,q_85,usm_0.66_1.00_0.01,enc_auto\/f22384_b1dd5de4c38c4f0e8f799960a504e467~mv2.jpg\" \/><\/p>\n<p style=\"text-align: justify;\">Para dom Sebasti\u00e3o Duarte, bispo diocesano de Caxias do Maranh\u00e3o e referencial para a liturgia no Regional Nordeste 5, com este semin\u00e1rio a ideia \u00e9 ampliar conhecimentos.<\/p>\n<blockquote><p>\u201cA inten\u00e7\u00e3o da liturgia do regional \u00e9 que a gente amplie, alargue a tenda tamb\u00e9m nesse aspecto lit\u00fargico. N\u00e3o s\u00f3 aos minist\u00e9rios que ainda v\u00e3o acontecer os encontros, n\u00e3o s\u00f3 a m\u00fasica e o canto, n\u00e3o s\u00f3 a pastoral lit\u00fargica. Mas, para nos ocuparmos tamb\u00e9m dessa quest\u00e3o dos espa\u00e7os onde n\u00f3s vivemos a nossa f\u00e9, onde praticamos as nossas celebra\u00e7\u00f5es e que deve por si mesmas j\u00e1 expressar aquilo que n\u00f3s celebramos e que n\u00f3s cremos\u201d, evidenciou dom Sebasti\u00e3o.<\/p><\/blockquote>\n<h3 style=\"text-align: justify;\">Outras atividades<\/h3>\n<p style=\"text-align: justify;\">Ainda no Regional Nordeste 5, foi realizado no in\u00edcio de maio o Congresso Diocesano sobre o Espa\u00e7o Lit\u00fargico, na diocese de Balsas. Como a tem\u00e1tica \u201cA Igreja edif\u00edcio, moldada pela Liturgia, \u00e9 por ela mesma, Mistag\u00f3gica\u201d, o encontro buscou atualizar o conhecimento a cerca do Espa\u00e7o Lit\u00fargico e Arte Sacra e contou com a assessoria de Raquel Tonini.<\/p>\n<p style=\"text-align: justify;\">As pr\u00f3ximas atividades do Setor ser\u00e3o lives de aprofundamento, ainda neste m\u00eas de junho e em julho, e um encontro da Pastoral do Artista Sacro, marcado para outubro.<\/p>\n<p style=\"text-align: justify;\">\n<pre><a href=\"https:\/\/www.cnbbne5.org\/post\/comiss%C3%A3o-para-anima%C3%A7%C3%A3o-lit%C3%BArgica-do-regional-nordeste-5-conclui-com-sucesso-i-semin%C3%A1rio-regional-de\" target=\"_blank\" rel=\"noopener\">Com informa\u00e7\u00f5es e fotos do Regional Nordeste 5 da CNBB<\/a><\/pre>\n","protected":false},"excerpt":{"rendered":"<p>O Setor Espa\u00e7o Lit\u00fargico da Comiss\u00e3o Episcopal para a Liturgia da Confer\u00eancia Nacional dos Bispos do Brasil (CNBB) segue levando aos regionais da entidade as forma\u00e7\u00f5es sobre arquitetura e arte sacra. No \u00faltimo final de semana, entre os dias 7 e 9, o Regional Nordeste 5 recebeu a assessora do setor, Raquel Tonini Rosenberg Schneider, [&hellip;]<\/p>\n","protected":false},"author":1,"featured_media":88781,"comment_status":"open","ping_status":"closed","sticky":false,"template":"","format":"standard","meta":{"footnotes":""},"categories":[7],"tags":[],"class_list":["post-88780","post","type-post","status-publish","format-standard","has-post-thumbnail","hentry","category-cnbb"],"_links":{"self":[{"href":"https:\/\/catolicanet.net\/wp-cnet\/wp-json\/wp\/v2\/posts\/88780","targetHints":{"allow":["GET"]}}],"collection":[{"href":"https:\/\/catolicanet.net\/wp-cnet\/wp-json\/wp\/v2\/posts"}],"about":[{"href":"https:\/\/catolicanet.net\/wp-cnet\/wp-json\/wp\/v2\/types\/post"}],"author":[{"embeddable":true,"href":"https:\/\/catolicanet.net\/wp-cnet\/wp-json\/wp\/v2\/users\/1"}],"replies":[{"embeddable":true,"href":"https:\/\/catolicanet.net\/wp-cnet\/wp-json\/wp\/v2\/comments?post=88780"}],"version-history":[{"count":1,"href":"https:\/\/catolicanet.net\/wp-cnet\/wp-json\/wp\/v2\/posts\/88780\/revisions"}],"predecessor-version":[{"id":88783,"href":"https:\/\/catolicanet.net\/wp-cnet\/wp-json\/wp\/v2\/posts\/88780\/revisions\/88783"}],"wp:featuredmedia":[{"embeddable":true,"href":"https:\/\/catolicanet.net\/wp-cnet\/wp-json\/wp\/v2\/media\/88781"}],"wp:attachment":[{"href":"https:\/\/catolicanet.net\/wp-cnet\/wp-json\/wp\/v2\/media?parent=88780"}],"wp:term":[{"taxonomy":"category","embeddable":true,"href":"https:\/\/catolicanet.net\/wp-cnet\/wp-json\/wp\/v2\/categories?post=88780"},{"taxonomy":"post_tag","embeddable":true,"href":"https:\/\/catolicanet.net\/wp-cnet\/wp-json\/wp\/v2\/tags?post=88780"}],"curies":[{"name":"wp","href":"https:\/\/api.w.org\/{rel}","templated":true}]}}