{"id":88776,"date":"2024-06-11T10:04:59","date_gmt":"2024-06-11T13:04:59","guid":{"rendered":"https:\/\/catolicanet.net\/wp-cnet\/?p=88776"},"modified":"2024-06-11T17:05:52","modified_gmt":"2024-06-11T20:05:52","slug":"continuam-abertas-as-inscricoes-para-o-encontro-com-coordenadores-diocesanos-de-pastoral","status":"publish","type":"post","link":"https:\/\/catolicanet.net\/wp-cnet\/continuam-abertas-as-inscricoes-para-o-encontro-com-coordenadores-diocesanos-de-pastoral\/","title":{"rendered":"CONTINUAM ABERTAS AS INSCRI\u00c7\u00d5ES PARA O ENCONTRO COM COORDENADORES DIOCESANOS DE PASTORAL"},"content":{"rendered":"<p style=\"text-align: justify;\">Continuam abertas as inscri\u00e7\u00f5es para o Encontro com Coordenadores Diocesanos de Pastoral, promovido pelo Secretariado Geral da CNBB, de 8 a 12 de julho, na Casa Dom Luciano, em Bras\u00edlia (DF). Agora, o encontro recebe tamb\u00e9m inscri\u00e7\u00f5es de coordenadores de pastorais espec\u00edficas, como por exemplo da Pastoral Familiar, da Pastoral Juvenil, Pastoral do D\u00edzimo, dentre outras.<\/p>\n<p style=\"text-align: justify;\">A iniciativa visa promover a articula\u00e7\u00e3o do servi\u00e7o pastoral e evangelizador da Igreja no Brasil. Os participantes tamb\u00e9m receber\u00e3o certificado emitido pela Pontif\u00edcia Universidade Cat\u00f3lica de Goi\u00e1s. As inscri\u00e7\u00f5es para o evento podem ser feitas (<a href=\"https:\/\/app.ciaticket.com.br\/e\/ENCOORPASTORAL24\" target=\"_blank\" rel=\"noopener\">aqui<\/a>).<\/p>\n<p style=\"text-align: justify;\">Com o tema<strong>\u00a0\u201cA Pastoral numa Igreja Sinodal e Mission\u00e1ria\u201d<\/strong>\u00a0e o lema \u201c<strong>O Senhor os enviou a toda cidade para onde ele mesmo deveria ir\u201d<\/strong>\u00a0(cf. Lc 10,1), o encontro ter\u00e1 in\u00edcio no dia 8, \u00e0s 14h, e termina no dia 12, \u00e0s 12h.<\/p>\n<p style=\"text-align: justify;\">Confira, abaixo, as confer\u00eancias e os temas:<\/p>\n<h3 style=\"text-align: justify;\">Temas e conferencistas:<\/h3>\n<p style=\"text-align: justify;\"><strong>Confer\u00eancia inaugural:<\/strong>\u00a0<strong>Apresenta\u00e7\u00e3o da Igreja no Brasil<\/strong><br \/>\nCom Dom Ricardo Hoepers, bispo auxiliar em Bras\u00edlia-DF, secret\u00e1rio-geral da CNBB e doutor em Teologia<\/p>\n<p style=\"text-align: justify;\"><strong>O caminho das Diretrizes Gerais da A\u00e7\u00e3o Evangelizadora da Igreja no Brasil\u00a0<\/strong><br \/>\nConferencista: Dom Leomar Ant\u00f4nio Brustolin, arcebispo de Santa Maria-RS, presidente do Regional Sul 3 e da Comiss\u00e3o B\u00edblico-Catequ\u00e9tica da CNBB<\/p>\n<p style=\"text-align: justify;\"><strong>O Cen\u00e1rio eclesial atual<\/strong><br \/>\nConferencista: Dom Wellington Queiroz, bispo de Cristal\u00e2ndia-TO, mestre em Direito Can\u00f4nico e membro do Instituto Nacional de Pastoral Padre Alberto Antoniazzi<\/p>\n<p style=\"text-align: justify;\"><strong>Fundamentos b\u00edblicos para uma pastoral mission\u00e1ria<\/strong><br \/>\nConferencistas: Dom Danival Milagres, bispo auxiliar de Goi\u00e2nia-GO e mestre em Teologia B\u00edblica<\/p>\n<p style=\"text-align: justify;\"><strong>A sinodalidade na Igreja do Brasil<\/strong><br \/>\nConferencista: Dom Ant\u00f4nio Luiz Catelan Ferreira, bispo auxiliar do Rio de Janeiro, doutor em Teologia e membro da Comiss\u00e3o de Doutrina da CNBB<\/p>\n<p style=\"text-align: justify;\"><strong>A a\u00e7\u00e3o pastoral como express\u00e3o da Eclesiologia<\/strong><br \/>\nConferencista: Padre Jean Poul Hansen, mestre em Teologia e secret\u00e1rio-executivo de Campanhas da CNBB<\/p>\n<p style=\"text-align: justify;\"><strong>O papel do laicato numa Igreja toda ministerial<\/strong><br \/>\nConferencista: Alzirinha Rocha de Souza, professora e pesquisadora do Anima PUC Minas do NECT N\u00facleo de Estudos Comunica\u00e7\u00e3o e Teologia e do Instituto de Teologia em S\u00e3o Paulo<\/p>\n<p style=\"text-align: justify;\"><strong>Uma Pastoral Planejada<\/strong><br \/>\nConferencista: Dom Joaquim Mol Guimar\u00e3es, bispo auxiliar da Arquidiocese de Belo Horizonte-MG e mestre em Teologia<\/p>\n<p style=\"text-align: justify;\"><strong>Perspectivas para a A\u00e7\u00e3o Evangelizadora na Igreja do Brasil<\/strong><br \/>\nConferencista: Dom Jo\u00e3o Justinho de Medeiros Silva, arcebispo de Goi\u00e2nia-GO, primeiro vice-presidente da CNBB e doutor em Teologia<\/p>\n","protected":false},"excerpt":{"rendered":"<p>Continuam abertas as inscri\u00e7\u00f5es para o Encontro com Coordenadores Diocesanos de Pastoral, promovido pelo Secretariado Geral da CNBB, de 8 a 12 de julho, na Casa Dom Luciano, em Bras\u00edlia (DF). Agora, o encontro recebe tamb\u00e9m inscri\u00e7\u00f5es de coordenadores de pastorais espec\u00edficas, como por exemplo da Pastoral Familiar, da Pastoral Juvenil, Pastoral do D\u00edzimo, dentre [&hellip;]<\/p>\n","protected":false},"author":1,"featured_media":88777,"comment_status":"open","ping_status":"closed","sticky":false,"template":"","format":"standard","meta":{"footnotes":""},"categories":[7,13],"tags":[],"class_list":["post-88776","post","type-post","status-publish","format-standard","has-post-thumbnail","hentry","category-cnbb","category-featured"],"_links":{"self":[{"href":"https:\/\/catolicanet.net\/wp-cnet\/wp-json\/wp\/v2\/posts\/88776","targetHints":{"allow":["GET"]}}],"collection":[{"href":"https:\/\/catolicanet.net\/wp-cnet\/wp-json\/wp\/v2\/posts"}],"about":[{"href":"https:\/\/catolicanet.net\/wp-cnet\/wp-json\/wp\/v2\/types\/post"}],"author":[{"embeddable":true,"href":"https:\/\/catolicanet.net\/wp-cnet\/wp-json\/wp\/v2\/users\/1"}],"replies":[{"embeddable":true,"href":"https:\/\/catolicanet.net\/wp-cnet\/wp-json\/wp\/v2\/comments?post=88776"}],"version-history":[{"count":1,"href":"https:\/\/catolicanet.net\/wp-cnet\/wp-json\/wp\/v2\/posts\/88776\/revisions"}],"predecessor-version":[{"id":88779,"href":"https:\/\/catolicanet.net\/wp-cnet\/wp-json\/wp\/v2\/posts\/88776\/revisions\/88779"}],"wp:featuredmedia":[{"embeddable":true,"href":"https:\/\/catolicanet.net\/wp-cnet\/wp-json\/wp\/v2\/media\/88777"}],"wp:attachment":[{"href":"https:\/\/catolicanet.net\/wp-cnet\/wp-json\/wp\/v2\/media?parent=88776"}],"wp:term":[{"taxonomy":"category","embeddable":true,"href":"https:\/\/catolicanet.net\/wp-cnet\/wp-json\/wp\/v2\/categories?post=88776"},{"taxonomy":"post_tag","embeddable":true,"href":"https:\/\/catolicanet.net\/wp-cnet\/wp-json\/wp\/v2\/tags?post=88776"}],"curies":[{"name":"wp","href":"https:\/\/api.w.org\/{rel}","templated":true}]}}