{"id":88768,"date":"2024-06-11T08:59:56","date_gmt":"2024-06-11T11:59:56","guid":{"rendered":"https:\/\/catolicanet.net\/wp-cnet\/?p=88768"},"modified":"2024-06-11T17:01:18","modified_gmt":"2024-06-11T20:01:18","slug":"g7-papa-faz-discurso-na-sexta-feira-em-sessao-sobre-inteligencia-artificial","status":"publish","type":"post","link":"https:\/\/catolicanet.net\/wp-cnet\/g7-papa-faz-discurso-na-sexta-feira-em-sessao-sobre-inteligencia-artificial\/","title":{"rendered":"G7: Papa faz discurso na sexta-feira em sess\u00e3o sobre intelig\u00eancia artificial"},"content":{"rendered":"<figure class=\"article__image\" style=\"text-align: justify;\"><span class=\"didascalia_img\">O Pont\u00edfice faz parte dos convidados da c\u00fapula\u00a0 (VATICAN MEDIA Divisione Foto)<\/span><\/figure>\n<div class=\"article__meta audioInside\" data-mediatype=\"\">\n<div class=\"article__subTitle\" style=\"text-align: justify;\">A lista de participantes \u00e9 longa, mas, al\u00e9m de Francisco, j\u00e1 est\u00e3o confirmados o presidente do Brasil e dos EUA, al\u00e9m do secret\u00e1rio-geral da ONU, Ant\u00f3nio Guterres, para o G7 que come\u00e7a na quinta (13\/06), na regi\u00e3o italiana da Puglia. O Papa faz pronunciamento em sess\u00e3o dedicada \u00e0 intelig\u00eancia artificial, na primeira vez que um Pont\u00edfice participa da reuni\u00e3o de c\u00fapula do grupo, aberta a pa\u00edses convidados.<\/div>\n<div class=\"title__separator\" style=\"text-align: justify;\"><\/div>\n<div class=\"article__text\">\n<div style=\"text-align: justify;\">\n<div class=\"article__embed article__embed--unwrap article__embed--dark\">\n<div class=\"article__innerTitle\">Ou\u00e7a a reportagem e compartilhe<\/div>\n<div>\n<!--[if lt IE 9]><script>document.createElement('audio');<\/script><![endif]-->\n<audio class=\"wp-audio-shortcode\" id=\"audio-88768-1\" preload=\"none\" style=\"width: 100%;\" controls=\"controls\"><source type=\"audio\/mpeg\" src=\"https:\/\/media.vaticannews.va\/media\/audio\/s1\/2024\/06\/10\/16\/138021598_F138021598.mp3?_=1\" \/><a href=\"https:\/\/media.vaticannews.va\/media\/audio\/s1\/2024\/06\/10\/16\/138021598_F138021598.mp3\">https:\/\/media.vaticannews.va\/media\/audio\/s1\/2024\/06\/10\/16\/138021598_F138021598.mp3<\/a><\/audio>\n<\/div>\n<\/div>\n<\/div>\n<p style=\"text-align: justify;\"><b>Andressa Collet &#8211; Vatican News<\/b><\/p>\n<p style=\"text-align: justify;\">O Papa Francisco viaja na sexta-feira (14\/07) para Puglia, regi\u00e3o sul da It\u00e1lia, para participar do G7 que come\u00e7a na quinta-feira (13\/06). O local que ir\u00e1 receber chefes de Estado de todo mundo durante tr\u00eas dias \u00e9 um resort, de conceito vision\u00e1rio da fam\u00edlia Melpignano, chamado de Borgo Egnazia, que pertence ao munic\u00edpio de Savelletri di Fasano, a cerca de 60 Km da capital Bari. Na agenda do Pont\u00edfice, o pronunciamento de um discurso na sess\u00e3o dedicada aos riscos e oportunidades apresentados pela intelig\u00eancia artificial, como orador principal, aberta tamb\u00e9m aos pa\u00edses convidados e n\u00e3o somente aos membros do G7.<\/p>\n<p style=\"text-align: justify;\">Uma contribui\u00e7\u00e3o, do Papa e da Santa S\u00e9, para ajudar a definir regulamentos em car\u00e1ter \u00e9tico e cultural para o tema, t\u00e3o desafiador diante das novas possibilidades da tecnologia,\u00a0em um caminho &#8220;que leva a dar aplica\u00e7\u00e3o concreta ao conceito de\u00a0<i>algor\u00e9tica<\/i>, ou seja, dar \u00e9tica aos algoritmos&#8221;, j\u00e1 havia antecipado Giorgia Meloni, primeira-ministra da It\u00e1lia que vai liderar o encontro mundial no pa\u00eds, ao agradecer a presen\u00e7a do Pont\u00edfice em v\u00eddeo divulgado em abril.<\/p>\n<p style=\"text-align: justify;\">\u00c9 a primeira vez que um Pont\u00edfice participa da reuni\u00e3o de c\u00fapula do grupo, que \u00e9 formado tamb\u00e9m, al\u00e9m da It\u00e1lia, pelos Estados Unidos, Canad\u00e1, Fran\u00e7a, Reino Unido, Alemanha e Jap\u00e3o.\u00a0Segundo o cardeal Pietro Parolin, secret\u00e1rio de Estado do Vaticano, ao falar com a imprensa sobre a participa\u00e7\u00e3o do Papa no G7 durante evento liter\u00e1rio na Universidade Gregoriana de Roma na semana passada, Francisco, al\u00e9m da sua participa\u00e7\u00e3o com discurso, dever\u00e1 dedicar tempo a algumas reuni\u00f5es bilaterais com presidentes e chefes de Estado.<\/p>\n<p style=\"text-align: justify;\">Os bispos da Puglia est\u00e3o preparando uma mensagem que ser\u00e1 entregue aos participantes do encontro com divulga\u00e7\u00e3o prevista para os pr\u00f3ximos dias. O an\u00fancio foi feito em comunicado divulgado pela Confer\u00eancia Episcopal da Pugliar reunida na cidade de Conversano, no O\u00e1sis de\u00a0<i>Santa Maria dell&#8217;Isola<\/i>, no \u00faltimo dia 4 de junho.<\/p>\n<h2 style=\"text-align: justify;\">Os participantes da c\u00fapula do G7<\/h2>\n<p style=\"text-align: justify;\">Para o G7 que ser\u00e1 realizado de quinta a s\u00e1bado, de 13 a 15 de junho, na Puglia, s\u00e3o esperados, al\u00e9m do presidente do Brasil, Lula, e do presidente dos EUA, Joe Biden; o secret\u00e1rio-geral da ONU, Ant\u00f3nio Guterres; a presidente da Comiss\u00e3o Europeia, Ursula von der Leyen; representantes do FMI, do Banco Mundial e do G20. Entre os principais temas, al\u00e9m da intelig\u00eancia artificial, as quest\u00f5es econ\u00f4micas, a competitividade com a China, o mercado livre, a seguran\u00e7a alimentar, as rela\u00e7\u00f5es entre clima e energia, a imigra\u00e7\u00e3o e a reconstru\u00e7\u00e3o da Ucr\u00e2nia.<\/p>\n<\/div>\n<\/div>\n","protected":false},"excerpt":{"rendered":"<p>O Pont\u00edfice faz parte dos convidados da c\u00fapula\u00a0 (VATICAN MEDIA Divisione Foto) A lista de participantes \u00e9 longa, mas, al\u00e9m de Francisco, j\u00e1 est\u00e3o confirmados o presidente do Brasil e dos EUA, al\u00e9m do secret\u00e1rio-geral da ONU, Ant\u00f3nio Guterres, para o G7 que come\u00e7a na quinta (13\/06), na regi\u00e3o italiana da Puglia. O Papa faz [&hellip;]<\/p>\n","protected":false},"author":1,"featured_media":88769,"comment_status":"open","ping_status":"closed","sticky":false,"template":"","format":"standard","meta":{"footnotes":""},"categories":[3],"tags":[],"class_list":["post-88768","post","type-post","status-publish","format-standard","has-post-thumbnail","hentry","category-vaticano"],"_links":{"self":[{"href":"https:\/\/catolicanet.net\/wp-cnet\/wp-json\/wp\/v2\/posts\/88768","targetHints":{"allow":["GET"]}}],"collection":[{"href":"https:\/\/catolicanet.net\/wp-cnet\/wp-json\/wp\/v2\/posts"}],"about":[{"href":"https:\/\/catolicanet.net\/wp-cnet\/wp-json\/wp\/v2\/types\/post"}],"author":[{"embeddable":true,"href":"https:\/\/catolicanet.net\/wp-cnet\/wp-json\/wp\/v2\/users\/1"}],"replies":[{"embeddable":true,"href":"https:\/\/catolicanet.net\/wp-cnet\/wp-json\/wp\/v2\/comments?post=88768"}],"version-history":[{"count":1,"href":"https:\/\/catolicanet.net\/wp-cnet\/wp-json\/wp\/v2\/posts\/88768\/revisions"}],"predecessor-version":[{"id":88771,"href":"https:\/\/catolicanet.net\/wp-cnet\/wp-json\/wp\/v2\/posts\/88768\/revisions\/88771"}],"wp:featuredmedia":[{"embeddable":true,"href":"https:\/\/catolicanet.net\/wp-cnet\/wp-json\/wp\/v2\/media\/88769"}],"wp:attachment":[{"href":"https:\/\/catolicanet.net\/wp-cnet\/wp-json\/wp\/v2\/media?parent=88768"}],"wp:term":[{"taxonomy":"category","embeddable":true,"href":"https:\/\/catolicanet.net\/wp-cnet\/wp-json\/wp\/v2\/categories?post=88768"},{"taxonomy":"post_tag","embeddable":true,"href":"https:\/\/catolicanet.net\/wp-cnet\/wp-json\/wp\/v2\/tags?post=88768"}],"curies":[{"name":"wp","href":"https:\/\/api.w.org\/{rel}","templated":true}]}}