{"id":88734,"date":"2024-06-07T08:59:51","date_gmt":"2024-06-07T11:59:51","guid":{"rendered":"https:\/\/catolicanet.net\/wp-cnet\/?p=88734"},"modified":"2024-06-07T12:00:51","modified_gmt":"2024-06-07T15:00:51","slug":"papa-francisco-nomeia-novo-bispo-para-a-diocese-de-rio-do-sul-sc","status":"publish","type":"post","link":"https:\/\/catolicanet.net\/wp-cnet\/papa-francisco-nomeia-novo-bispo-para-a-diocese-de-rio-do-sul-sc\/","title":{"rendered":"PAPA FRANCISCO NOMEIA NOVO BISPO PARA A DIOCESE DE RIO DO SUL (SC)"},"content":{"rendered":"<p style=\"text-align: justify;\">O Papa Francisco\u00a0 nomeou nesta sexta-feira, 7 de junho, o padre Adalberto Donadelli J\u00fanior, do Clero de Joinville (SC), como o quinto bispo para diocese de Rio do Sul (SC). A Confer\u00eancia Nacional dos Bispos do Brasil (CNBB) enviou sauda\u00e7\u00e3o ao nomeado.<\/p>\n<blockquote>\n<h3>Sauda\u00e7\u00e3o ao novo bispo da Diocese Rio do Sul<\/h3>\n<p>&nbsp;<\/p>\n<p>Estimado irm\u00e3o, monsenhor Adalberto Donadelli J\u00fanior,<\/p>\n<p>A Confer\u00eancia Nacional dos Bispos do Brasil (CNBB) acolhe com alegria a not\u00edcia de sua nomea\u00e7\u00e3o para a Diocese de Rio do Sul, em Santa Catarina, e manifesta gratid\u00e3o ao Santo Padre, o Papa Francisco, em continuar a oferecer pastores para o rebanho das Igrejas Particulares de nosso pa\u00eds.<\/p>\n<p>Tendo contribu\u00eddo em diversas fun\u00e7\u00f5es na Diocese de Joinville, especialmente no ensino em universidades e no semin\u00e1rio diocesano, o irm\u00e3o \u00e9 chamado agora ao minist\u00e9rio episcopal na Igreja particular de Rio do Sul.<\/p>\n<p>Possa o exemplo de S\u00e3o Jo\u00e3o Batista, padroeiro de Rio do Sul, ser inspirador de seu novo minist\u00e9rio, especialmente no sentido de ser aquele que anuncia a vinda do Filho de Deus e, quem, num gesto de humildade, disse n\u00e3o ser digno de desatar a correia das sand\u00e1lias de Cristo, reconhecendo a grandeza de Jesus na hist\u00f3ria da Salva\u00e7\u00e3o.<\/p>\n<p><em>Em Cristo,<\/em><\/p>\n<p><strong>Dom Jaime Spengler<\/strong><br \/>\nArcebispo da Arquidiocese de Porto Alegre \u2013 RS<br \/>\nPresidente da CNBB<\/p>\n<p><strong>Dom Jo\u00e3o Justino de Medeiros Silva<\/strong><br \/>\nArcebispo da Arquidiocese de Goi\u00e2nia \u2013 GO<br \/>\n1\u00ba Vice- Presidente da CNBB<\/p>\n<p><strong>Dom Paulo Jackson N\u00f3brega de Sousa<\/strong><br \/>\nArcebispo da Arquidiocese de Olinda e Recife \u2013 PE<br \/>\n2\u00ba Vice-Presidente da CNBB<\/p>\n<p><strong>Dom Ricardo Hoepers<\/strong><br \/>\nBispo Auxiliar da Arquidiocese de Bras\u00edlia \u2013 DF<br \/>\nSecret\u00e1rio-Geral da CNBB<\/p><\/blockquote>\n<h3 style=\"text-align: justify;\">Curr\u00edculo e trajet\u00f3ria eclesial<\/h3>\n<p style=\"text-align: justify;\">Padre Adalberto Donadelli Junior nasceu em Paranava\u00ed (PR) no dia 26 de dezembro de 1974. Filho de Adalberto Donadelli (em mem\u00f3ria e Elza Zanardi Donadelli. Entrou para o Semin\u00e1rio dos Mission\u00e1rios Servos dos Pobres, em Curitiba (PR), em 1990.<\/p>\n<p style=\"text-align: justify;\">Cursou a Faculdade de Filosofia, no Studium OSBM, em Curitiba (PR), de 1997 a 1999. No ano 2.000, ingressou no semin\u00e1rio teol\u00f3gico da Diocese de Joinville. Cursou a Faculdade de Teologia no Instituto de Teologia de Santa Catarina (ITESC), em Florian\u00f3polis de 2.000 a 2003. Em 14 de agosto de 2004 foi ordenado di\u00e1cono. Foi ordenado Presb\u00edtero no dia 16 de outubro de 2004, em Joinville, pela imposi\u00e7\u00e3o das m\u00e3os de Dom Orlando Brandes. Fez mestrado em Teologia Espiritual pelo Teresianum em Roma, de 2009 a 2011.<\/p>\n<p style=\"text-align: justify;\">Ap\u00f3s sua ordena\u00e7\u00e3o presbiteral, exerceu as seguintes fun\u00e7\u00f5es: vig\u00e1rio paroquial da par\u00f3quia Senhor Bom Jesus em Guaramirim (SC), 2004; Vig\u00e1rio paroquial da par\u00f3quia Cristo Ressuscitado em Joinville (SC), 2005; Reitor do semin\u00e1rio menor e proped\u00eautico Divino Esp\u00edrito Santo em Joinville (SC) de 2006 a 2009; Membro do conselho de Presb\u00edteros e Consultores de 2006 a 2008; Fez a escola sacerdotal do movimento Focolar em Loppiano, Floren\u00e7a, na It\u00e1lia, 2009; Reitor do Semin\u00e1rio Teol\u00f3gico Nossa Senhora de Guadalupe da diocese de Joinville na cidade de Florian\u00f3polis de 2011 a 2018.<\/p>\n<p style=\"text-align: justify;\">Tamb\u00e9m foi administrador da par\u00f3quia S\u00e3o Lu\u00eds Gonzaga em Joinville, 2013; Conselheiro Espiritual das equipes de Nossa Senhora de 2013 a 2024; P\u00e1roco da par\u00f3quia Nossa Senhora do Ros\u00e1rio em Joinville, 2014; P\u00e1roco da Par\u00f3quia S\u00e3o Jo\u00e3o Batista em Garuva (SC) de 2016 a 2019; Membro do conselho de presb\u00edteros e Consultores de 2012 a 2014; Coordenador da Pastoral presbiteral de 2012 a 2014; Membro do Col\u00e9gio de Consultores e Conselho de presb\u00edteros de 2019 a 2024; Professor de Teologia na Faculdade de Teologia de Santa Catarina (FACASC) de 2011 a 2023; Professor de Teologia da Universidade Cat\u00f3lica de Santa Catarina, 2018 e 2019; Presidente da Osib do Regional Sul 4, 2024; Reitor do Semin\u00e1rio Filos\u00f3fico S\u00e3o Francisco Xavier da Diocese de Joinville na cidade de Brusque de 2019 a 2024.<\/p>\n","protected":false},"excerpt":{"rendered":"<p>O Papa Francisco\u00a0 nomeou nesta sexta-feira, 7 de junho, o padre Adalberto Donadelli J\u00fanior, do Clero de Joinville (SC), como o quinto bispo para diocese de Rio do Sul (SC). A Confer\u00eancia Nacional dos Bispos do Brasil (CNBB) enviou sauda\u00e7\u00e3o ao nomeado. Sauda\u00e7\u00e3o ao novo bispo da Diocese Rio do Sul &nbsp; Estimado irm\u00e3o, monsenhor [&hellip;]<\/p>\n","protected":false},"author":1,"featured_media":88735,"comment_status":"open","ping_status":"closed","sticky":false,"template":"","format":"standard","meta":{"footnotes":""},"categories":[7],"tags":[],"class_list":["post-88734","post","type-post","status-publish","format-standard","has-post-thumbnail","hentry","category-cnbb"],"_links":{"self":[{"href":"https:\/\/catolicanet.net\/wp-cnet\/wp-json\/wp\/v2\/posts\/88734","targetHints":{"allow":["GET"]}}],"collection":[{"href":"https:\/\/catolicanet.net\/wp-cnet\/wp-json\/wp\/v2\/posts"}],"about":[{"href":"https:\/\/catolicanet.net\/wp-cnet\/wp-json\/wp\/v2\/types\/post"}],"author":[{"embeddable":true,"href":"https:\/\/catolicanet.net\/wp-cnet\/wp-json\/wp\/v2\/users\/1"}],"replies":[{"embeddable":true,"href":"https:\/\/catolicanet.net\/wp-cnet\/wp-json\/wp\/v2\/comments?post=88734"}],"version-history":[{"count":1,"href":"https:\/\/catolicanet.net\/wp-cnet\/wp-json\/wp\/v2\/posts\/88734\/revisions"}],"predecessor-version":[{"id":88737,"href":"https:\/\/catolicanet.net\/wp-cnet\/wp-json\/wp\/v2\/posts\/88734\/revisions\/88737"}],"wp:featuredmedia":[{"embeddable":true,"href":"https:\/\/catolicanet.net\/wp-cnet\/wp-json\/wp\/v2\/media\/88735"}],"wp:attachment":[{"href":"https:\/\/catolicanet.net\/wp-cnet\/wp-json\/wp\/v2\/media?parent=88734"}],"wp:term":[{"taxonomy":"category","embeddable":true,"href":"https:\/\/catolicanet.net\/wp-cnet\/wp-json\/wp\/v2\/categories?post=88734"},{"taxonomy":"post_tag","embeddable":true,"href":"https:\/\/catolicanet.net\/wp-cnet\/wp-json\/wp\/v2\/tags?post=88734"}],"curies":[{"name":"wp","href":"https:\/\/api.w.org\/{rel}","templated":true}]}}