{"id":88730,"date":"2024-06-07T08:57:45","date_gmt":"2024-06-07T11:57:45","guid":{"rendered":"https:\/\/catolicanet.net\/wp-cnet\/?p=88730"},"modified":"2024-06-07T11:59:21","modified_gmt":"2024-06-07T14:59:21","slug":"primeiros-jovens-multiplicadores-do-projeto-cuidar-da-vida-iniciam-formacao-nesta-sexta-feira-em-cuiaba-mt","status":"publish","type":"post","link":"https:\/\/catolicanet.net\/wp-cnet\/primeiros-jovens-multiplicadores-do-projeto-cuidar-da-vida-iniciam-formacao-nesta-sexta-feira-em-cuiaba-mt\/","title":{"rendered":"PRIMEIROS JOVENS MULTIPLICADORES DO PROJETO \u201cCUIDAR DA VIDA\u201d INICIAM FORMA\u00c7\u00c3O NESTA SEXTA-FEIRA, EM CUIAB\u00c1 (MT)"},"content":{"rendered":"<p style=\"text-align: justify;\">Come\u00e7a, nesta sexta-feira, 7 de junho, a jornada formativa de cerca de 300 jovens das cinco regi\u00f5es do Brasil no projeto \u201cCuidar da Vida\u201d. O minicurso ofertado pela Comiss\u00e3o Episcopal para a Juventude da Confer\u00eancia Nacional dos Bispos do Brasil (CNBB)abordar\u00e1 o tema \u201cPreven\u00e7\u00e3o ao suic\u00eddio entre adolescentes e jovens\u201d.<\/p>\n<p style=\"text-align: justify;\">Cuiab\u00e1 \u00e9 a primeira cidade a receber a forma\u00e7\u00e3o, de hoje at\u00e9 domingo, 9. Participar\u00e3o desta primeira edi\u00e7\u00e3o do minicurso integrantes da Pastoral Juvenil dos regionais Oeste 1, Oeste 2 e Centro-Oeste da CNBB, que correspondem aos estados do Mato Grosso do Sul, Mato Grosso e Goi\u00e1s, e ao Distrito Federal.<\/p>\n<h3 style=\"text-align: justify;\">Multiplicadores<\/h3>\n<p style=\"text-align: justify;\">O projeto \u201cCuidar da vida \u2013 Preven\u00e7\u00e3o ao suic\u00eddio entre adolescentes e jovens\u201d tem o objetivo de formar multiplicadores que possam atuar na preven\u00e7\u00e3o do suic\u00eddio entre adolescentes e jovens no contexto dos grupos e movimentos juvenis e nas escolas, sobretudo as escolas p\u00fablicas.<\/p>\n<p style=\"text-align: justify;\">Essa forma\u00e7\u00e3o tem a colabora\u00e7\u00e3o volunt\u00e1ria de psic\u00f3logos e educadores cat\u00f3licos, que somam \u00e0 sua experi\u00eancia profissional uma atua\u00e7\u00e3o pastoral.<\/p>\n<h3 style=\"text-align: justify;\">Preocupa\u00e7\u00e3o da Igreja<\/h3>\n<p style=\"text-align: justify;\">O bispo de Imperatriz (MA) e presidente da Comiss\u00e3o Episcopal para a Juventude, dom Vilsom Basso, destacou a preocupa\u00e7\u00e3o dos bispos com a realidade do suic\u00eddio entre os jovens, apontada pela Organiza\u00e7\u00e3o Mundial da Sa\u00fade (OMS) como terceira causa de morte entre pesssoas de 18 a 29 anos em todo o mundo.<\/p>\n<blockquote><p>\u201cEsse dado da realidade mundial e nacional tem sido uma preocupa\u00e7\u00e3o constante dos membros da Comiss\u00e3o Episcopal para a Juventude. Isso nos impeliu a buscar caminhos para ajudar nossos adolescentes e jovens. Assim, buscaremos incentivar a dimens\u00e3o do cuidado como condi\u00e7\u00e3o para melhorar a vida, nos colocando no seguimento daquele que veio para que todos tenham vida e vida em abund\u00e2ncia\u201d, afirmou.<\/p><\/blockquote>\n<h3 style=\"text-align: justify;\">Subs\u00eddio<\/h3>\n<p style=\"text-align: justify;\"><img loading=\"lazy\" decoding=\"async\" class=\" wp-image-964769 alignleft\" src=\"https:\/\/www.cnbb.org.br\/wp-content\/uploads\/2024\/06\/Cartilha-Cuidar-da-Vida.jpg\" sizes=\"auto, (max-width: 249px) 100vw, 249px\" srcset=\"https:\/\/www.cnbb.org.br\/wp-content\/uploads\/2024\/06\/Cartilha-Cuidar-da-Vida.jpg 720w, https:\/\/www.cnbb.org.br\/wp-content\/uploads\/2024\/06\/Cartilha-Cuidar-da-Vida-300x204.jpg 300w, https:\/\/www.cnbb.org.br\/wp-content\/uploads\/2024\/06\/Cartilha-Cuidar-da-Vida-500x340.jpg 500w\" alt=\"\" width=\"249\" height=\"169\" \/>Para a forma\u00e7\u00e3o, foi preparada uma cartilha que ser\u00e1 utilizada pelos multiplicadores para levar a forma\u00e7\u00e3o adiante. O material foi produzido por uma equipe composta por membros da Pastoral Juvenil e da Pastoral da Educa\u00e7\u00e3o, com apoio do padre L\u00edcio de Ara\u00fajo Vale, padre suicid\u00f3logo, da diocese de S\u00e3o Miguel Paulista.<\/p>\n<blockquote><p>\u201cA promo\u00e7\u00e3o da vida das juventudes em nosso pa\u00eds \u00e9 urg\u00eancia que se faz sentir a cada dia e este projeto \u00e9 uma resposta concreta aos apelos pela vida em plenitude dos jovens brasileiros\u201d, escreveu dom Vilsom Basso.<\/p><\/blockquote>\n<h2 style=\"text-align: justify;\">Outras forma\u00e7\u00f5es<\/h2>\n<p style=\"text-align: justify;\">Ainda neste m\u00eas de junho, ser\u00e3o realizados os minicursos em Manaus (AM), Recife (PE) e no Rio de Janeiro (RJ). Em agosto, os cursos ser\u00e3o ofertados em Imperatriz (MA) e S\u00e3o Paulo (SP).<\/p>\n<pre>Com informa\u00e7\u00f5es e imagens de Jovens Conectados.<\/pre>\n","protected":false},"excerpt":{"rendered":"<p>Come\u00e7a, nesta sexta-feira, 7 de junho, a jornada formativa de cerca de 300 jovens das cinco regi\u00f5es do Brasil no projeto \u201cCuidar da Vida\u201d. O minicurso ofertado pela Comiss\u00e3o Episcopal para a Juventude da Confer\u00eancia Nacional dos Bispos do Brasil (CNBB)abordar\u00e1 o tema \u201cPreven\u00e7\u00e3o ao suic\u00eddio entre adolescentes e jovens\u201d. Cuiab\u00e1 \u00e9 a primeira cidade [&hellip;]<\/p>\n","protected":false},"author":1,"featured_media":88731,"comment_status":"open","ping_status":"closed","sticky":false,"template":"","format":"standard","meta":{"footnotes":""},"categories":[7,13],"tags":[],"class_list":["post-88730","post","type-post","status-publish","format-standard","has-post-thumbnail","hentry","category-cnbb","category-featured"],"_links":{"self":[{"href":"https:\/\/catolicanet.net\/wp-cnet\/wp-json\/wp\/v2\/posts\/88730","targetHints":{"allow":["GET"]}}],"collection":[{"href":"https:\/\/catolicanet.net\/wp-cnet\/wp-json\/wp\/v2\/posts"}],"about":[{"href":"https:\/\/catolicanet.net\/wp-cnet\/wp-json\/wp\/v2\/types\/post"}],"author":[{"embeddable":true,"href":"https:\/\/catolicanet.net\/wp-cnet\/wp-json\/wp\/v2\/users\/1"}],"replies":[{"embeddable":true,"href":"https:\/\/catolicanet.net\/wp-cnet\/wp-json\/wp\/v2\/comments?post=88730"}],"version-history":[{"count":1,"href":"https:\/\/catolicanet.net\/wp-cnet\/wp-json\/wp\/v2\/posts\/88730\/revisions"}],"predecessor-version":[{"id":88733,"href":"https:\/\/catolicanet.net\/wp-cnet\/wp-json\/wp\/v2\/posts\/88730\/revisions\/88733"}],"wp:featuredmedia":[{"embeddable":true,"href":"https:\/\/catolicanet.net\/wp-cnet\/wp-json\/wp\/v2\/media\/88731"}],"wp:attachment":[{"href":"https:\/\/catolicanet.net\/wp-cnet\/wp-json\/wp\/v2\/media?parent=88730"}],"wp:term":[{"taxonomy":"category","embeddable":true,"href":"https:\/\/catolicanet.net\/wp-cnet\/wp-json\/wp\/v2\/categories?post=88730"},{"taxonomy":"post_tag","embeddable":true,"href":"https:\/\/catolicanet.net\/wp-cnet\/wp-json\/wp\/v2\/tags?post=88730"}],"curies":[{"name":"wp","href":"https:\/\/api.w.org\/{rel}","templated":true}]}}