{"id":88677,"date":"2024-06-04T09:34:23","date_gmt":"2024-06-04T12:34:23","guid":{"rendered":"https:\/\/catolicanet.net\/wp-cnet\/?p=88677"},"modified":"2024-06-04T12:36:50","modified_gmt":"2024-06-04T15:36:50","slug":"ceama-e-repam-encontram-o-papa-convite-a-novos-caminhos-para-a-igreja-na-amazonia","status":"publish","type":"post","link":"https:\/\/catolicanet.net\/wp-cnet\/ceama-e-repam-encontram-o-papa-convite-a-novos-caminhos-para-a-igreja-na-amazonia\/","title":{"rendered":"CEAMA e REPAM encontram o Papa: convite a novos caminhos para a Igreja na Amaz\u00f4nia"},"content":{"rendered":"<figure class=\"article__image\" style=\"text-align: justify;\"><span class=\"didascalia_img\">Papa Francisco com delega\u00e7\u00f5es da Confer\u00eancia Eclesial Amaz\u00f4nica (CEAMA) e da Rede Eclesial Pamamazz\u00f4nica (REPAM). O cardeal Pedro Barreto \u00e9 o primeiro \u00e0 direita do Papa\u00a0 (Vatican Media)<\/span><\/figure>\n<div class=\"article__meta audioInside\" data-mediatype=\"\">\n<div class=\"article__subTitle\" style=\"text-align: justify;\">O cardeal peruano Pedro Barreto, presidente da Confer\u00eancia Eclesial Amaz\u00f4nica, junto com os outros membros dos dois organismos, foram recebidos na manh\u00e3 desta segunda-feira, 3 de junho, pelo Papa Francisco, com quem compartilharam os frutos do caminho sinodal amaz\u00f4nico: \u201cestamos vivendo um kairos eclesial\u201d.<\/div>\n<div class=\"title__separator\" style=\"text-align: justify;\"><\/div>\n<div class=\"article__text\">\n<p style=\"text-align: justify;\"><b>Johan Pacheco e Alessandro Di Bussolo \u2013 Vatican News<\/b><\/p>\n<p style=\"text-align: justify;\">\u201cA Amaz\u00f4nia reconhece o Papa Francisco como o \u2018av\u00f4\u2019. \u00c9 assim que eles o chamam, o av\u00f4, e para os povos nativos, o av\u00f4 \u00e9 a pessoa s\u00e1bia, a pessoa que guia, a pessoa que n\u00e3o tem outro interesse a n\u00e3o ser poder servir e encorajar a vida&#8221;, explica o cardeal peruano Pedro Ricardo Barreto Jimeno, presidente da Confer\u00eancia Eclesial Amaz\u00f4nica (CEAMA), em entrevista \u00e0 R\u00e1dio Vaticano &#8211; Vatican News, ap\u00f3s seu encontro com o Pont\u00edfice na manh\u00e3 desta segunda-feira, 3 de junho. A audi\u00eancia contou com a presen\u00e7a de membros da CEAMA e da Rede Eclesial Pan-Amaz\u00f4nica (REPAM).<\/p>\n<div style=\"text-align: justify;\">\n<div class=\"article__embed article__embed--unwrap article__embed--dark\">\n<div class=\"article__innerTitle\">Ou\u00e7a e compartilhe<\/div>\n<\/div>\n<\/div>\n<h2 style=\"text-align: justify;\">CEAMA o fruto maduro do S\u00ednodo sobre a Amaz\u00f4nia<\/h2>\n<p style=\"text-align: justify;\">\u201cOferecemos ao Papa os progressos que fizemos nos \u00faltimos anos, ap\u00f3s o S\u00ednodo sobre a Regi\u00e3o Pan-Amaz\u00f4nica que foi realizado h\u00e1 cinco anos, em 2019\u201d, enfatizou Barreto, \u201ce vimos como a Confer\u00eancia Eclesial Amaz\u00f4nica seja um fruto maduro desse processo sinodal que se desenvolveu em toda a regi\u00e3o\u201d. Durante o encontro, os participantes puderam expressar ao Papa sua preocupa\u00e7\u00e3o com o assassinato de defensores do meio ambiente e a explora\u00e7\u00e3o dos recursos naturais: \u201ca minera\u00e7\u00e3o ilegal\u201d, disseram eles, \u201ctorna a situa\u00e7\u00e3o cada vez mais dram\u00e1tica, devido aos efeitos das mudan\u00e7as clim\u00e1ticas\u201d.<\/p>\n<div style=\"text-align: justify;\">\n<div class=\"article__embed article__embed--unwrap article__embed--photo\">\n<figure><picture><img decoding=\"async\" class=\"loaded\" src=\"https:\/\/www.vaticannews.va\/content\/dam\/vaticannews\/agenzie\/images\/srv\/2024\/06\/03\/2024-06-03-delegazioni-della--conferencia-eclesial-de-la-amazoni\/1717400539990.JPG\/_jcr_content\/renditions\/cq5dam.thumbnail.cropped.750.422.jpeg\" alt=\"Encontro do Papa com uma delegada da REPAM no final da audi\u00eancia\" data-original=\"\/content\/dam\/vaticannews\/agenzie\/images\/srv\/2024\/06\/03\/2024-06-03-delegazioni-della--conferencia-eclesial-de-la-amazoni\/1717400539990.JPG\/_jcr_content\/renditions\/cq5dam.thumbnail.cropped.750.422.jpeg\" data-was-processed=\"true\" \/><\/picture><\/figure>\n<div class=\"photo_embed--Title\" style=\"text-align: center;\">Encontro do Papa com uma delegada da REPAM no final da audi\u00eancia<\/div>\n<\/div>\n<\/div>\n<h2 style=\"text-align: justify;\">\u201cNossa experi\u00eancia sinodal \u00e9 um modelo para a Igreja universal\u201d<\/h2>\n<p style=\"text-align: justify;\">O presidente da CEAMA conta que o Papa Francisco lhes agradeceu \u201cpelo trabalho que a Igreja est\u00e1 fazendo no contexto vital da Amaz\u00f4nia e nos disse para continuar trabalhando juntos, comprometendo-nos para que a experi\u00eancia sinodal na Amaz\u00f4nia se torne uma experi\u00eancia modelo do que pode ser a vida na Igreja universal\u201d. Estamos vivendo um kairos eclesial, continuou o cardeal peruano, \u201cum momento prop\u00edcio para a renova\u00e7\u00e3o da Igreja na Amaz\u00f4nia e, a partir da Amaz\u00f4nia, tamb\u00e9m estamos oferecendo \u00e0 Igreja universal um novo caminho, como foi solicitado no S\u00ednodo da Amaz\u00f4nia: novos caminhos para a Igreja\u201d.<\/p>\n<h2 style=\"text-align: justify;\">O Jubileu 2025 tamb\u00e9m est\u00e1 ligado \u00e0 espiritualidade sinodal<\/h2>\n<p style=\"text-align: justify;\">Todos juntos, todos os batizados e batizadas \u201cfazem parte do povo de Deus que est\u00e1 peregrinando na hist\u00f3ria com as consola\u00e7\u00f5es e car\u00edcias de Deus, mas tamb\u00e9m com as ang\u00fastias e l\u00e1grimas de tantos irm\u00e3os e irm\u00e3s\u201d, enfatiza o cardeal, olhando para o futuro do trabalho mission\u00e1rio e sinodal na Amaz\u00f4nia. E olhando para o Jubileu de 2025, o cardeal Barreto esclarece que \u201co Jubileu da Esperan\u00e7a tamb\u00e9m est\u00e1 intimamente ligado a essa espiritualidade sinodal. J\u00e1 h\u00e1 um in\u00edcio de sinais de entusiasmo e esse entusiasmo est\u00e1 se transformando em esperan\u00e7a. Mas a esperan\u00e7a est\u00e1 sendo traduzida em a\u00e7\u00e3o, em a\u00e7\u00e3o comum\u201d.<\/p>\n<div style=\"text-align: justify;\">\n<div class=\"article__embed article__embed--unwrap article__embed--photo\">\n<figure><picture><img decoding=\"async\" class=\"loaded\" src=\"https:\/\/www.vaticannews.va\/content\/dam\/vaticannews\/agenzie\/images\/srv\/2024\/06\/03\/2024-06-03-delegazioni-della--conferencia-eclesial-de-la-amazoni\/1717400550876.JPG\/_jcr_content\/renditions\/cq5dam.thumbnail.cropped.750.422.jpeg\" alt=\"Um momento da audi\u00eancia\" data-original=\"\/content\/dam\/vaticannews\/agenzie\/images\/srv\/2024\/06\/03\/2024-06-03-delegazioni-della--conferencia-eclesial-de-la-amazoni\/1717400550876.JPG\/_jcr_content\/renditions\/cq5dam.thumbnail.cropped.750.422.jpeg\" data-was-processed=\"true\" \/><\/picture><\/figure>\n<div class=\"photo_embed--Title\" style=\"text-align: center;\">Um momento da audi\u00eancia<\/div>\n<\/div>\n<\/div>\n<h2 style=\"text-align: justify;\">Apresenta\u00e7\u00e3o dos Atos do S\u00ednodo Pan-Amaz\u00f4nico na FAO<\/h2>\n<p style=\"text-align: justify;\">Nesta, ter\u00e7a-feira, 4 de junho, no Centro Sheikh Zayed da sede da FAO em Roma, ser\u00e3o apresentados os Atos da Assembleia Especial do S\u00ednodo dos Bispos para a Regi\u00e3o Pan-Amaz\u00f4nica, intitulados \u201cNovos caminhos para a Igreja e para uma ecologia integral\u201d. E na sexta-feira, 7 de junho, a Pontif\u00edcia Universidade Gregoriana sediar\u00e1 uma confer\u00eancia sobre o caminho sinodal da Igreja na Amaz\u00f4nia, promovida pela REPAM e pelo CEAMA.<\/p>\n<\/div>\n<\/div>\n","protected":false},"excerpt":{"rendered":"<p>Papa Francisco com delega\u00e7\u00f5es da Confer\u00eancia Eclesial Amaz\u00f4nica (CEAMA) e da Rede Eclesial Pamamazz\u00f4nica (REPAM). O cardeal Pedro Barreto \u00e9 o primeiro \u00e0 direita do Papa\u00a0 (Vatican Media) O cardeal peruano Pedro Barreto, presidente da Confer\u00eancia Eclesial Amaz\u00f4nica, junto com os outros membros dos dois organismos, foram recebidos na manh\u00e3 desta segunda-feira, 3 de junho, [&hellip;]<\/p>\n","protected":false},"author":1,"featured_media":88678,"comment_status":"open","ping_status":"closed","sticky":false,"template":"","format":"standard","meta":{"footnotes":""},"categories":[13,3],"tags":[],"class_list":["post-88677","post","type-post","status-publish","format-standard","has-post-thumbnail","hentry","category-featured","category-vaticano"],"_links":{"self":[{"href":"https:\/\/catolicanet.net\/wp-cnet\/wp-json\/wp\/v2\/posts\/88677","targetHints":{"allow":["GET"]}}],"collection":[{"href":"https:\/\/catolicanet.net\/wp-cnet\/wp-json\/wp\/v2\/posts"}],"about":[{"href":"https:\/\/catolicanet.net\/wp-cnet\/wp-json\/wp\/v2\/types\/post"}],"author":[{"embeddable":true,"href":"https:\/\/catolicanet.net\/wp-cnet\/wp-json\/wp\/v2\/users\/1"}],"replies":[{"embeddable":true,"href":"https:\/\/catolicanet.net\/wp-cnet\/wp-json\/wp\/v2\/comments?post=88677"}],"version-history":[{"count":1,"href":"https:\/\/catolicanet.net\/wp-cnet\/wp-json\/wp\/v2\/posts\/88677\/revisions"}],"predecessor-version":[{"id":88680,"href":"https:\/\/catolicanet.net\/wp-cnet\/wp-json\/wp\/v2\/posts\/88677\/revisions\/88680"}],"wp:featuredmedia":[{"embeddable":true,"href":"https:\/\/catolicanet.net\/wp-cnet\/wp-json\/wp\/v2\/media\/88678"}],"wp:attachment":[{"href":"https:\/\/catolicanet.net\/wp-cnet\/wp-json\/wp\/v2\/media?parent=88677"}],"wp:term":[{"taxonomy":"category","embeddable":true,"href":"https:\/\/catolicanet.net\/wp-cnet\/wp-json\/wp\/v2\/categories?post=88677"},{"taxonomy":"post_tag","embeddable":true,"href":"https:\/\/catolicanet.net\/wp-cnet\/wp-json\/wp\/v2\/tags?post=88677"}],"curies":[{"name":"wp","href":"https:\/\/api.w.org\/{rel}","templated":true}]}}