{"id":88636,"date":"2024-05-25T09:53:55","date_gmt":"2024-05-25T12:53:55","guid":{"rendered":"https:\/\/catolicanet.net\/wp-cnet\/?p=88636"},"modified":"2024-06-04T11:54:58","modified_gmt":"2024-06-04T14:54:58","slug":"um-deus-um-e-trino-que-nos-ensina-ser-comunidade","status":"publish","type":"post","link":"https:\/\/catolicanet.net\/wp-cnet\/um-deus-um-e-trino-que-nos-ensina-ser-comunidade\/","title":{"rendered":"Um Deus Um e Trino que nos ensina ser comunidade!"},"content":{"rendered":"<p style=\"text-align: justify;\">Na primeira das tr\u00eas solenidades do Tempo Comum, depois de termos vivenciado o santo tempo pascal, celebramos o mist\u00e9rio central da nossa f\u00e9 crist\u00e3: a Sant\u00edssima Trindade. Deus, uno e trino, se revela a n\u00f3s como Pai, Filho e Esp\u00edrito Santo. Este \u00e9 um mist\u00e9rio profundo e maravilhoso, que nos convida a refletir sobre a natureza divina e a nossa rela\u00e7\u00e3o com Ele.<\/p>\n<p style=\"text-align: justify;\">A primeira leitura deste domingo \u00e9 de Deuteron\u00f4mio 6, 4-5.<em> \u201cEscuta, Israel! O Senhor nosso Deus \u00e9 o \u00fanico Senhor. Ame o Senhor, seu Deus, de todo o cora\u00e7\u00e3o, de toda a alma e de todas as for\u00e7as.\u201d<\/em><\/p>\n<p style=\"text-align: justify;\">Esta passagem nos chama a reconhecer a unicidade de Deus. Embora celebremos a Trindade, n\u00e3o devemos esquecer que Deus \u00e9 uno. Esta unidade se manifesta em tr\u00eas pessoas distintas: Pai, Filho e Esp\u00edrito Santo. Deus nos chama a um relacionamento de amor total e incondicional com Ele.<\/p>\n<p style=\"text-align: justify;\">A Segunda Leitura \u00e9 de 2 Cor\u00edntios 13,13. <em>\u201cA gra\u00e7a do Senhor Jesus Cristo, o amor de Deus e a comunh\u00e3o do Esp\u00edrito Santo estejam com todos voc\u00eas.&#8221;<\/em> Nesta b\u00ean\u00e7\u00e3o final de Paulo, vemos uma clara refer\u00eancia \u00e0 Trindade. Ele menciona a gra\u00e7a de Jesus Cristo, o amor de Deus Pai e a comunh\u00e3o do Esp\u00edrito Santo. Cada pessoa da Trindade tem um papel espec\u00edfico em nossa salva\u00e7\u00e3o e na nossa vida crist\u00e3. A gra\u00e7a nos \u00e9 dada por Jesus, o amor vem do Pai, e a comunh\u00e3o \u00e9 mantida pelo Esp\u00edrito Santo.<\/p>\n<p style=\"text-align: justify;\">O Evangelho \u00e9 de Mateus 28, 19-20. <em>\u201cPortanto, v\u00e3o e fa\u00e7am disc\u00edpulos de todas as na\u00e7\u00f5es, batizando-os em nome do Pai, do Filho e do Esp\u00edrito Santo, ensinando-os a obedecer a tudo o que eu lhes ordenei. E eu estarei sempre com voc\u00eas, at\u00e9 o fim dos tempos.&#8221; <\/em><\/p>\n<p style=\"text-align: justify;\">Jesus, antes de ascender ao c\u00e9u, d\u00e1 aos seus disc\u00edpulos a grande comiss\u00e3o. Ele ordena que batizem em nome da Trindade, reconhecendo a unidade e a distin\u00e7\u00e3o das tr\u00eas pessoas. Esta passagem nos lembra que nossa miss\u00e3o como crist\u00e3os \u00e9 compartilhar essa verdade com o mundo.<\/p>\n<p style=\"text-align: justify;\">O mist\u00e9rio da Sant\u00edssima Trindade pode ser dif\u00edcil de compreender plenamente, mas \u00e9 fundamental para a nossa f\u00e9. Deus Pai \u00e9 o criador de tudo, que nos ama e cuida de n\u00f3s. Deus Filho, Jesus Cristo, \u00e9 o redentor, que nos salva atrav\u00e9s da sua morte e ressurrei\u00e7\u00e3o. Deus Esp\u00edrito Santo \u00e9 o consolador, que nos guia e fortalece em nossa caminhada espiritual.<\/p>\n<p style=\"text-align: justify;\">Celebrar a Sant\u00edssima Trindade \u00e9 um convite a aprofundar nosso relacionamento com Deus em todas as suas manifesta\u00e7\u00f5es. Que possamos viver na gra\u00e7a de Jesus Cristo, no amor de Deus Pai e na comunh\u00e3o do Esp\u00edrito Santo, testemunhando ao mundo o mist\u00e9rio e a beleza da Trindade. Am\u00e9m.<\/p>\n<p style=\"text-align: center;\"><strong>+Anuar Battisti<\/strong><br \/>\n<strong>Arcebispo Em\u00e9rito de Maring\u00e1 (PR)<\/strong><\/p>\n","protected":false},"excerpt":{"rendered":"<p>Na primeira das tr\u00eas solenidades do Tempo Comum, depois de termos vivenciado o santo tempo pascal, celebramos o mist\u00e9rio central da nossa f\u00e9 crist\u00e3: a Sant\u00edssima Trindade. Deus, uno e trino, se revela a n\u00f3s como Pai, Filho e Esp\u00edrito Santo. Este \u00e9 um mist\u00e9rio profundo e maravilhoso, que nos convida a refletir sobre a [&hellip;]<\/p>\n","protected":false},"author":1,"featured_media":55814,"comment_status":"open","ping_status":"closed","sticky":false,"template":"","format":"standard","meta":{"footnotes":""},"categories":[9],"tags":[],"class_list":["post-88636","post","type-post","status-publish","format-standard","has-post-thumbnail","hentry","category-artigos"],"_links":{"self":[{"href":"https:\/\/catolicanet.net\/wp-cnet\/wp-json\/wp\/v2\/posts\/88636","targetHints":{"allow":["GET"]}}],"collection":[{"href":"https:\/\/catolicanet.net\/wp-cnet\/wp-json\/wp\/v2\/posts"}],"about":[{"href":"https:\/\/catolicanet.net\/wp-cnet\/wp-json\/wp\/v2\/types\/post"}],"author":[{"embeddable":true,"href":"https:\/\/catolicanet.net\/wp-cnet\/wp-json\/wp\/v2\/users\/1"}],"replies":[{"embeddable":true,"href":"https:\/\/catolicanet.net\/wp-cnet\/wp-json\/wp\/v2\/comments?post=88636"}],"version-history":[{"count":1,"href":"https:\/\/catolicanet.net\/wp-cnet\/wp-json\/wp\/v2\/posts\/88636\/revisions"}],"predecessor-version":[{"id":88638,"href":"https:\/\/catolicanet.net\/wp-cnet\/wp-json\/wp\/v2\/posts\/88636\/revisions\/88638"}],"wp:featuredmedia":[{"embeddable":true,"href":"https:\/\/catolicanet.net\/wp-cnet\/wp-json\/wp\/v2\/media\/55814"}],"wp:attachment":[{"href":"https:\/\/catolicanet.net\/wp-cnet\/wp-json\/wp\/v2\/media?parent=88636"}],"wp:term":[{"taxonomy":"category","embeddable":true,"href":"https:\/\/catolicanet.net\/wp-cnet\/wp-json\/wp\/v2\/categories?post=88636"},{"taxonomy":"post_tag","embeddable":true,"href":"https:\/\/catolicanet.net\/wp-cnet\/wp-json\/wp\/v2\/tags?post=88636"}],"curies":[{"name":"wp","href":"https:\/\/api.w.org\/{rel}","templated":true}]}}