{"id":88626,"date":"2024-05-27T09:42:09","date_gmt":"2024-05-27T12:42:09","guid":{"rendered":"https:\/\/catolicanet.net\/wp-cnet\/?p=88626"},"modified":"2024-06-04T11:45:26","modified_gmt":"2024-06-04T14:45:26","slug":"familia-crista-atacada-por-multidao-enfurecida-no-paquistao","status":"publish","type":"post","link":"https:\/\/catolicanet.net\/wp-cnet\/familia-crista-atacada-por-multidao-enfurecida-no-paquistao\/","title":{"rendered":"Fam\u00edlia crist\u00e3 atacada por multid\u00e3o enfurecida no Paquist\u00e3o"},"content":{"rendered":"<p style=\"text-align: center;\"><strong><em>Um crist\u00e3o foi brutalmente espancado ap\u00f3s uma falsa acusa\u00e7\u00e3o de queimar p\u00e1ginas do Alcor\u00e3o.\u00a0<\/em><\/strong><\/p>\n<p style=\"text-align: center;\"><strong><em>Uma multid\u00e3o de fan\u00e1ticos destruiu sua casa e seus neg\u00f3cios. A v\u00edtima est\u00e1 internada, em estado grave.<\/em><\/strong><\/p>\n<p style=\"text-align: center;\">\u00a0<em>Link para os v\u00eddeos do ataque \u00e0 fam\u00edlia crist\u00e3 acusada de blasf\u00eamia, no Paquist\u00e3o:<\/em><\/p>\n<p style=\"text-align: center;\"><a href=\"https:\/\/acnbr-my.sharepoint.com\/:f:\/g\/personal\/rodrigo_acn_org_br\/EvlKbEQGb-1Jq7icUuG4rkwBCZaLY_T8IsYvqnkhD4mqMg?e=P0iPIl\"><em>https:\/\/acnbr-my.sharepoint.com\/:f:\/g\/personal\/rodrigo_acn_org_br\/EvlKbEQGb-1Jq7icUuG4rkwBCZaLY_T8IsYvqnkhD4mqMg?e=P0iPIl<\/em><\/a><\/p>\n<p style=\"text-align: justify;\">Uma fam\u00edlia crist\u00e3 no Paquist\u00e3o sofreu um ataque violento nas m\u00e3os de uma multid\u00e3o enfurecida de fan\u00e1ticos mu\u00e7ulmanos neste s\u00e1bado, 25 de maio, ap\u00f3s uma falsa acusa\u00e7\u00e3o de blasf\u00eamia. De acordo com informa\u00e7\u00f5es enviadas para a Funda\u00e7\u00e3o Pontif\u00edcia de caridade internacional Ajuda \u00e0 Igreja que Sofre &#8211; ACN, a falsa acusa\u00e7\u00e3o levou a uma nova onda de terror contra uma fam\u00edlia crist\u00e3.<\/p>\n<p style=\"text-align: justify;\">Nazir Gill Masih, dono de uma f\u00e1brica de cal\u00e7ados na col\u00f4nia Gillwala Mujahid, em Sargodha, Punjab, foi espancado ap\u00f3s uma falsa acusa\u00e7\u00e3o de ter queimado p\u00e1ginas do Alcor\u00e3o. Entre 7h e 8h da manh\u00e3, uma multid\u00e3o atacou a fam\u00edlia, saqueando e incendiando sua f\u00e1brica e casa. Embora dez membros da fam\u00edlia tenham conseguido escapar, Nazir Gill Masih foi gravemente espancado e ferido antes que a pol\u00edcia chegasse e conseguisse retir\u00e1-lo da multid\u00e3o. Ele foi levado ao hospital para atendimento m\u00e9dico de urg\u00eancia.<\/p>\n<p style=\"text-align: justify;\">Naeem Yousaf Gill, diretor executivo da Comiss\u00e3o Nacional (Cat\u00f3lica) de Justi\u00e7a e Paz, disse \u00e0 ACN que os ataques provavelmente foram motivados por rivalidade empresarial e disputas pessoais. &#8220;As raz\u00f5es finais ficar\u00e3o mais claras ap\u00f3s uma investiga\u00e7\u00e3o&#8221;, disse.<\/p>\n<p style=\"text-align: justify;\">O arcebispo de Islamabad-Rawalpindi, Joseph Arshad, visitou Sargodha no dia dos incidentes. &#8220;Fiquei chocado e muito triste ao saber do ataque. Este incidente foi desumano. Fui imediatamente a Sargodha, porque \u00e9 na minha diocese, e tinha de estar com o meu povo, para encoraj\u00e1-los e tamb\u00e9m os meus padres, e falar com a administra\u00e7\u00e3o para ver se est\u00e3o fazendo uma investiga\u00e7\u00e3o justa dos incidentes&#8221;, disse \u00e0 ACN.<\/p>\n<p style=\"text-align: justify;\">Ele exorta o governo a introduzir pol\u00edticas r\u00edgidas para evitar esses incidentes extremistas e violentos, e garantir a seguran\u00e7a da comunidade crist\u00e3. &#8220;Ningu\u00e9m tem permiss\u00e3o para tomar a lei em suas pr\u00f3prias m\u00e3os, e isso est\u00e1 acontecendo no Paquist\u00e3o. Eles devem introduzir pol\u00edticas para garantir que esses incidentes n\u00e3o possam acontecer novamente&#8221;, disse.<\/p>\n<p style=\"text-align: justify;\">O l\u00edder cat\u00f3lico explica que &#8220;a situa\u00e7\u00e3o est\u00e1 sob controle agora, mas a popula\u00e7\u00e3o crist\u00e3 ainda est\u00e1 com medo, a maioria deles saiu para ficar com outros parentes. A C\u00e1ritas ficar\u00e1 de prontid\u00e3o se precisar de algum apoio&#8221;.<\/p>\n<p style=\"text-align: justify;\">Diferentes fontes confirmaram que Nazir est\u00e1 na unidade de cuidados intensivos, em estado cr\u00edtico. V\u00eddeos e imagens brutais enviados \u00e0 ACN, mostrando um idoso ensanguentado e inconsciente, parecem apoiar o dram\u00e1tico estado de sa\u00fade de Nazir. &#8220;Outro sujeito que tentou salvar Nazir tamb\u00e9m foi espancado pela multid\u00e3o&#8221;, diz Naeem Yousaf Gill. &#8220;O resto da fam\u00edlia n\u00e3o se feriu e agora est\u00e1 sob cust\u00f3dia da pol\u00edcia&#8221;, disse Naeem \u00e0 ACN.<\/p>\n<p style=\"text-align: justify;\">A blasf\u00eamia \u00e9 um crime capital no Paquist\u00e3o e pode ser pun\u00edvel com morte ou pris\u00e3o perp\u00e9tua. No entanto, a blasf\u00eamia \u00e9 muitas vezes usada indevidamente para falsas acusa\u00e7\u00f5es e as multid\u00f5es tomam as coisas em suas pr\u00f3prias m\u00e3os e lincham os suspeitos.<\/p>\n<p style=\"text-align: justify;\">O professor Shadid Mobeen, colaborador do <a href=\"https:\/\/www.acn.org.br\/relatorio-liberdade-religiosa\/\">relat\u00f3rio Liberdade Religiosa no Mundo da ACN<\/a>, e sobrinho da v\u00edtima, confirmou o incidente e a situa\u00e7\u00e3o cr\u00edtica de Nazir Masih, dizendo \u00e0 ACN que &#8220;o papel da comunidade internacional e dos meios de comunica\u00e7\u00e3o \u00e9 essencial para pressionar o Paquist\u00e3o a proteger as suas minorias religiosas da mentalidade extremista&#8221;.<\/p>\n<p style=\"text-align: justify;\">Este ataque lembra os <a href=\"https:\/\/www.acn.org.br\/multidao-queima-igrejas-e-casas-no-paquistao\/\">dist\u00farbios em Jaranwala<\/a> que foram desencadeados em 16 de agosto de 2023 por outra falsa acusa\u00e7\u00e3o de blasf\u00eamia, quando come\u00e7aram a se espalhar rumores de que os irm\u00e3os haviam desrespeitado o Alcor\u00e3o. Multid\u00f5es ent\u00e3o passaram a atacar os crist\u00e3os, suas casas e locais de culto.<\/p>\n<p style=\"text-align: justify;\">A ACN condena veementemente o ataque e a viol\u00eancia contra a comunidade crist\u00e3. A organiza\u00e7\u00e3o se solidariza com a fam\u00edlia afetada e toda a comunidade crist\u00e3 no Paquist\u00e3o.<\/p>\n","protected":false},"excerpt":{"rendered":"<p>Um crist\u00e3o foi brutalmente espancado ap\u00f3s uma falsa acusa\u00e7\u00e3o de queimar p\u00e1ginas do Alcor\u00e3o.\u00a0 Uma multid\u00e3o de fan\u00e1ticos destruiu sua casa e seus neg\u00f3cios. A v\u00edtima est\u00e1 internada, em estado grave. \u00a0Link para os v\u00eddeos do ataque \u00e0 fam\u00edlia crist\u00e3 acusada de blasf\u00eamia, no Paquist\u00e3o: https:\/\/acnbr-my.sharepoint.com\/:f:\/g\/personal\/rodrigo_acn_org_br\/EvlKbEQGb-1Jq7icUuG4rkwBCZaLY_T8IsYvqnkhD4mqMg?e=P0iPIl Uma fam\u00edlia crist\u00e3 no Paquist\u00e3o sofreu um ataque violento [&hellip;]<\/p>\n","protected":false},"author":1,"featured_media":88627,"comment_status":"open","ping_status":"closed","sticky":false,"template":"","format":"standard","meta":{"footnotes":""},"categories":[4,13],"tags":[],"class_list":["post-88626","post","type-post","status-publish","format-standard","has-post-thumbnail","hentry","category-cotidiano","category-featured"],"_links":{"self":[{"href":"https:\/\/catolicanet.net\/wp-cnet\/wp-json\/wp\/v2\/posts\/88626","targetHints":{"allow":["GET"]}}],"collection":[{"href":"https:\/\/catolicanet.net\/wp-cnet\/wp-json\/wp\/v2\/posts"}],"about":[{"href":"https:\/\/catolicanet.net\/wp-cnet\/wp-json\/wp\/v2\/types\/post"}],"author":[{"embeddable":true,"href":"https:\/\/catolicanet.net\/wp-cnet\/wp-json\/wp\/v2\/users\/1"}],"replies":[{"embeddable":true,"href":"https:\/\/catolicanet.net\/wp-cnet\/wp-json\/wp\/v2\/comments?post=88626"}],"version-history":[{"count":1,"href":"https:\/\/catolicanet.net\/wp-cnet\/wp-json\/wp\/v2\/posts\/88626\/revisions"}],"predecessor-version":[{"id":88629,"href":"https:\/\/catolicanet.net\/wp-cnet\/wp-json\/wp\/v2\/posts\/88626\/revisions\/88629"}],"wp:featuredmedia":[{"embeddable":true,"href":"https:\/\/catolicanet.net\/wp-cnet\/wp-json\/wp\/v2\/media\/88627"}],"wp:attachment":[{"href":"https:\/\/catolicanet.net\/wp-cnet\/wp-json\/wp\/v2\/media?parent=88626"}],"wp:term":[{"taxonomy":"category","embeddable":true,"href":"https:\/\/catolicanet.net\/wp-cnet\/wp-json\/wp\/v2\/categories?post=88626"},{"taxonomy":"post_tag","embeddable":true,"href":"https:\/\/catolicanet.net\/wp-cnet\/wp-json\/wp\/v2\/tags?post=88626"}],"curies":[{"name":"wp","href":"https:\/\/api.w.org\/{rel}","templated":true}]}}