{"id":88623,"date":"2024-06-02T09:40:48","date_gmt":"2024-06-02T12:40:48","guid":{"rendered":"https:\/\/catolicanet.net\/wp-cnet\/?p=88623"},"modified":"2024-06-04T11:41:47","modified_gmt":"2024-06-04T14:41:47","slug":"levanta-te-e-fica-aqui-no-meio","status":"publish","type":"post","link":"https:\/\/catolicanet.net\/wp-cnet\/levanta-te-e-fica-aqui-no-meio\/","title":{"rendered":"\u201cLevanta-te e fica aqui no meio!\u201d"},"content":{"rendered":"<p style=\"text-align: center;\"><em>\u00a0(Mc 3,3)<\/em><\/p>\n<p style=\"text-align: center;\"><em>9\u00b0 Domingo do Tempo Comum<\/em><\/p>\n<p style=\"text-align: justify;\"><em>\u00a0<\/em>Celebramos neste domingo, o nono do Tempo Comum, ap\u00f3s termos celebrado Pentecostes, Sant\u00edssima Trindade e Corpus Christi e nos preparamos para a Solenidade do Cora\u00e7\u00e3o de Jesus junto com o Dia de Ora\u00e7\u00e3o pela Santifica\u00e7\u00e3o dos Sacerdotes. O Tempo Comum \u00e9 constitu\u00eddo de 34 semanas, encerrando com a Solenidade de Cristo Rei do universo. Esse \u00e9 o tempo da esperan\u00e7a em que somos convidados a anunciar o Reino de Deus e fazer com que ele aconte\u00e7a em nosso meio.<\/p>\n<p style=\"text-align: justify;\">Ao longo do Tempo Comum, que \u00e9 dividido em duas partes, a primeira at\u00e9 a ter\u00e7a-feira de carnaval e a segunda parte depois de Pentecostes at\u00e9 a solenidade de Cristo Rei do Universo, acompanhamos Jesus ao longo de sua vida p\u00fablica anunciando o Reino de Deus rumo a Jerusal\u00e9m. Essa era a miss\u00e3o de Jesus, anunciar o Reino de Deus at\u00e9 entrar em Jerusal\u00e9m.<\/p>\n<p style=\"text-align: justify;\">Para n\u00f3s cat\u00f3licos o Domingo \u00e9 o dia consagrado ao Senhor, pois foi quando o Senhor ressuscitou, e assim, a partir da ressurrei\u00e7\u00e3o de Jesus o domingo, primeiro dia da semana, ganha um novo sentido que se abre para a eternidade que chamamos o oitavo dia.<\/p>\n<p style=\"text-align: justify;\">No tempo de Jesus e at\u00e9 os dias de hoje, os judeus guardam o s\u00e1bado e no evangelho deste domingo observamos alguns doutores da lei e fariseus criticando as a\u00e7\u00f5es que Jesus realizava aos s\u00e1bados e Jesus vai responder que mesmo sendo s\u00e1bado n\u00e3o podemos deixar de fazer o bem. E para n\u00f3s cat\u00f3licos, n\u00e3o podemos deixar de fazer o bem, mesmo sendo Domingo.<\/p>\n<p style=\"text-align: justify;\">Por isso, devemos participar junto com a fam\u00edlia das missas dominicais em nossas par\u00f3quias, mas n\u00e3o devemos deixar de fazer o bem, ajudando o pr\u00f3ximo em suas necessidades, acolhendo um irm\u00e3o que est\u00e1 necessitado, enfim. Conforme Jesus diz no Evangelho, <em>\u201co s\u00e1bado foi feito para o homem e n\u00e3o o homem para o s\u00e1bado\u201d<\/em>, podemos dizer essa frase mudando para o Domingo.<\/p>\n<p style=\"text-align: justify;\">A primeira leitura da missa deste Domingo \u00e9 do livro do Deuteron\u00f4mio <em>(Dt 5, 12-15),<\/em> o livro da lei, o povo judeu al\u00e9m dos dez mandamentos tinha 613 leis para cumprirem. Aqui j\u00e1 se prescrevia que eles deveriam guardar o s\u00e1bado como dia consagrado, conforme as autoridades judaicas v\u00e3o dizer no Evangelho \u00e0 Jesus. O Senhor diz que deveriam trabalhar seis dias e no s\u00e9timo descansar e dedicar ao Senhor. Do mesmo modo que o Senhor criou o universo em seis dias e no s\u00e9timo descansou. N\u00f3s cat\u00f3licos n\u00e3o vamos contra a lei, mas a partir de Jesus a lei ganha um novo sentido e guardamos o domingo porque foi o dia em que Jesus ressuscitou, o maior evento da humanidade, uma nova cria\u00e7\u00e3o.<\/p>\n<p style=\"text-align: justify;\">O salmo responsorial \u00e9 o 80 (81) que diz em seu refr\u00e3o<em>: \u201cExultai no Senhor, nossa for\u00e7a\u201d, <\/em>exultemos de alegria no Senhor, pois o Senhor criou o universo, resgatou o povo do Egito e os conduziu \u00e0 terra prometida, resgatou esse povo de terra estrangeira ao longo do ex\u00edlio e os trouxe de volta \u00e0 sua terra. E por fim, fez uma eterna alian\u00e7a com a humanidade a partir do envio de Jesus Cristo. Somente Ele \u00e9 o Deus \u00fanico, n\u00e3o existe outro fora Ele, pois somente a Ele deveremos prestar culto.<\/p>\n<p style=\"text-align: justify;\">A segunda leitura \u00e9 da segunda carta de S\u00e3o Paulo ao Cor\u00edntios <em>(2Cor 4, 6-11), <\/em>Paulo diz \u00e0 comunidade dos Corintos que somos chamados a ser luz uns para os outros, desde o nosso batismo recebemos a luz e chamados a irradiar o mundo com a luz e n\u00e3o ser trevas e nem escurid\u00e3o. Somos chamados tamb\u00e9m a nutrir a esperan\u00e7a, por mais que estejamos passando por momentos dif\u00edceis temos que nutrir a esperan\u00e7a de que tudo vai melhorar.<\/p>\n<p style=\"text-align: justify;\">Somos mais que vencedores, pois Jesus Cristo est\u00e1 conosco, somos afligidos de todos os lados, mas n\u00e3o seremos derrotados, pois devemos colocar nossa esperan\u00e7a em Jesus Cristo que venceu a morte.<\/p>\n<p style=\"text-align: justify;\">O Evangelho deste domingo \u00e9 de Marcos <em>(Mc 2,23-3,6): <\/em>nesse trecho do evangelho Jesus est\u00e1 em sua vida p\u00fablica caminhando com seus disc\u00edpulos em meio \u00e0 planta\u00e7\u00e3o de milho, e os disc\u00edpulos come\u00e7am a retirar as espigas para comer. Era um dia de s\u00e1bado e os fariseus e doutores da lei come\u00e7am a questionar por que Jesus permitia que os disc\u00edpulos fizessem isso em dia de s\u00e1bado. Em seguida, Jesus entrou na sinagoga e encontrou um homem com a m\u00e3o seca, os fariseus e doutores da lei esperavam para ver se Jesus realizaria um milagre sendo s\u00e1bado. Jesus realiza a cura dizendo para o homem ficar em p\u00e9 ali no meio da sinagoga.<\/p>\n<p style=\"text-align: justify;\">Em primeiro lugar, Jesus pede para o homem ficar no meio, pois Jesus pregava a inclus\u00e3o, ou seja, trazia de volta aqueles que estavam exclu\u00eddos da sociedade, como por exemplo, doentes e pecadores. Por isso, ele pede para o homem ficar no meio da sinagoga, pois ele fez com que o homem se sentisse parte da sociedade novamente. Esse texto foi o lema da Campanha da Fraternidade de 2006 que tratou das pessoas com defici\u00eancia. Em segundo lugar, Jesus pergunta a todos se podemos deixar de fazer o bem ou de ajudar o pr\u00f3ximo mesmo sendo s\u00e1bado.<\/p>\n<p style=\"text-align: justify;\">Em suma, Jesus quer dizer que n\u00e3o podemos ser escravos da lei, as leis s\u00e3o colocadas para nos orientar dentro da nossa caminhada de f\u00e9 observando as leis e ajudando as pessoas.<\/p>\n<p style=\"text-align: justify;\">O dia consagrado ao Senhor para n\u00f3s cat\u00f3licos \u00e9 o domingo, o guardemos como ele merece participando da celebra\u00e7\u00e3o da missa e dedicando parte desse dia as pastorais de nossa par\u00f3quia, mas mesmo sendo domingo n\u00e3o deixemos de fazer o bem e de estender a m\u00e3o para o nosso pr\u00f3ximo.<\/p>\n","protected":false},"excerpt":{"rendered":"<p>\u00a0(Mc 3,3) 9\u00b0 Domingo do Tempo Comum \u00a0Celebramos neste domingo, o nono do Tempo Comum, ap\u00f3s termos celebrado Pentecostes, Sant\u00edssima Trindade e Corpus Christi e nos preparamos para a Solenidade do Cora\u00e7\u00e3o de Jesus junto com o Dia de Ora\u00e7\u00e3o pela Santifica\u00e7\u00e3o dos Sacerdotes. O Tempo Comum \u00e9 constitu\u00eddo de 34 semanas, encerrando com a [&hellip;]<\/p>\n","protected":false},"author":5,"featured_media":55819,"comment_status":"open","ping_status":"closed","sticky":false,"template":"","format":"standard","meta":{"footnotes":""},"categories":[9],"tags":[],"class_list":["post-88623","post","type-post","status-publish","format-standard","has-post-thumbnail","hentry","category-artigos"],"_links":{"self":[{"href":"https:\/\/catolicanet.net\/wp-cnet\/wp-json\/wp\/v2\/posts\/88623","targetHints":{"allow":["GET"]}}],"collection":[{"href":"https:\/\/catolicanet.net\/wp-cnet\/wp-json\/wp\/v2\/posts"}],"about":[{"href":"https:\/\/catolicanet.net\/wp-cnet\/wp-json\/wp\/v2\/types\/post"}],"author":[{"embeddable":true,"href":"https:\/\/catolicanet.net\/wp-cnet\/wp-json\/wp\/v2\/users\/5"}],"replies":[{"embeddable":true,"href":"https:\/\/catolicanet.net\/wp-cnet\/wp-json\/wp\/v2\/comments?post=88623"}],"version-history":[{"count":1,"href":"https:\/\/catolicanet.net\/wp-cnet\/wp-json\/wp\/v2\/posts\/88623\/revisions"}],"predecessor-version":[{"id":88625,"href":"https:\/\/catolicanet.net\/wp-cnet\/wp-json\/wp\/v2\/posts\/88623\/revisions\/88625"}],"wp:featuredmedia":[{"embeddable":true,"href":"https:\/\/catolicanet.net\/wp-cnet\/wp-json\/wp\/v2\/media\/55819"}],"wp:attachment":[{"href":"https:\/\/catolicanet.net\/wp-cnet\/wp-json\/wp\/v2\/media?parent=88623"}],"wp:term":[{"taxonomy":"category","embeddable":true,"href":"https:\/\/catolicanet.net\/wp-cnet\/wp-json\/wp\/v2\/categories?post=88623"},{"taxonomy":"post_tag","embeddable":true,"href":"https:\/\/catolicanet.net\/wp-cnet\/wp-json\/wp\/v2\/tags?post=88623"}],"curies":[{"name":"wp","href":"https:\/\/api.w.org\/{rel}","templated":true}]}}