{"id":88578,"date":"2024-06-02T10:31:06","date_gmt":"2024-06-02T13:31:06","guid":{"rendered":"https:\/\/catolicanet.net\/wp-cnet\/?p=88578"},"modified":"2024-06-03T12:32:16","modified_gmt":"2024-06-03T15:32:16","slug":"9o-domingo-do-comum-a-fe-que-constroi-sobre-a-rocha","status":"publish","type":"post","link":"https:\/\/catolicanet.net\/wp-cnet\/9o-domingo-do-comum-a-fe-que-constroi-sobre-a-rocha\/","title":{"rendered":"9\u00ba Domingo do Comum &#8211; A F\u00e9 que constr\u00f3i sobre a Rocha"},"content":{"rendered":"<p style=\"text-align: justify;\">Amados irm\u00e3os e irm\u00e3s, hoje celebramos o 9\u00ba Domingo do Tempo Comum. As leituras de hoje falam sobre construir nossa vida sobre a rocha firme da f\u00e9 em Deus e em Sua Palavra.<\/p>\n<p style=\"text-align: justify;\">Na primeira leitura, do livro do Deuteron\u00f4mio 11,18.26-28.32, Mois\u00e9s exorta o povo de Israel a guardar os mandamentos do Senhor em seus cora\u00e7\u00f5es e em suas almas: <em>\u201cGravai, pois, estas minhas palavras em vossos cora\u00e7\u00f5es e em vossas almas; atai-as como um sinal em vossas m\u00e3os, e elas sejam como faixas entre vossos olhos.\u201d <\/em>(Dt 11,18). Esta exorta\u00e7\u00e3o nos lembra que a obedi\u00eancia \u00e0 Palavra de Deus deve ser a base de nossas vidas. Quando seguimos os mandamentos de Deus, escolhemos a b\u00ean\u00e7\u00e3o, mas ao ignor\u00e1-los, escolhemos a maldi\u00e7\u00e3o.<\/p>\n<p style=\"text-align: justify;\">Assim como Mois\u00e9s exortou os israelitas, devemos gravar a Palavra de Deus em nossos cora\u00e7\u00f5es e viver de acordo com Seus mandamentos. Isso significa dedicar tempo \u00e0 leitura e medita\u00e7\u00e3o das Escrituras, e buscar aplicar seus ensinamentos em nossas vidas di\u00e1rias.<\/p>\n<p style=\"text-align: justify;\">Na carta aos Romanos (3,21-25.28), S\u00e3o Paulo nos ensina sobre a justi\u00e7a de Deus que se manifesta pela f\u00e9 em Jesus Cristo para todos os que creem: <em>\u201cPois todos pecaram e est\u00e3o privados da gl\u00f3ria de Deus, e s\u00e3o justificados gratuitamente pela sua gra\u00e7a, por meio da reden\u00e7\u00e3o que h\u00e1 em Cristo Jesus.\u201d<\/em> (Rm 3,23-24). Esta passagem nos lembra que n\u00e3o somos salvos por nossas pr\u00f3prias obras, mas pela f\u00e9 em Jesus Cristo, que nos redime e nos justifica diante de Deus.<\/p>\n<p style=\"text-align: justify;\">S\u00e3o Paulo nos lembra que somos justificados pela f\u00e9 em Cristo. Devemos confiar na reden\u00e7\u00e3o que Ele nos oferece e permitir que essa f\u00e9 transforme nossas vidas, guiando nossas a\u00e7\u00f5es e decis\u00f5es.<\/p>\n<p style=\"text-align: justify;\">No Evangelho de hoje, Mateus 7,21-27, Jesus nos conta a par\u00e1bola dos dois construtores: <em>\u201cTodo aquele, pois, que ouve estas minhas palavras e as p\u00f5e em pr\u00e1tica ser\u00e1 comparado a um homem prudente, que edificou a sua casa sobre a rocha. Caiu a chuva, vieram as enxurradas, sopraram os ventos e deram contra aquela casa; contudo, ela n\u00e3o caiu, porque estava fundada sobre a rocha.\u201d<\/em> (Mt 7,24-25). Jesus nos chama a n\u00e3o apenas ouvir suas palavras, mas a coloc\u00e1-las em pr\u00e1tica, para que possamos construir nossas vidas sobre a rocha firme da f\u00e9, que resiste a todas as adversidades.<\/p>\n<p style=\"text-align: justify;\">A par\u00e1bola dos dois construtores nos ensina a import\u00e2ncia de n\u00e3o apenas ouvir as palavras de Jesus, mas coloc\u00e1-las em pr\u00e1tica. Devemos examinar nossas vidas e identificar \u00e1reas onde podemos viver mais fielmente de acordo com Seus ensinamentos.<\/p>\n<p style=\"text-align: justify;\">Queridos irm\u00e3os e irm\u00e3s, as leituras de hoje nos desafiam a refletir sobre onde estamos construindo nossas vidas. Estamos edificando sobre a areia das coisas passageiras e das preocupa\u00e7\u00f5es mundanas, ou estamos construindo sobre a rocha s\u00f3lida da f\u00e9 em Cristo e na Sua Palavra? A verdadeira seguran\u00e7a e paz v\u00eam de viver conforme os ensinamentos de Jesus, colocando em pr\u00e1tica os mandamentos de Deus e confiando na gra\u00e7a redentora de Cristo.<\/p>\n<p style=\"text-align: justify;\">Irm\u00e3os e irm\u00e3s, sejamos como o homem prudente que construiu sua casa sobre a rocha. Que nossas vidas sejam firmemente estabelecidas na f\u00e9 em Cristo e na obedi\u00eancia \u00e0 Palavra de Deus, para que possamos resistir \u00e0s tempestades da vida e alcan\u00e7ar a verdadeira paz e seguran\u00e7a. Am\u00e9m.<\/p>\n<p>&nbsp;<\/p>\n<p style=\"text-align: center;\"><strong>+Anuar Battisti<\/strong><br \/>\n<strong>Arcebispo Em\u00e9rito de Maring\u00e1 (PR)<\/strong><\/p>\n","protected":false},"excerpt":{"rendered":"<p>Amados irm\u00e3os e irm\u00e3s, hoje celebramos o 9\u00ba Domingo do Tempo Comum. As leituras de hoje falam sobre construir nossa vida sobre a rocha firme da f\u00e9 em Deus e em Sua Palavra. Na primeira leitura, do livro do Deuteron\u00f4mio 11,18.26-28.32, Mois\u00e9s exorta o povo de Israel a guardar os mandamentos do Senhor em seus [&hellip;]<\/p>\n","protected":false},"author":1,"featured_media":55814,"comment_status":"open","ping_status":"closed","sticky":false,"template":"","format":"standard","meta":{"footnotes":""},"categories":[9],"tags":[],"class_list":["post-88578","post","type-post","status-publish","format-standard","has-post-thumbnail","hentry","category-artigos"],"_links":{"self":[{"href":"https:\/\/catolicanet.net\/wp-cnet\/wp-json\/wp\/v2\/posts\/88578","targetHints":{"allow":["GET"]}}],"collection":[{"href":"https:\/\/catolicanet.net\/wp-cnet\/wp-json\/wp\/v2\/posts"}],"about":[{"href":"https:\/\/catolicanet.net\/wp-cnet\/wp-json\/wp\/v2\/types\/post"}],"author":[{"embeddable":true,"href":"https:\/\/catolicanet.net\/wp-cnet\/wp-json\/wp\/v2\/users\/1"}],"replies":[{"embeddable":true,"href":"https:\/\/catolicanet.net\/wp-cnet\/wp-json\/wp\/v2\/comments?post=88578"}],"version-history":[{"count":1,"href":"https:\/\/catolicanet.net\/wp-cnet\/wp-json\/wp\/v2\/posts\/88578\/revisions"}],"predecessor-version":[{"id":88580,"href":"https:\/\/catolicanet.net\/wp-cnet\/wp-json\/wp\/v2\/posts\/88578\/revisions\/88580"}],"wp:featuredmedia":[{"embeddable":true,"href":"https:\/\/catolicanet.net\/wp-cnet\/wp-json\/wp\/v2\/media\/55814"}],"wp:attachment":[{"href":"https:\/\/catolicanet.net\/wp-cnet\/wp-json\/wp\/v2\/media?parent=88578"}],"wp:term":[{"taxonomy":"category","embeddable":true,"href":"https:\/\/catolicanet.net\/wp-cnet\/wp-json\/wp\/v2\/categories?post=88578"},{"taxonomy":"post_tag","embeddable":true,"href":"https:\/\/catolicanet.net\/wp-cnet\/wp-json\/wp\/v2\/tags?post=88578"}],"curies":[{"name":"wp","href":"https:\/\/api.w.org\/{rel}","templated":true}]}}