{"id":88477,"date":"2024-05-24T09:20:26","date_gmt":"2024-05-24T12:20:26","guid":{"rendered":"https:\/\/catolicanet.net\/wp-cnet\/?p=88477"},"modified":"2024-05-24T16:24:36","modified_gmt":"2024-05-24T19:24:36","slug":"carlo-acutis-nao-tinha-tempo-para-jogos-estudava-muito-e-era-catequista-diz-sua-mae","status":"publish","type":"post","link":"https:\/\/catolicanet.net\/wp-cnet\/carlo-acutis-nao-tinha-tempo-para-jogos-estudava-muito-e-era-catequista-diz-sua-mae\/","title":{"rendered":"Carlo Acutis n\u00e3o tinha tempo para jogos: estudava muito e era catequista, diz sua m\u00e3e"},"content":{"rendered":"<p style=\"text-align: justify;\">A fam\u00edlia Acutis-Salzano recebeu \u201ccom grande alegria, porque Carlo tem muitos devotos fi\u00e9is em todo o mundo\u201d ontem (23) a not\u00edcia da aprova\u00e7\u00e3o do milagre realizado por intercess\u00e3o do jovem beato italiano, disse a m\u00e3e de m\u00e3e de Carlo Acutis, Antonia Salzano, \u00e0 ACI Prensa, ag\u00eancia em espanhol do grupo ACI, poucas horas depois de a Santa S\u00e9 aprovar o segundo milagre atribu\u00eddo \u00e0 intercess\u00e3o do beato, que permite sua canoniza\u00e7\u00e3o em Roma.<\/p>\n<p style=\"text-align: justify;\">A decis\u00e3o representa \u201cum sinal de esperan\u00e7a, pois ele viveu no nosso tempo, com todos os perigos de hoje\u201d e alcan\u00e7ou a santidade, disse Salzano. \u201c\u00c9 um sinal de que tamb\u00e9m n\u00f3s podemos fazer o mesmo\u201d.<\/p>\n<p style=\"text-align: justify;\">O primeiro milagre atribu\u00eddo a Carlo Acutis, que levou \u00e0 sua beatifica\u00e7\u00e3o, ocorreu no Brasil. Em 2020 um menino que sofria de uma doen\u00e7a grave do p\u00e2ncreas foi curado ao receber b\u00ean\u00e7\u00e3o com uma rel\u00edquia de Carlo Acutis na par\u00f3quia de S\u00e3o Sebasti\u00e3o, em Campo Grande (MS) em 2020.<\/p>\n<p style=\"text-align: justify;\"><strong>Catequese e devo\u00e7\u00e3o \u00e0 eucaristia<\/strong><\/p>\n<p style=\"text-align: justify;\">Apesar de gostar de computadores e v\u00eddeo games, Carlo \u201cn\u00e3o tinha favoritos, n\u00e3o dedicava tempo a isso\u201d, disse sua m\u00e3e. \u201cNormalmente ele n\u00e3o tinha muito tempo, porque estudava muito, tinha muitas coisas para fazer.\u201d<\/p>\n<p style=\"text-align: justify;\">Antonia Salzano diz que Carlo \u201cfoi catequista durante cinco anos\u201d.<\/p>\n<p style=\"text-align: justify;\">Al\u00e9m disso, ele passou grande parte de sua vida pesquisando e divulgando milagres eucar\u00edsticos e apari\u00e7\u00f5es marianas.<\/p>\n<p style=\"text-align: justify;\"><strong>Carlo tinha uma \u201cgrande devo\u00e7\u00e3o mariana\u201d: Nossa Senhora de F\u00e1tima<\/strong><\/p>\n<p style=\"text-align: justify;\">\u201cCarlo era um devoto da Virgem em geral\u201d, diz Antonia, mas \u201ccertamente tinha uma grande devo\u00e7\u00e3o, que era a Virgem de F\u00e1tima\u201d. De alguma forma, o jovem sentiu \u201cque tinha muitas semelhan\u00e7as com os pastorinhos\u201d que receberam as revela\u00e7\u00f5es em Portugal em 1917.<\/p>\n<p style=\"text-align: justify;\">A vida dos pastorinhos \u201ctocou-o profundamente no cora\u00e7\u00e3o e, sobretudo, as palavras da virgem que falou do inferno, da Sant\u00edssima Trindade e dos dogmas que a Igreja nos confirma\u201d, disse Antonia.<\/p>\n<p style=\"text-align: justify;\">Antonia tamb\u00e9m diz que o jovem percebeu que em F\u00e1tima \u201cfoi dada uma catequese de 360 \u200b\u200bgraus, onde se concentra toda a nossa f\u00e9\u201d.<\/p>\n<p style=\"text-align: justify;\"><strong>A data da canoniza\u00e7\u00e3o pode ser divulgada dentro de dez dias<\/strong><\/p>\n<p style=\"text-align: justify;\">A not\u00edcia da canoniza\u00e7\u00e3o de Carlo Acutis n\u00e3o surpreendeu a sua fam\u00edlia, que foi informada de todo o processo em suas diferentes etapas com a interven\u00e7\u00e3o de m\u00e9dicos, te\u00f3logos, cardeais, etc.<\/p>\n<p style=\"text-align: justify;\">Al\u00e9m disso, para eles a not\u00edcia n\u00e3o \u00e9 t\u00e3o nova porque \u201ctodos os dias recebemos relatos de poss\u00edveis milagres de cura. E sabemos que o Senhor, atrav\u00e9s de Carlo, est\u00e1 fazendo muitos milagres\u201d.<\/p>\n<p style=\"text-align: justify;\">Outra coisa \u00e9 que, \u201cat\u00e9 a assinatura do papa, n\u00e3o se sabia\u201d que ocorreria a proclama\u00e7\u00e3o de santidade para Igreja universal, que vai acontecer em Roma. Quanto \u00e0 data, Antonia Salzano est\u00e1 convencida de que ser\u00e1 divulgada \u201cdentro de dez dias no m\u00e1ximo\u201d, embora possa ser antes. \u201cTemos que esperar um pouco\u201d, acrescenta Antonia.<\/p>\n<p style=\"text-align: justify;\"><strong>Carlo diante da morte: \u201cSomos peregrinos do infinito\u201d<\/strong><\/p>\n<p style=\"text-align: justify;\">Respondendo sobre a dif\u00edcil circunst\u00e2ncia em que Carlo enfrentou o c\u00e2ncer desde muito jovem, Antonia Salzano reflete sobre o fato de que \u201ca morte entra no nosso mundo por causa do pecado, mas Jesus nos salvou, nos deu um grande sinal de esperan\u00e7a, ele ressuscitou\u201d. \u00c9 por isso que ele nos encoraja a \u201colhar para Deus, sabendo que Carlo tamb\u00e9m enfrentou a morte nessa esperan\u00e7a\u201d.<\/p>\n<p style=\"text-align: justify;\">\u201cEle disse que a morte \u00e9 a passagem para a verdadeira vida, que n\u00e3o devemos ter medo da morte, mas que s\u00f3 devemos ter medo do pecado e que devemos viver cada dia como se fosse o \u00faltimo dia da nossa vida\u201d, acrescenta a m\u00e3e do futuro santo.<\/p>\n<p style=\"text-align: justify;\">\u201cTemos que viver cada dia como se fosse o \u00faltimo dia de nossas vidas. Esta era a sua vis\u00e3o de vida: Somos peregrinos do infinito. Carlo disse que \u00e9 preciso estar preparado para partir quando o Senhor decidir. O importante \u00e9 estar na gra\u00e7a de Deus e viver sempre com vista ao infinito\u201d, finaliza Antonia.<\/p>\n","protected":false},"excerpt":{"rendered":"<p>A fam\u00edlia Acutis-Salzano recebeu \u201ccom grande alegria, porque Carlo tem muitos devotos fi\u00e9is em todo o mundo\u201d ontem (23) a not\u00edcia da aprova\u00e7\u00e3o do milagre realizado por intercess\u00e3o do jovem beato italiano, disse a m\u00e3e de m\u00e3e de Carlo Acutis, Antonia Salzano, \u00e0 ACI Prensa, ag\u00eancia em espanhol do grupo ACI, poucas horas depois de [&hellip;]<\/p>\n","protected":false},"author":1,"featured_media":88478,"comment_status":"open","ping_status":"closed","sticky":false,"template":"","format":"standard","meta":{"footnotes":""},"categories":[4,13],"tags":[],"class_list":["post-88477","post","type-post","status-publish","format-standard","has-post-thumbnail","hentry","category-cotidiano","category-featured"],"_links":{"self":[{"href":"https:\/\/catolicanet.net\/wp-cnet\/wp-json\/wp\/v2\/posts\/88477","targetHints":{"allow":["GET"]}}],"collection":[{"href":"https:\/\/catolicanet.net\/wp-cnet\/wp-json\/wp\/v2\/posts"}],"about":[{"href":"https:\/\/catolicanet.net\/wp-cnet\/wp-json\/wp\/v2\/types\/post"}],"author":[{"embeddable":true,"href":"https:\/\/catolicanet.net\/wp-cnet\/wp-json\/wp\/v2\/users\/1"}],"replies":[{"embeddable":true,"href":"https:\/\/catolicanet.net\/wp-cnet\/wp-json\/wp\/v2\/comments?post=88477"}],"version-history":[{"count":1,"href":"https:\/\/catolicanet.net\/wp-cnet\/wp-json\/wp\/v2\/posts\/88477\/revisions"}],"predecessor-version":[{"id":88480,"href":"https:\/\/catolicanet.net\/wp-cnet\/wp-json\/wp\/v2\/posts\/88477\/revisions\/88480"}],"wp:featuredmedia":[{"embeddable":true,"href":"https:\/\/catolicanet.net\/wp-cnet\/wp-json\/wp\/v2\/media\/88478"}],"wp:attachment":[{"href":"https:\/\/catolicanet.net\/wp-cnet\/wp-json\/wp\/v2\/media?parent=88477"}],"wp:term":[{"taxonomy":"category","embeddable":true,"href":"https:\/\/catolicanet.net\/wp-cnet\/wp-json\/wp\/v2\/categories?post=88477"},{"taxonomy":"post_tag","embeddable":true,"href":"https:\/\/catolicanet.net\/wp-cnet\/wp-json\/wp\/v2\/tags?post=88477"}],"curies":[{"name":"wp","href":"https:\/\/api.w.org\/{rel}","templated":true}]}}