{"id":88453,"date":"2024-05-24T09:00:56","date_gmt":"2024-05-24T12:00:56","guid":{"rendered":"https:\/\/catolicanet.net\/wp-cnet\/?p=88453"},"modified":"2024-05-24T16:04:02","modified_gmt":"2024-05-24T19:04:02","slug":"a-catequese-do-papa-aos-jovens-tenham-um-ideal","status":"publish","type":"post","link":"https:\/\/catolicanet.net\/wp-cnet\/a-catequese-do-papa-aos-jovens-tenham-um-ideal\/","title":{"rendered":"A catequese do Papa aos jovens: tenham um ideal!"},"content":{"rendered":"<p style=\"text-align: justify;\">\u00a0 \u00a0 \u00a0 \u00a0 Escola de ora\u00e7\u00e3o com jovens<\/p>\n<div class=\"article__subTitle\" style=\"text-align: justify;\">&#8220;Busquem um ideal&#8221;, \u00e9 a exorta\u00e7\u00e3o do Papa aos jovens da par\u00f3quia Santa Bernardete: &#8220;O Senhor tem para cada um de n\u00f3s um des\u00edgnio. Cada um deve tentar entender o que o Senhor quer de n\u00f3s, perguntem. Perguntem ao Senhor na ora\u00e7\u00e3o: que quer de mim?&#8221;<\/div>\n<div class=\"title__separator\" style=\"text-align: justify;\"><\/div>\n<div class=\"article__text\">\n<p style=\"text-align: justify;\"><b>Vatican News<\/b><\/p>\n<p style=\"text-align: justify;\">A par\u00f3quia de Santa Bernadette Soubirous, no leste de Roma, foi escolhida para o segundo encontro intitulado &#8220;Escola de ora\u00e7\u00e3o&#8221;, em vista do Jubileu. Trata-se de uma hora de catequese feita pelo Papa uma vez por m\u00eas at\u00e9 o in\u00edcio do Ano Santo.<\/p>\n<p style=\"text-align: justify;\">No teatro da par\u00f3quia, reuniram-se 80 adolescentes com mais de 15 anos para um di\u00e1logo com o Pont\u00edfice, que preferiu deixar de lado o discurso preparado para a ocasi\u00e3o sobre a ora\u00e7\u00e3o de intercess\u00e3o.<\/p>\n<p style=\"text-align: justify;\">As perguntas foram sobre in\u00fameros temas, inclusive sobre a exist\u00eancia de Deus. Falou-se sobre voca\u00e7\u00e3o, coragem, natalidade, testemunho &#8211; assuntos sempre intercalados com lembran\u00e7as da juventude do pr\u00f3prio Papa.<\/p>\n<p style=\"text-align: justify;\">&#8220;Ningu\u00e9m deve ser condenado se n\u00e3o cr\u00ea. \u00c9 importante estar em caminho. Se vejo um jovem que n\u00e3o se mexe, que est\u00e1 sentado na vida, que n\u00e3o gosta de se mexer, \u00e9 ruim. Mas se vejo um jovem que se mexe, &#8216;chapeau&#8217;!&#8221;<\/p>\n<p style=\"text-align: justify;\">&#8220;Busquem um ideal&#8221;, \u00e9 a exorta\u00e7\u00e3o do Papa, que encorajou:<\/p>\n<div style=\"text-align: justify;\">\n<div class=\"article__embed article__embed--border embed_style\">\n<blockquote><p>\u201cO Senhor tem para cada um de n\u00f3s um des\u00edgnio. Cada um deve tentar entender o que o Senhor quer de n\u00f3s. Perguntem ao Senhor na ora\u00e7\u00e3o: que quer de mim?\u201d<\/p><\/blockquote>\n<\/div>\n<\/div>\n<p style=\"text-align: justify;\">Mesmo dirigido aos jovens, Francisco n\u00e3o deixou de saudar os fi\u00e9is de todas as idades, dentro e fora da par\u00f3quia.<\/p>\n<\/div>\n","protected":false},"excerpt":{"rendered":"<p>\u00a0 \u00a0 \u00a0 \u00a0 Escola de ora\u00e7\u00e3o com jovens &#8220;Busquem um ideal&#8221;, \u00e9 a exorta\u00e7\u00e3o do Papa aos jovens da par\u00f3quia Santa Bernardete: &#8220;O Senhor tem para cada um de n\u00f3s um des\u00edgnio. Cada um deve tentar entender o que o Senhor quer de n\u00f3s, perguntem. Perguntem ao Senhor na ora\u00e7\u00e3o: que quer de mim?&#8221; [&hellip;]<\/p>\n","protected":false},"author":1,"featured_media":88454,"comment_status":"open","ping_status":"closed","sticky":false,"template":"","format":"standard","meta":{"footnotes":""},"categories":[13,3],"tags":[],"class_list":["post-88453","post","type-post","status-publish","format-standard","has-post-thumbnail","hentry","category-featured","category-vaticano"],"_links":{"self":[{"href":"https:\/\/catolicanet.net\/wp-cnet\/wp-json\/wp\/v2\/posts\/88453","targetHints":{"allow":["GET"]}}],"collection":[{"href":"https:\/\/catolicanet.net\/wp-cnet\/wp-json\/wp\/v2\/posts"}],"about":[{"href":"https:\/\/catolicanet.net\/wp-cnet\/wp-json\/wp\/v2\/types\/post"}],"author":[{"embeddable":true,"href":"https:\/\/catolicanet.net\/wp-cnet\/wp-json\/wp\/v2\/users\/1"}],"replies":[{"embeddable":true,"href":"https:\/\/catolicanet.net\/wp-cnet\/wp-json\/wp\/v2\/comments?post=88453"}],"version-history":[{"count":1,"href":"https:\/\/catolicanet.net\/wp-cnet\/wp-json\/wp\/v2\/posts\/88453\/revisions"}],"predecessor-version":[{"id":88456,"href":"https:\/\/catolicanet.net\/wp-cnet\/wp-json\/wp\/v2\/posts\/88453\/revisions\/88456"}],"wp:featuredmedia":[{"embeddable":true,"href":"https:\/\/catolicanet.net\/wp-cnet\/wp-json\/wp\/v2\/media\/88454"}],"wp:attachment":[{"href":"https:\/\/catolicanet.net\/wp-cnet\/wp-json\/wp\/v2\/media?parent=88453"}],"wp:term":[{"taxonomy":"category","embeddable":true,"href":"https:\/\/catolicanet.net\/wp-cnet\/wp-json\/wp\/v2\/categories?post=88453"},{"taxonomy":"post_tag","embeddable":true,"href":"https:\/\/catolicanet.net\/wp-cnet\/wp-json\/wp\/v2\/tags?post=88453"}],"curies":[{"name":"wp","href":"https:\/\/api.w.org\/{rel}","templated":true}]}}