{"id":88443,"date":"2024-05-14T10:12:34","date_gmt":"2024-05-14T13:12:34","guid":{"rendered":"https:\/\/catolicanet.net\/wp-cnet\/?p=88443"},"modified":"2024-05-14T20:15:11","modified_gmt":"2024-05-14T23:15:11","slug":"voces-sao-fortes-corajosos-destemidos-estamos-unidos-com-voces-diz-secretario-geral-da-cnbb-aos-gauchos","status":"publish","type":"post","link":"https:\/\/catolicanet.net\/wp-cnet\/voces-sao-fortes-corajosos-destemidos-estamos-unidos-com-voces-diz-secretario-geral-da-cnbb-aos-gauchos\/","title":{"rendered":"Voc\u00eas s\u00e3o fortes, corajosos, destemidos. Estamos unidos com voc\u00eas, diz secret\u00e1rio-geral da CNBB aos ga\u00fachos"},"content":{"rendered":"<div class=\"wide container\">\n<div class=\"row\">\n<div class=\"col content m-auto\">\n<div class=\"post-image\" style=\"text-align: justify;\"><span class=\"image-caption\">Imagem do munic\u00edpio de Lajeado (RS), ontem (13) | Instagram\/Prefeitura de Lajeado<\/span><\/div>\n<\/div>\n<\/div>\n<\/div>\n<div class=\"post-author d-flex justify-content-start align-items-center\" style=\"text-align: justify;\"><\/div>\n<div>\n<p style=\"text-align: justify;\">O bispo auxiliar de Bras\u00edlia dom Ricardo Hoepers, secret\u00e1rio-geral da Confer\u00eancia Nacional dos Bispos do Brasil (CNBB) enviou uma\u00a0<a href=\"https:\/\/youtu.be\/ufpz80YXcQo?si=roh-_gWhKvKWXlH3\" rel=\"noopener noreferrer nofollow\">v\u00eddeo mensagem<\/a>\u00a0ao \u201cpovo do Rio Grande do Sul\u201d que sofre h\u00e1 mais de 15 dias com as enchentes oriundas das fortes chuvas no Estado. \u201cO povo j\u00e1 est\u00e1 arrecadando e contribuindo para ajudar o Rio Grande do Sul\u201d, diz o bispo no v\u00eddeo.<\/p>\n<p style=\"text-align: justify;\">O secret\u00e1rio-geral da CNBB, que j\u00e1 foi bispo de Rio Grande (RS) entre maio de 2016 a abril de 2023, enfatizou que os ga\u00fachos \u201cj\u00e1 passaram por momentos t\u00e3o dif\u00edceis da hist\u00f3ria e v\u00e3o superar esse momento de calamidade\u201d no Estado.<\/p>\n<p style=\"text-align: justify;\"><em>\u201cVoc\u00eas s\u00e3o fortes, corajosos, destemidos. Estamos unidos com voc\u00eas! Contem conosco, contem com o Brasil!\u201d<\/em>, disse Hoepers.<\/p>\n<p style=\"text-align: justify;\">Dom Ricardo tamb\u00e9m agradeceu \u201ca todos os bispos que j\u00e1 est\u00e3o fazendo mobiliza\u00e7\u00f5es em suas dioceses, par\u00f3quias e comunidades e pediu aos fi\u00e9is brasileiros que se unissem em ora\u00e7\u00e3o pelo Sul do Brasil, \u201cpedindo a prote\u00e7\u00e3o de Nossa Senhora Medianeira\u201d, padroeira do Rio Grande do Sul e \u201ca intercess\u00e3o de S\u00e3o Pedro para que os ventos soprem a favor do Rio Grande do Sul\u201d e ainda exortou : \u201cSomos todos irm\u00e3os e irm\u00e3s, n\u00e3o sejamos espectadores! Vamos agir! Colabore! Procure ajudar na sua diocese, os pontos de arrecada\u00e7\u00e3o\u201d.<\/p>\n<figure class=\"mx-auto\" style=\"text-align: justify;\"><img decoding=\"async\" class=\"img-fluid\" src=\"https:\/\/admin.acidigital.com\/images\/domricardosul-1.jpg?w=600\" alt=\"Dom Ricardo Hoepers em v\u00eddeo mensagem aos ga\u00fachos. Captura de v\u00eddeo\" \/><figcaption class=\"caption text-muted\">Dom Ricardo Hoepers em v\u00eddeo mensagem aos ga\u00fachos. Captura de v\u00eddeo<\/figcaption><\/figure>\n<p style=\"text-align: justify;\">O Rio Grande do Sul vive atualmente a sua maior enchente, atingindo 446 dos 497 munic\u00edpios do Estado, aproximadamente 90%, segundo o boletim di\u00e1rio da Defesa Civil emitido hoje (14), \u00e0s 12h. Foram registrados at\u00e9 agora 148 mortes, 124 desaparecidos, 806 pessoas feridas e mais de 538 mil desabrigadas. Foram resgatadas mais de 76 mil pessoas e 11 mil animais.<\/p>\n<p style=\"text-align: justify;\">A maior enchente no Rio Grande do Sul ocorreu entre abril e maio de 1941, em Porto Alegre (RS) e durou 24 dias, deixando 70 mil pessoas desabrigadas. Na \u00e9poca, o n\u00edvel do lago Gua\u00edba chegou a 4,75 metros, segundo os registros do museu Joaquim Felizardo.<\/p>\n<p style=\"text-align: justify;\">O n\u00edvel do Gua\u00edba j\u00e1 ultrapassou esta marca chegando a 5,33 metros, no dia 6 de maio, \u00e0s 20h. O n\u00edvel do lago tinha ca\u00eddo para 4,72 metros na \u00faltima sexta-feira (10), mas hoje (14), \u00e0s 13h voltou a subir hoje para 5,21. Segundo as proje\u00e7\u00f5es da Universidade Federal do Rio Grande do Sul (UFRGS), a \u00e1gua pode chegar a 5,40m ainda hoje.<\/p>\n<p style=\"text-align: justify;\">Al\u00e9m disso, o Instituto Nacional de Meteorologia (Inmet) havia emitido no domingo (12), um novo alerta laranja, &#8220;de perigo&#8221;, v\u00e1lido at\u00e9 as 9h de quarta-feira (15), para a poss\u00edvel queda nas temperaturas no Sul do Brasil, podendo chegar a cinco graus Celsius (\u00b0C) nas m\u00ednimas do Estado. O Inmet tamb\u00e9m indica que a partir do dia 17 de maio, o Rio Grande do Sul ter\u00e1 mais \u201cvolumes de chuvas que podem vir acompanhadas de trovoadas e rajadas de vento na regi\u00e3o\u201d.<\/p>\n<\/div>\n","protected":false},"excerpt":{"rendered":"<p>Imagem do munic\u00edpio de Lajeado (RS), ontem (13) | Instagram\/Prefeitura de Lajeado O bispo auxiliar de Bras\u00edlia dom Ricardo Hoepers, secret\u00e1rio-geral da Confer\u00eancia Nacional dos Bispos do Brasil (CNBB) enviou uma\u00a0v\u00eddeo mensagem\u00a0ao \u201cpovo do Rio Grande do Sul\u201d que sofre h\u00e1 mais de 15 dias com as enchentes oriundas das fortes chuvas no Estado. \u201cO [&hellip;]<\/p>\n","protected":false},"author":1,"featured_media":88444,"comment_status":"open","ping_status":"closed","sticky":false,"template":"","format":"standard","meta":{"footnotes":""},"categories":[4,13],"tags":[],"class_list":["post-88443","post","type-post","status-publish","format-standard","has-post-thumbnail","hentry","category-cotidiano","category-featured"],"_links":{"self":[{"href":"https:\/\/catolicanet.net\/wp-cnet\/wp-json\/wp\/v2\/posts\/88443","targetHints":{"allow":["GET"]}}],"collection":[{"href":"https:\/\/catolicanet.net\/wp-cnet\/wp-json\/wp\/v2\/posts"}],"about":[{"href":"https:\/\/catolicanet.net\/wp-cnet\/wp-json\/wp\/v2\/types\/post"}],"author":[{"embeddable":true,"href":"https:\/\/catolicanet.net\/wp-cnet\/wp-json\/wp\/v2\/users\/1"}],"replies":[{"embeddable":true,"href":"https:\/\/catolicanet.net\/wp-cnet\/wp-json\/wp\/v2\/comments?post=88443"}],"version-history":[{"count":1,"href":"https:\/\/catolicanet.net\/wp-cnet\/wp-json\/wp\/v2\/posts\/88443\/revisions"}],"predecessor-version":[{"id":88446,"href":"https:\/\/catolicanet.net\/wp-cnet\/wp-json\/wp\/v2\/posts\/88443\/revisions\/88446"}],"wp:featuredmedia":[{"embeddable":true,"href":"https:\/\/catolicanet.net\/wp-cnet\/wp-json\/wp\/v2\/media\/88444"}],"wp:attachment":[{"href":"https:\/\/catolicanet.net\/wp-cnet\/wp-json\/wp\/v2\/media?parent=88443"}],"wp:term":[{"taxonomy":"category","embeddable":true,"href":"https:\/\/catolicanet.net\/wp-cnet\/wp-json\/wp\/v2\/categories?post=88443"},{"taxonomy":"post_tag","embeddable":true,"href":"https:\/\/catolicanet.net\/wp-cnet\/wp-json\/wp\/v2\/tags?post=88443"}],"curies":[{"name":"wp","href":"https:\/\/api.w.org\/{rel}","templated":true}]}}