{"id":88410,"date":"2024-05-10T10:08:07","date_gmt":"2024-05-10T13:08:07","guid":{"rendered":"https:\/\/catolicanet.net\/wp-cnet\/?p=88410"},"modified":"2024-05-10T12:10:55","modified_gmt":"2024-05-10T15:10:55","slug":"cinco-conselhos-de-sao-joao-de-avila-para-que-a-virgem-maria-visite-sua-casa-e-seu-coracao","status":"publish","type":"post","link":"https:\/\/catolicanet.net\/wp-cnet\/cinco-conselhos-de-sao-joao-de-avila-para-que-a-virgem-maria-visite-sua-casa-e-seu-coracao\/","title":{"rendered":"Cinco conselhos de s\u00e3o Jo\u00e3o de \u00c1vila para que a Virgem Maria visite sua casa e seu cora\u00e7\u00e3o"},"content":{"rendered":"<p style=\"text-align: justify;\">Hoje (10) \u00e9 dia de s\u00e3o Jo\u00e3o de \u00c1vila. Em uma de suas homilias sobre a Virgem, o padre d\u00e1 cinco conselhos para que a M\u00e3e de Deus visite a casa e o cora\u00e7\u00e3o.<\/p>\n<p style=\"text-align: justify;\">Em 7 de outubro de 2012, o papa Bento XVI assinou uma carta apost\u00f3lica sobre s\u00e3o Jo\u00e3o de \u00c1vila (1499-1569) declarando-o Doutor da Igreja. Nela, recorda que s\u00e3o Paulo VI prop\u00f4s o sacerdote espanhol como \u201cmodelo de prega\u00e7\u00e3o e dire\u00e7\u00e3o das almas\u201d.<\/p>\n<p style=\"text-align: justify;\">Ele tamb\u00e9m disse que santo In\u00e1cio de Loyola o queria como membro dos jesu\u00edtas, foi o guia espiritual de s\u00e3o Jo\u00e3o de Deus \u2014que fundou a Ordem Hospitaleira\u2014 e um amigo influente do reformador franciscano s\u00e3o Pedro de Alc\u00e2ntara.<\/p>\n<p style=\"text-align: justify;\">A carmelita santa Teresa d\u2019\u00c1vila lutou para que o manuscrito de sua vida chegasse ao chamado \u201cPadre Mestre \u00c1vila\u201d. O ensino de s\u00e3o Jo\u00e3o de \u00c1vila tamb\u00e9m ajudou s\u00e3o Jo\u00e3o da Cruz, s\u00e3o Francisco de Borja, s\u00e3o Jo\u00e3o de Ribera e santo Tom\u00e1s de Villanueva.<\/p>\n<p style=\"text-align: justify;\">Para Bento XVI, \u201ca doutrina do Mestre Jo\u00e3o de \u00c1vila cont\u00e9m, indubitavelmente, uma mensagem segura e duradoura, e \u00e9 capaz de contribuir para confirmar e aprofundar o dep\u00f3sito da f\u00e9, iluminando at\u00e9 novas perspectivas doutrinais e de vida\u201d.<\/p>\n<p style=\"text-align: justify;\">No site de\u00a0s\u00e3o Jo\u00e3o de \u00c1vila\u00a0do Escrit\u00f3rio para as Causas dos Santos da Confer\u00eancia Episcopal Espanhola h\u00e1 um trecho do chamado Serm\u00e3o 66 do santo, no qual ele reflete sobre a visita\u00e7\u00e3o de Maria a sua prima Isabel.<\/p>\n<p style=\"text-align: justify;\"><strong>1. Imitar a sua humildade<\/strong><\/p>\n<p style=\"text-align: justify;\">S\u00e3o Jo\u00e3o descreve como Maria, tendo concebido o Filho de Deus, n\u00e3o hesitou em ir servir. Por isso, incentiva todos a imitarem sua humildade. &#8220;Quem tem Deus \u00e9 conhecido pela humildade&#8221;, diz o santo, e adverte contra acreditar que h\u00e1 sinais de santidade quando falta essa virtude.<\/p>\n<p style=\"text-align: justify;\"><strong>2. Nunca andar sozinho<\/strong><\/p>\n<p style=\"text-align: justify;\">O Doutor da Igreja diz que \u201ca Virgem nunca andava sozinha\u201d, porque as suas virtudes a acompanhavam, que a tornavam mais bela que todo o ouro. Ela carrega Cristo em seu ventre &#8220;para d\u00e1-lo \u00e0 casa onde entrar&#8221;. Por isso, motiva a t\u00ea-la como companheira dizendo: \u201cQue bem n\u00e3o far\u00e1 aquela que tem Deus em si?\u201d<\/p>\n<p style=\"text-align: justify;\"><strong>3. Lembrar-se de Deus<\/strong><\/p>\n<p style=\"text-align: justify;\">S\u00e3o Jo\u00e3o ent\u00e3o pergunta \u00e0 Virgem: &#8220;O que faremos para traz\u00ea-la para a nossa casa, para que voc\u00ea possa nos consolar, e nosso menino se alegre e nossos cora\u00e7\u00f5es se iluminem?&#8221; E responde dizendo que Nossa Senhora foi \u00e0 casa de Zacarias, nome que significa \u201caquele que se lembra de Deus\u201d. \u201cLembrar de Deus \u00e9 lembrar de seus mandamentos\u201d, diz.<\/p>\n<p style=\"text-align: justify;\"><strong>4. Servir aos outros<\/strong><\/p>\n<p style=\"text-align: justify;\">O santo sacerdote diz que Maria &#8220;n\u00e3o vai para falar, n\u00e3o vai para andar pelas ruas, n\u00e3o vai para mostrar suas roupas e beleza, mas para servir&#8221; a sua velha e necessitada prima. S\u00e3o Jo\u00e3o de \u00c1vila recomenda imitar a Virgem e ajud\u00e1-la com a ora\u00e7\u00e3o e \u201cnossa penit\u00eancia\u201d para sentir o \u201cproveito de sua visita\u00e7\u00e3o\u201d.<\/p>\n<p style=\"text-align: justify;\"><strong>5. Ser sempre gratos<\/strong><\/p>\n<p style=\"text-align: justify;\">Por fim, conclui com a seguinte exorta\u00e7\u00e3o: \u201cSejamos-lhe gratos, e Ela dar\u00e1 gra\u00e7as a Deus pelos bens que nos faz, estar\u00e1 conosco at\u00e9 que o nosso Menino nas\u00e7a, auxiliando as boas inten\u00e7\u00f5es para que venham em obra, aqui pela gra\u00e7a e depois na gl\u00f3ria,\u00a0<em>ad quam nos perducat<\/em>\u00a0(\u00e0 qual nos conduzir\u00e1). Am\u00e9m&#8221;.<\/p>\n","protected":false},"excerpt":{"rendered":"<p>Hoje (10) \u00e9 dia de s\u00e3o Jo\u00e3o de \u00c1vila. Em uma de suas homilias sobre a Virgem, o padre d\u00e1 cinco conselhos para que a M\u00e3e de Deus visite a casa e o cora\u00e7\u00e3o. Em 7 de outubro de 2012, o papa Bento XVI assinou uma carta apost\u00f3lica sobre s\u00e3o Jo\u00e3o de \u00c1vila (1499-1569) declarando-o [&hellip;]<\/p>\n","protected":false},"author":1,"featured_media":88411,"comment_status":"open","ping_status":"closed","sticky":false,"template":"","format":"standard","meta":{"footnotes":""},"categories":[4],"tags":[],"class_list":["post-88410","post","type-post","status-publish","format-standard","has-post-thumbnail","hentry","category-cotidiano"],"_links":{"self":[{"href":"https:\/\/catolicanet.net\/wp-cnet\/wp-json\/wp\/v2\/posts\/88410","targetHints":{"allow":["GET"]}}],"collection":[{"href":"https:\/\/catolicanet.net\/wp-cnet\/wp-json\/wp\/v2\/posts"}],"about":[{"href":"https:\/\/catolicanet.net\/wp-cnet\/wp-json\/wp\/v2\/types\/post"}],"author":[{"embeddable":true,"href":"https:\/\/catolicanet.net\/wp-cnet\/wp-json\/wp\/v2\/users\/1"}],"replies":[{"embeddable":true,"href":"https:\/\/catolicanet.net\/wp-cnet\/wp-json\/wp\/v2\/comments?post=88410"}],"version-history":[{"count":1,"href":"https:\/\/catolicanet.net\/wp-cnet\/wp-json\/wp\/v2\/posts\/88410\/revisions"}],"predecessor-version":[{"id":88412,"href":"https:\/\/catolicanet.net\/wp-cnet\/wp-json\/wp\/v2\/posts\/88410\/revisions\/88412"}],"wp:featuredmedia":[{"embeddable":true,"href":"https:\/\/catolicanet.net\/wp-cnet\/wp-json\/wp\/v2\/media\/88411"}],"wp:attachment":[{"href":"https:\/\/catolicanet.net\/wp-cnet\/wp-json\/wp\/v2\/media?parent=88410"}],"wp:term":[{"taxonomy":"category","embeddable":true,"href":"https:\/\/catolicanet.net\/wp-cnet\/wp-json\/wp\/v2\/categories?post=88410"},{"taxonomy":"post_tag","embeddable":true,"href":"https:\/\/catolicanet.net\/wp-cnet\/wp-json\/wp\/v2\/tags?post=88410"}],"curies":[{"name":"wp","href":"https:\/\/api.w.org\/{rel}","templated":true}]}}