{"id":88383,"date":"2024-05-13T09:22:52","date_gmt":"2024-05-13T12:22:52","guid":{"rendered":"https:\/\/catolicanet.net\/wp-cnet\/?p=88383"},"modified":"2024-05-10T11:24:01","modified_gmt":"2024-05-10T14:24:01","slug":"nossa-senhora-de-fatima-12","status":"publish","type":"post","link":"https:\/\/catolicanet.net\/wp-cnet\/nossa-senhora-de-fatima-12\/","title":{"rendered":"Nossa Senhora de F\u00e1tima"},"content":{"rendered":"<p style=\"text-align: justify;\">Celebramos no dia 13 de maio a mem\u00f3ria lit\u00fargica de Nossa Senhora de F\u00e1tima muito celebrada aqui no Brasil devido \u00e0s tradi\u00e7\u00f5es portuguesas. A devo\u00e7\u00e3o popular a Nossa Senhora de F\u00e1tima aqui no Brasil \u00e9 bem grande, os Santu\u00e1rios e Igrejas dedicados a ela se enchem nesse dia.<\/p>\n<p style=\"text-align: justify;\">Nossa Senhora de F\u00e1tima \u00e9 a mesma M\u00e3e de Jesus, do mesmo modo que tem Aparecida, Lourdes e Guadalupe, que, de acordo com onde aparece e circunst\u00e2ncia com que se deu a apari\u00e7\u00e3o ela recebe um t\u00edtulo. Nossa Senhora normalmente aparece para chamar \u00e0 convers\u00e3o, estimular a vida de ora\u00e7\u00e3o, apresentar seu Filho Jesus, acalmar os cora\u00e7\u00f5es e para ajudar nos momentos de afli\u00e7\u00e3o, sobretudo os mais humildes. \u00c9 atrav\u00e9s dos mais humildes que \u00e9 poss\u00edvel chegar ao cora\u00e7\u00e3o dos poderosos.<\/p>\n<p style=\"text-align: justify;\">Nossa Senhora deseja que toda a humanidade acolha o seu Filho Jesus que ela traz consigo, Ela deseja que toda a humanidade tenha os mesmos sentimentos de Cristo e que possam se abrir ao amor ao pr\u00f3ximo. Ela deseja que toda a humanidade acolha Jesus do mesmo modo que Ela acolheu em seu seio.<\/p>\n<p style=\"text-align: justify;\">Nossa Senhora de F\u00e1tima aparece em um momento que a humanidade passava grande dificuldade e de grande afli\u00e7\u00e3o que era a Primeira Guerra mundial. Nossa Senhora escolhe aparecer \u00e0s crian\u00e7as, que t\u00eam um cora\u00e7\u00e3o puro e s\u00e3o inocentes. \u00c9 evidente que aqueles adolescentes daquela regi\u00e3o de Portugal n\u00e3o tinham consci\u00eancia da realidade mundial.<\/p>\n<p style=\"text-align: justify;\">Nossa Senhora diz para as crian\u00e7as pastorinhas \u201c<em>N\u00e3o tenham medo\u201d, <\/em>semelhante \u00e0quilo que Jesus dizia aos disc\u00edpulos. Essas crian\u00e7as eram: L\u00facia dos Santos, 10 anos de idade, e seus primos Francisco e Jacinta, de 7 e 9 anos. Numa manh\u00e3 de Domingo, eles haviam acabado de voltar da Santa Missa, e tinham levado as suas ovelhas para pastar, no declive da Cova da Iria. Ao ouvirem o toque do sino para o \u00c2ngelus, puseram-se a rezar o ter\u00e7o, como faziam de costume. Logo em seguida enquanto brincavam, ficaram assombrados pelo aparecimento de um clar\u00e3o no c\u00e9u. Pensando que fosse um raio e que viesse chuva foram esconder o rebanho.<\/p>\n<p style=\"text-align: justify;\">Logo depois foram surpreendidos por outro clar\u00e3o, sobre uma azinheira, no qual viram uma Senhora, vestida de branco e radiante de luz que lhes disse para que voltassem naquele local por seis meses consecutivos no dia 13, na mesma hora, e ela lhes explicaria melhor quem era e o que queria.<\/p>\n<p style=\"text-align: justify;\">Nossa Senhora usava uma veste branca com bordados dourados, um cord\u00e3o de ouro na cintura; um manto c\u00e2ndido e um ter\u00e7o de gr\u00e3os brancos nas m\u00e3os. Enquanto L\u00facia conversava com ela, Jacinta escutava a conversa, mas Francisco n\u00e3o escutava nada. Ent\u00e3o Maria pergunta \u00e0s crian\u00e7as se elas queriam oferecer-se a Deus inteiramente, suportar todos os sofrimentos que Eles lhes mandar como ato de repara\u00e7\u00e3o dos pecados, pelos quais Ele \u00e9 ofendido, e de s\u00faplica pela convers\u00e3o dos pecadores. L\u00facia responde que est\u00e3o dispostos a tudo isso, mas Nossa Senhora diz que ainda dever\u00e3o sofrer muito, mas a gra\u00e7a de Deus seria seu conforto.<\/p>\n<p style=\"text-align: justify;\">Nossa Senhora trazia uma preocupa\u00e7\u00e3o consigo, por isso, os pastorinhos a descrevem com o rosto sereno e grave, com uma sombra de tristeza. A humanidade estava com o cora\u00e7\u00e3o distante do Senhor e s\u00f3 pensavam em guerra. Estavam em meio \u00e0 Primeira Guerra mundial, Nossa Senhora pede para que os pastorinhos rezassem pela paz mundial e pelo fim da guerra. A ora\u00e7\u00e3o que eles deveriam fazer \u00e9 o santo ter\u00e7o, a mensagem que Nossa Senhora de F\u00e1tima traz \u00e9 de convers\u00e3o e arrependimento. Ela diz que somente por meio da ora\u00e7\u00e3o \u00e9 poss\u00edvel alcan\u00e7ar a paz, e para eles n\u00e3o terem medo, pois ela era do c\u00e9u.<\/p>\n<p style=\"text-align: justify;\">L\u00facia disse aos seus primos para n\u00e3o contarem nada a ningu\u00e9m, pois n\u00e3o acreditariam. No entanto, Jacinta temendo ser castigada por trazer as ovelhas de volta ao pasto, antes da hora, contou tudo a sua m\u00e3e, que naturalmente n\u00e3o acreditou. E ainda, os tr\u00eas foram advertidos e repreendidos. Normalmente acontece isso nas apari\u00e7\u00f5es de Nossa Senhora, at\u00e9 se confirmar o fato, logicamente, quem n\u00e3o viu n\u00e3o d\u00e1 cr\u00e9dito, por\u00e9m a not\u00edcia acabou se espalhando.<\/p>\n<p style=\"text-align: justify;\">Na apari\u00e7\u00e3o do dia 13 de junho, uma pequena multid\u00e3o j\u00e1 se uniu junto aos pastorinhos. A Virgem Maria pediu para L\u00facia rezar muito, mas tamb\u00e9m a aprender a ler e escrever, a fim de poder transmitir as mensagens. Na terceira apari\u00e7\u00e3o, cerca de duas mil pessoas se reuniram e deixaram as suas ofertas em dinheiro na Cova da Iria. Nossa Senhora refor\u00e7ou o convite para que os pastorzinhos voltassem l\u00e1 todo dia 13 de cada m\u00eas, e exortou-os a rezar pela humanidade.<\/p>\n<p style=\"text-align: justify;\">Infelizmente, Lucia, Francisco e Jacinta receberam zombarias dos incr\u00e9dulos, at\u00e9 o pr\u00f3prio p\u00e1roco duvidou da veracidade de suas narra\u00e7\u00f5es. O prefeito do mun\u00edcipio de Vila Nova de Our\u00e9m, ao qual pertencia F\u00e1tima, tentou dissuadi-los. Conforme dissemos acima isso normalmente acontece quando ocorre alguma apari\u00e7\u00e3o da Virgem Maria, num primeiro momento.<\/p>\n<p style=\"text-align: justify;\">No dia 13 de agosto n\u00e3o puderam ir \u00e0 cova da Iria, pois estavam presos. Mas, a Virgem Maria lhes apareceu de forma improvisada no dia 19 de agosto, enquanto apascentavam o rebanho em Valinhos, pouco distante de Aljustrel. L\u00facia aproveitou e perguntou o que deveria fazer com o dinheiro das ofertas que os fi\u00e9is deixavam na cova da Iria. Ent\u00e3o Maria disse que mandasse construir uma capela dedicada a ela naquele local.<\/p>\n<p style=\"text-align: justify;\">A apari\u00e7\u00e3o repetiu-se mais uma vez em setembro, no dia 13. Nesse \u00faltimo encontro Nossa Senhora prometeu realizar um prod\u00edgio, para que todos acreditassem que de fato era Ela que estava aparecendo aos pastorzinhos.<\/p>\n<p style=\"text-align: justify;\">Finalmente, em 13 de outubro de 1917, num dia frio e cinzento, a chuva puniu cerca de 70 mil pessoas, entre as quais muito jornalistas, fot\u00f3grafos e a imprensa internacional. Nesse dia, enquanto continuava a chover, a Virgem revelou a L\u00facia: <em>\u201cEu sou Nossa Senhora do Ros\u00e1rio\u201d. <\/em>Por isso, Ela \u00e9 conhecida como Nossa Senhora do Ros\u00e1rio de F\u00e1tima, pois, Ela se denominou Virgem do Ros\u00e1rio e apareceu em F\u00e1tima. Depois dessa apari\u00e7\u00e3o, Ela realizou o milagre prometido: <em>a dan\u00e7a do sol. <\/em>O astro assumiu v\u00e1rias cores, p\u00f4de ser visto a olho nu e come\u00e7ou a girar em torno de si mesmo, parecendo aproximar-se da terra. Quando esse acontecimento extraordin\u00e1rio cessou, as roupas das pessoas, que antes estavam ensopadas, se secaram milagrosamente.<\/p>\n<p style=\"text-align: justify;\">Treze anos depois, no dia 13 de outubro de 1930, as autoridades eclesi\u00e1sticas declaram que as apari\u00e7\u00f5es eram \u201c<em>dignas de f\u00e9\u201d<\/em> e autorizaram o culto a Nossa Senhora do Ros\u00e1rio de F\u00e1tima.<\/p>\n<p style=\"text-align: justify;\">Francisco faleceu no dia 4 de abril de 1919 e Jacinta em 20 de fevereiro de 1920. L\u00facia entrou para a Comunidade das Irm\u00e3s de Santa Doroteia, em 17 de junho de 1921. Ap\u00f3s mais de dez anos da emiss\u00e3o de seus votos Perp\u00e9tuos, decidiu ingressar para o Mosteiro Carmelita de Coimbra. L\u00facia faleceu no dia 13 de fevereiro de 2005, aos 97 anos. Francisco e Jacinta foram beatificados no dia 13 de maio do ano 2000, por S\u00e3o Jo\u00e3o Paulo II, e canonizados, em 13 de maio de 2017, pelo Papa Francisco.<\/p>\n<p style=\"text-align: justify;\">F\u00e1tima nos ensina o caminho da ora\u00e7\u00e3o e do amor ao pr\u00f3ximo, que ela aben\u00e7oe o nosso pa\u00eds e o mundo e o livre da guerra e da viol\u00eancia. F\u00e1tima \u00e9 o altar do mundo! Que a Virgem de F\u00e1tima interceda pelo Papa Francisco e pela Igreja e que o Esp\u00edrito Santo renove o cora\u00e7\u00e3o de cada fiel. Que sejamos abertos \u00e0 escuta do Esp\u00edrito Santo e que aprendamos a caminhar juntos em Igreja Sinodal. Que a paz do mundo seja restabelecida e a gra\u00e7a de Deus anunciada pelos que constroem a civiliza\u00e7\u00e3o do amor. Cento e sete anos se passaram, mas a mensagem de F\u00e1tima \u00e9 sempre atual, sobretudo fa\u00e7amos tudo aquilo que o Senhor nos disser. Am\u00e9m.<\/p>\n","protected":false},"excerpt":{"rendered":"<p>Celebramos no dia 13 de maio a mem\u00f3ria lit\u00fargica de Nossa Senhora de F\u00e1tima muito celebrada aqui no Brasil devido \u00e0s tradi\u00e7\u00f5es portuguesas. A devo\u00e7\u00e3o popular a Nossa Senhora de F\u00e1tima aqui no Brasil \u00e9 bem grande, os Santu\u00e1rios e Igrejas dedicados a ela se enchem nesse dia. Nossa Senhora de F\u00e1tima \u00e9 a mesma [&hellip;]<\/p>\n","protected":false},"author":5,"featured_media":55819,"comment_status":"open","ping_status":"closed","sticky":false,"template":"","format":"standard","meta":{"footnotes":""},"categories":[9],"tags":[],"class_list":["post-88383","post","type-post","status-publish","format-standard","has-post-thumbnail","hentry","category-artigos"],"_links":{"self":[{"href":"https:\/\/catolicanet.net\/wp-cnet\/wp-json\/wp\/v2\/posts\/88383","targetHints":{"allow":["GET"]}}],"collection":[{"href":"https:\/\/catolicanet.net\/wp-cnet\/wp-json\/wp\/v2\/posts"}],"about":[{"href":"https:\/\/catolicanet.net\/wp-cnet\/wp-json\/wp\/v2\/types\/post"}],"author":[{"embeddable":true,"href":"https:\/\/catolicanet.net\/wp-cnet\/wp-json\/wp\/v2\/users\/5"}],"replies":[{"embeddable":true,"href":"https:\/\/catolicanet.net\/wp-cnet\/wp-json\/wp\/v2\/comments?post=88383"}],"version-history":[{"count":1,"href":"https:\/\/catolicanet.net\/wp-cnet\/wp-json\/wp\/v2\/posts\/88383\/revisions"}],"predecessor-version":[{"id":88384,"href":"https:\/\/catolicanet.net\/wp-cnet\/wp-json\/wp\/v2\/posts\/88383\/revisions\/88384"}],"wp:featuredmedia":[{"embeddable":true,"href":"https:\/\/catolicanet.net\/wp-cnet\/wp-json\/wp\/v2\/media\/55819"}],"wp:attachment":[{"href":"https:\/\/catolicanet.net\/wp-cnet\/wp-json\/wp\/v2\/media?parent=88383"}],"wp:term":[{"taxonomy":"category","embeddable":true,"href":"https:\/\/catolicanet.net\/wp-cnet\/wp-json\/wp\/v2\/categories?post=88383"},{"taxonomy":"post_tag","embeddable":true,"href":"https:\/\/catolicanet.net\/wp-cnet\/wp-json\/wp\/v2\/tags?post=88383"}],"curies":[{"name":"wp","href":"https:\/\/api.w.org\/{rel}","templated":true}]}}