{"id":88345,"date":"2024-05-06T14:49:42","date_gmt":"2024-05-06T17:49:42","guid":{"rendered":"https:\/\/catolicanet.net\/wp-cnet\/?p=88345"},"modified":"2024-05-06T14:49:42","modified_gmt":"2024-05-06T17:49:42","slug":"dia-das-maes-8","status":"publish","type":"post","link":"https:\/\/catolicanet.net\/wp-cnet\/dia-das-maes-8\/","title":{"rendered":"Dia das M\u00e3es"},"content":{"rendered":"<p style=\"text-align: justify;\">Dia das M\u00e3es\u00a0\u00e9 uma\u00a0data celebrativa carregada de profundo amor\u00a0que homenageia anualmente a figura aben\u00e7oada, amada, elogiada e respeitada da m\u00e3e e a b\u00ean\u00e7\u00e3o da maternidade. A data comemorativa proporciona imensur\u00e1vel sentimento de comunh\u00e3o familiar, de carinho, de ternura, de afetividade e tendo a estimad\u00edssima m\u00e3e como centro das aten\u00e7\u00f5es. A festa \u00e9 toda dela. O melhor presente \u00e9 a presen\u00e7a dos filhos, dos parentes na express\u00e3o de amor, de respeito e da uni\u00e3o familiar.<\/p>\n<p style=\"text-align: justify;\">A festividade surgiu nos Estados Unidos, com a iniciativa da ativista Ann Maria Reeves Jarvis, que fundou em 1858 os Clubes de trabalho do Dia das M\u00e3es, com o objetivo de diminuir a mortalidade de crian\u00e7as em fam\u00edlias de trabalhadores. Jarvis organizou em 1865 o Dias de Amizade Para as M\u00e3es, para melhorar as condi\u00e7\u00f5es dos feridos na Guerra de Secess\u00e3o que assolou os Estados Unidos no per\u00edodo. Em 1870 a escritora Julia Ward Howe (autora de O Hino de Batalha da Rep\u00fablica) publicou o manifesto Proclama\u00e7\u00e3o do Dia das M\u00e3es, pedindo paz e desarmamento depois da Guerra de Secess\u00e3o.<\/p>\n<p style=\"text-align: justify;\">Reconhecida como idealizadora do Dia das M\u00e3es na sua forma atual \u00e9 a filha de Ann Maria Reeves Jarvis, a crist\u00e3 metodista Anna Jarvis, que em 12 de maio de 1907, dois anos ap\u00f3s a morte de sua m\u00e3e, criou um memorial \u00e0 sua m\u00e3e e iniciou uma campanha para que o Dia das M\u00e3es fosse um feriado reconhecido. Ela obteve sucesso ao torn\u00e1-lo reconhecido nos Estados Unidos em 8 de maio de 1914, quando a Resolu\u00e7\u00e3o Conjunta Designando o Segundo Domingo de Maio como Dia das M\u00e3es, foi aprovada pelo Congresso dos Estados Unidos, instaurando o segundo domingo do m\u00eas de maio como Dia das M\u00e3es. No \u00e2mbito desta resolu\u00e7\u00e3o o Presidente dos Estados Unidos Thomas Woodrow Wilson proclamou no dia seguinte que no Dia das M\u00e3es os edif\u00edcios p\u00fablicos devem ser decorados com bandeiras. Assim, o Dia das M\u00e3es foi celebrado pela primeira vez em 9 de maio de 1914.<\/p>\n<p style=\"text-align: justify;\">No Brasil, coube \u00e0 Associa\u00e7\u00e3o Crist\u00e3 de Mo\u00e7os do Rio Grande do Sul (ACM-RS) a iniciativa da comemora\u00e7\u00e3o. A data foi trazida ao Brasil pelo ent\u00e3o Secret\u00e1rio-geral da institui\u00e7\u00e3o, Frank Long. A primeira celebra\u00e7\u00e3o no pa\u00eds ocorreu em 12 de maio de 1918, em Porto Alegre. Aos poucos, a festividade foi se espalhando pelo pa\u00eds e, em 1932, o ent\u00e3o presidente Get\u00falio Vargas, a pedido das feministas da Federa\u00e7\u00e3o Brasileira pelo Progresso Feminino, oficializou a data no segundo domingo de maio. A iniciativa fazia parte da estrat\u00e9gia das feministas de valorizar a import\u00e2ncia das mulheres na sociedade, animadas com as perspectivas que se abriram a partir da conquista do direito de votar, em fevereiro do mesmo ano. Em 1947, Dom Jaime de Barros C\u00e2mara, Cardeal-Arcebispo do Rio de Janeiro, determinou que essa data fizesse parte tamb\u00e9m no calend\u00e1rio oficial da Igreja Cat\u00f3lica.<\/p>\n<p style=\"text-align: justify;\"><strong>Ser M\u00e3e<\/strong><\/p>\n<p style=\"text-align: justify;\"><strong>Filho \u00e9 b\u00ean\u00e7\u00e3o de Deus. \u00c9 acolhido, educado pela m\u00e3e com amor, carinho, can\u00e7\u00e3o, aten\u00e7\u00e3o e muita emo\u00e7\u00e3o.<\/strong><\/p>\n<p style=\"text-align: justify;\"><strong>Ser m\u00e3e \u00e9 a interioridade de milagre. O sentimento materno \u00e9 de gl\u00f3ria e de fortalecimento eterno.<\/strong><\/p>\n<p style=\"text-align: justify;\"><strong>S\u00f3 as m\u00e3os de m\u00e3e sentem o filho a seguran\u00e7a da prote\u00e7\u00e3o. O cora\u00e7\u00e3o sente aus\u00eancia do filho e \u00e9 preenchido com ora\u00e7\u00e3o.<\/strong><\/p>\n<p style=\"text-align: justify;\"><strong>A alma de m\u00e3e \u00e9 um bel\u00edssimo para\u00edso onde a ternura, o afeto, a bondade, a felicidade e com sua f\u00e9 tudo se acalma. <\/strong><\/p>\n<p style=\"text-align: justify;\"><strong>M\u00e3e sempre ser\u00e1 mulher guerreira, princesa, rainha, jardim das mais belas rosas, luar rom\u00e2ntico e c\u00e9u de estrelas.<\/strong><\/p>\n<p style=\"text-align: justify;\">Ser m\u00e3e \u00e9 um Milagre Divino \u00e9 a integralidade do amor. Parab\u00e9ns \u00e0 todas as m\u00e3es e para elas muita sa\u00fade, amor, paz, felicidade e prosperidade.<\/p>\n<p style=\"text-align: justify;\">Prof. Dr.\u00a0 In\u00e1cio Jos\u00e9 do Vale, Psicanalista Cl\u00ednico, PhD.<\/p>\n<p style=\"text-align: justify;\">Trabalha Clinicando na Comunidade de A\u00e7\u00e3o Pastoral \u2013 CAP<\/p>\n<p style=\"text-align: justify;\">Especialista em Psicologia Cl\u00ednica pela Faculdade Dom Alberto-RS.<\/p>\n<p style=\"text-align: justify;\">Especialista em Psicologia da Sa\u00fade pela Faculdade de Administra\u00e7\u00e3o, Ci\u00eancias e Educa\u00e7\u00e3o-MG.<\/p>\n<p style=\"text-align: justify;\">Doutorado em Psican\u00e1lise Cl\u00ednica pela Escola de Psican\u00e1lise da Sociedade Brasileira de Psican\u00e1lise Contempor\u00e2nea. Rio de Janeiro-RJ. Cadastrada na Organiza\u00e7\u00e3o das Na\u00e7\u00f5es Unidas \u2013 (ONU).<\/p>\n<p style=\"text-align: justify;\">\n<p style=\"text-align: justify;\"><strong>Autor do livro Terapia Psicanal\u00edtica: Demolindo a Ansiedade, a Depress\u00e3o e a Posse da Sa\u00fade F\u00edsica e Psicol\u00f3gica <\/strong><\/p>\n","protected":false},"excerpt":{"rendered":"<p>Dia das M\u00e3es\u00a0\u00e9 uma\u00a0data celebrativa carregada de profundo amor\u00a0que homenageia anualmente a figura aben\u00e7oada, amada, elogiada e respeitada da m\u00e3e e a b\u00ean\u00e7\u00e3o da maternidade. A data comemorativa proporciona imensur\u00e1vel sentimento de comunh\u00e3o familiar, de carinho, de ternura, de afetividade e tendo a estimad\u00edssima m\u00e3e como centro das aten\u00e7\u00f5es. A festa \u00e9 toda dela. O [&hellip;]<\/p>\n","protected":false},"author":16,"featured_media":55822,"comment_status":"open","ping_status":"closed","sticky":false,"template":"","format":"standard","meta":{"footnotes":""},"categories":[9],"tags":[],"class_list":["post-88345","post","type-post","status-publish","format-standard","has-post-thumbnail","hentry","category-artigos"],"_links":{"self":[{"href":"https:\/\/catolicanet.net\/wp-cnet\/wp-json\/wp\/v2\/posts\/88345","targetHints":{"allow":["GET"]}}],"collection":[{"href":"https:\/\/catolicanet.net\/wp-cnet\/wp-json\/wp\/v2\/posts"}],"about":[{"href":"https:\/\/catolicanet.net\/wp-cnet\/wp-json\/wp\/v2\/types\/post"}],"author":[{"embeddable":true,"href":"https:\/\/catolicanet.net\/wp-cnet\/wp-json\/wp\/v2\/users\/16"}],"replies":[{"embeddable":true,"href":"https:\/\/catolicanet.net\/wp-cnet\/wp-json\/wp\/v2\/comments?post=88345"}],"version-history":[{"count":1,"href":"https:\/\/catolicanet.net\/wp-cnet\/wp-json\/wp\/v2\/posts\/88345\/revisions"}],"predecessor-version":[{"id":88347,"href":"https:\/\/catolicanet.net\/wp-cnet\/wp-json\/wp\/v2\/posts\/88345\/revisions\/88347"}],"wp:featuredmedia":[{"embeddable":true,"href":"https:\/\/catolicanet.net\/wp-cnet\/wp-json\/wp\/v2\/media\/55822"}],"wp:attachment":[{"href":"https:\/\/catolicanet.net\/wp-cnet\/wp-json\/wp\/v2\/media?parent=88345"}],"wp:term":[{"taxonomy":"category","embeddable":true,"href":"https:\/\/catolicanet.net\/wp-cnet\/wp-json\/wp\/v2\/categories?post=88345"},{"taxonomy":"post_tag","embeddable":true,"href":"https:\/\/catolicanet.net\/wp-cnet\/wp-json\/wp\/v2\/tags?post=88345"}],"curies":[{"name":"wp","href":"https:\/\/api.w.org\/{rel}","templated":true}]}}