{"id":88339,"date":"2024-05-06T09:21:35","date_gmt":"2024-05-06T12:21:35","guid":{"rendered":"https:\/\/catolicanet.net\/wp-cnet\/?p=88339"},"modified":"2024-05-06T14:22:58","modified_gmt":"2024-05-06T17:22:58","slug":"qual-e-a-oracao-mais-longa-de-jesus-nos-evangelhos","status":"publish","type":"post","link":"https:\/\/catolicanet.net\/wp-cnet\/qual-e-a-oracao-mais-longa-de-jesus-nos-evangelhos\/","title":{"rendered":"Qual \u00e9 a ora\u00e7\u00e3o mais longa de Jesus nos Evangelhos?"},"content":{"rendered":"<p style=\"text-align: justify;\"><span class=\"subtitle\"><span>O Evangelho de Jo\u00e3o fornece a ora\u00e7\u00e3o mais longa registrada nos Evangelhos, muitas vezes chamada de &#8220;ora\u00e7\u00e3o sacerdotal de Jesus&#8221;<\/span><\/p>\n<p><\/span><\/p>\n<p style=\"text-align: justify;\"><span>Jesus ora frequentemente ao longo dos Evangelhos, tanto em ora\u00e7\u00f5es aud\u00edveis como em ora\u00e7\u00f5es silenciosas que n\u00e3o foram gravadas.<\/span><\/p>\n<p style=\"text-align: justify;\"><span>A ora\u00e7\u00e3o mais longa registrada nos Evangelhos \u00e9 encontrada no Evangelho de Jo\u00e3o.<\/span><\/p>\n<p style=\"text-align: justify;\"><span>O Catecismo da Igreja Cat\u00f3lica explica um pouco sobre o pano de fundo desta ora\u00e7\u00e3o:<\/span><\/p>\n<blockquote class=\"wp-block-quote is-layout-flow wp-block-quote-is-layout-flow\"><p><span>\u201cQuando chegou a &#8216;sua hora&#8217;, Jesus orou ao Pai. A sua ora\u00e7\u00e3o, a mais longa transmitida pelo Evangelho, abrange toda a economia da cria\u00e7\u00e3o e da salva\u00e7\u00e3o, bem como a sua morte e ressurrei\u00e7\u00e3o. A ora\u00e7\u00e3o da Hora de Jesus permanece sempre sua, assim como a sua P\u00e1scoa \u201cde uma vez por todas\u201d permanece sempre presente na liturgia da sua Igreja.<\/span><\/p>\n<p><span>A tradi\u00e7\u00e3o crist\u00e3 chama justamente esta ora\u00e7\u00e3o de ora\u00e7\u00e3o \u201csacerdotal\u201d de Jesus. \u00c9 a ora\u00e7\u00e3o do nosso sumo sacerdote, insepar\u00e1vel do seu sacrif\u00edcio, da sua passagem (P\u00e1scoa) ao Pai a quem \u00e9 totalmente \u2018consagrado\u2019\u201d.<\/span><\/p>\n<p><cite><a title=\"\" href=\"https:\/\/www.vatican.va\/archive\/catechism_sp\/p4s1c3a2_sp.html#II._La_humilde_vigilancia_de_la_oraci%C3%B3n\" target=\"_blank\" rel=\"noopener\"><span>CIC 2746-2747<\/span><\/a><\/cite><\/p><\/blockquote>\n<div class=\"wp-block-aleteia-heading3\" style=\"text-align: justify;\">\n<h2><span>Uma ora\u00e7\u00e3o da \u00daltima Ceia<\/span><\/h2>\n<\/div>\n<div id=\"aleteia-welcome\" style=\"text-align: justify;\"><\/div>\n<p style=\"text-align: justify;\"><span>A ora\u00e7\u00e3o acontece durante a hist\u00f3ria da \u00daltima Ceia, pouco antes de Jesus ir com seus disc\u00edpulos ao jardim do Gets\u00eamani e ser preso na noite de Quinta-feira Santa:<\/span><\/p>\n<blockquote class=\"wp-block-quote is-layout-flow wp-block-quote-is-layout-flow\"><p><span>\u201cTendo dito isto, Jesus ergueu os olhos ao c\u00e9u e disse: \u2018Pai, chegou a hora. D\u00e1 gl\u00f3ria ao teu Filho, para que o teu Filho te glorifique, assim como lhe deste autoridade sobre todos os homens, para que ele d\u00ea a vida eterna a todos aqueles que lhe deste. Esta \u00e9 a vida eterna: que te conhe\u00e7am, o \u00fanico Deus verdadeiro, e aquele que enviaste, Jesus Cristo. Eu te glorifiquei na terra, cumprindo a obra que voc\u00ea me confiou. Agora glorifica-me, Pai, contigo, com a gl\u00f3ria que eu tinha contigo antes do princ\u00edpio do mundo\u201d.<\/span><\/p>\n<p><cite><a title=\"\" href=\"https:\/\/www.vatican.va\/archive\/ESL0506\/__PWN.HTM\" target=\"_blank\" rel=\"noopener\"><span>Jo\u00e3o 17, 1-5<\/span><\/a><\/cite><\/p><\/blockquote>\n<p style=\"text-align: justify;\"><span>A ora\u00e7\u00e3o tem um total de 26 vers\u00edculos e oferece um exemplo profundo de ora\u00e7\u00e3o que n\u00e3o aparece em nenhum dos outros Evangelhos.<\/span><\/p>\n<p style=\"text-align: justify;\"><span>O Catecismo continua o seu coment\u00e1rio sobre esta \u00fanica ora\u00e7\u00e3o:<\/span><\/p>\n<div id=\"article-desk-content-p6-ad\" class=\"adslot ay css-p8k4vw\" style=\"text-align: justify;\" data-ay-manager-id=\"article-desk-content-p6-ad\" data-google-query-id=\"CPuFseLE-YUDFWAjuQYdPiQEDQ\">\n<div id=\"google_ads_iframe_64500793\/ES_DESK_ARTICLE_WELCOME_1X1_1__container__\"><\/div>\n<\/div>\n<blockquote class=\"wp-block-quote is-layout-flow wp-block-quote-is-layout-flow\"><p><span>\u201cNesta ora\u00e7\u00e3o pascal e sacrificial, tudo \u00e9 recapitulado em Cristo: Deus e o mundo; a Palavra e a carne; vida e tempo eternos; o amor que se d\u00e1 e o pecado que o trai; os disc\u00edpulos presentes e aqueles que acreditar\u00e3o nele atrav\u00e9s da sua palavra; humilha\u00e7\u00e3o e gl\u00f3ria. \u00c9 a ora\u00e7\u00e3o da unidade\u201d ( <\/span><a title=\"\" href=\"https:\/\/www.vatican.va\/archive\/catechism_sp\/p4s1c3a2_sp.html#II._La_humilde_vigilancia_de_la_oraci%C3%B3n\" target=\"_blank\" rel=\"noopener\"><span>CIC 2748<\/span><\/a><span> ).<\/span><\/p><\/blockquote>\n<p style=\"text-align: justify;\"><span>Se voc\u00ea precisar de uma ora\u00e7\u00e3o para meditar, tente ler e reler a ora\u00e7\u00e3o mais longa registrada de Jesus.<\/span><\/p>\n","protected":false},"excerpt":{"rendered":"<p>O Evangelho de Jo\u00e3o fornece a ora\u00e7\u00e3o mais longa registrada nos Evangelhos, muitas vezes chamada de &#8220;ora\u00e7\u00e3o sacerdotal de Jesus&#8221; Jesus ora frequentemente ao longo dos Evangelhos, tanto em ora\u00e7\u00f5es aud\u00edveis como em ora\u00e7\u00f5es silenciosas que n\u00e3o foram gravadas. A ora\u00e7\u00e3o mais longa registrada nos Evangelhos \u00e9 encontrada no Evangelho de Jo\u00e3o. O Catecismo da [&hellip;]<\/p>\n","protected":false},"author":1,"featured_media":88340,"comment_status":"open","ping_status":"closed","sticky":false,"template":"","format":"standard","meta":{"footnotes":""},"categories":[4],"tags":[],"class_list":["post-88339","post","type-post","status-publish","format-standard","has-post-thumbnail","hentry","category-cotidiano"],"_links":{"self":[{"href":"https:\/\/catolicanet.net\/wp-cnet\/wp-json\/wp\/v2\/posts\/88339","targetHints":{"allow":["GET"]}}],"collection":[{"href":"https:\/\/catolicanet.net\/wp-cnet\/wp-json\/wp\/v2\/posts"}],"about":[{"href":"https:\/\/catolicanet.net\/wp-cnet\/wp-json\/wp\/v2\/types\/post"}],"author":[{"embeddable":true,"href":"https:\/\/catolicanet.net\/wp-cnet\/wp-json\/wp\/v2\/users\/1"}],"replies":[{"embeddable":true,"href":"https:\/\/catolicanet.net\/wp-cnet\/wp-json\/wp\/v2\/comments?post=88339"}],"version-history":[{"count":1,"href":"https:\/\/catolicanet.net\/wp-cnet\/wp-json\/wp\/v2\/posts\/88339\/revisions"}],"predecessor-version":[{"id":88342,"href":"https:\/\/catolicanet.net\/wp-cnet\/wp-json\/wp\/v2\/posts\/88339\/revisions\/88342"}],"wp:featuredmedia":[{"embeddable":true,"href":"https:\/\/catolicanet.net\/wp-cnet\/wp-json\/wp\/v2\/media\/88340"}],"wp:attachment":[{"href":"https:\/\/catolicanet.net\/wp-cnet\/wp-json\/wp\/v2\/media?parent=88339"}],"wp:term":[{"taxonomy":"category","embeddable":true,"href":"https:\/\/catolicanet.net\/wp-cnet\/wp-json\/wp\/v2\/categories?post=88339"},{"taxonomy":"post_tag","embeddable":true,"href":"https:\/\/catolicanet.net\/wp-cnet\/wp-json\/wp\/v2\/tags?post=88339"}],"curies":[{"name":"wp","href":"https:\/\/api.w.org\/{rel}","templated":true}]}}