{"id":88315,"date":"2024-05-06T09:17:50","date_gmt":"2024-05-06T12:17:50","guid":{"rendered":"https:\/\/catolicanet.net\/wp-cnet\/?p=88315"},"modified":"2024-05-06T13:20:24","modified_gmt":"2024-05-06T16:20:24","slug":"cristaos-e-budistas-trabalhar-juntos-pela-paz-atraves-da-reconciliacao-e-da-resiliencia","status":"publish","type":"post","link":"https:\/\/catolicanet.net\/wp-cnet\/cristaos-e-budistas-trabalhar-juntos-pela-paz-atraves-da-reconciliacao-e-da-resiliencia\/","title":{"rendered":"Crist\u00e3os e budistas: trabalhar juntos pela paz atrav\u00e9s da reconcilia\u00e7\u00e3o e da resili\u00eancia"},"content":{"rendered":"<div class=\"mediaContent__inner \">\n<figure class=\"article__image\"><span class=\"didascalia_img\">Uma celebra\u00e7\u00e3o da festa do Vesak na Indon\u00e9sia (Reuters)<\/span><\/figure>\n<\/div>\n<article class=\"article \">\n<div class=\"article__meta audioInside\" data-mediatype=\"foto\">\n<div class=\"article__subTitle\" style=\"text-align: justify;\">A reconcilia\u00e7\u00e3o e a resili\u00eancia s\u00e3o corretivos necess\u00e1rios para uma cultura de viol\u00eancia que muitas vezes \u00e9 justificada como uma resposta deplor\u00e1vel, mas necess\u00e1ria, a a\u00e7\u00f5es militares ou terroristas agressivas. A reconcilia\u00e7\u00e3o e a resili\u00eancia nos permitem perdoar e pedir perd\u00e3o, amar e estar em paz com n\u00f3s mesmos e com os outros, inclusive com aqueles que nos fizeram mal: diz a mensagem do Dicast\u00e9rio para o Di\u00e1logo Inter-religioso por ocasi\u00e3o do Vesak, festa sagrada da espiritualidade budista<\/div>\n<div class=\"title__separator\" style=\"text-align: justify;\"><\/div>\n<div class=\"article__text\">\n<p style=\"text-align: justify;\"><b>Raimundo de Lima \u2013 Vatican News<\/b><\/p>\n<div style=\"text-align: justify;\">\n<div class=\"article__embed article__embed--unwrap article__embed--dark\">\n<div class=\"article__innerTitle\">Ou\u00e7a e compartilhe<\/div>\n<div>\n<!--[if lt IE 9]><script>document.createElement('audio');<\/script><![endif]-->\n<audio class=\"wp-audio-shortcode\" id=\"audio-88315-1\" preload=\"none\" style=\"width: 100%;\" controls=\"controls\"><source type=\"audio\/mpeg\" src=\"https:\/\/media.vaticannews.va\/media\/audio\/s1\/2024\/05\/06\/12\/137934801_F137934801.mp3?_=1\" \/><a href=\"https:\/\/media.vaticannews.va\/media\/audio\/s1\/2024\/05\/06\/12\/137934801_F137934801.mp3\">https:\/\/media.vaticannews.va\/media\/audio\/s1\/2024\/05\/06\/12\/137934801_F137934801.mp3<\/a><\/audio>\n<\/div>\n<\/div>\n<\/div>\n<p style=\"text-align: justify;\">Para fazer nossa parte para acabar com \u00f3dio e o desejo de vingan\u00e7a que levam \u00e0 guerra e no curar as feridas que a guerra infligiu \u00e0 humanidade e \u00e0 terra, nossa casa comum, devemos fortalecer nosso compromisso de trabalhar pela reconcilia\u00e7\u00e3o e resili\u00eancia.<\/p>\n<p style=\"text-align: justify;\">\u00c9 o que afirma a mensagem do Dicast\u00e9rio para o Di\u00e1logo Inter-religioso por ocasi\u00e3o do Vesak, festa sagrada e de profunda espiritualidade budista, \u201coportunidade apropriada para estender nossas mais calorosas sauda\u00e7\u00f5es e refletir convosco sobre nossa responsabilidade comum como crist\u00e3os e budistas de promover a paz, a reconcilia\u00e7\u00e3o e a resili\u00eancia, valores profundamente enraizados em nossas respectivas tradi\u00e7\u00f5es religiosas\u201d.<\/p>\n<h2 style=\"text-align: justify;\">Uma aten\u00e7\u00e3o renovada \u00e0 quest\u00e3o cr\u00edtica da paz<\/h2>\n<p style=\"text-align: justify;\">\u201cNunca mais a guerra, nunca mais a guerra! \u00c9 a paz, a paz, que deve guiar o destino das na\u00e7\u00f5es de toda a humanidade!\u201d Esse forte apelo, proferido pelo Papa Paulo VI em seu discurso \u00e0s Na\u00e7\u00f5es Unidas em 4 de outubro de 1965, foi ecoado em in\u00fameras reuni\u00f5es inter-religiosas nos \u00faltimos anos para condenar a destrui\u00e7\u00e3o causada pelas guerras em todo o mundo. \u201cJ\u00e1 abordamos esse tema em v\u00e1rias ocasi\u00f5es, mas a escalada cont\u00ednua dos conflitos em todo o mundo exige uma aten\u00e7\u00e3o renovada \u00e0 quest\u00e3o cr\u00edtica da paz e uma reflex\u00e3o mais profunda sobre nosso papel na supera\u00e7\u00e3o dos obst\u00e1culos ao seu crescimento. Al\u00e9m de nossas constantes ora\u00e7\u00f5es e esperan\u00e7as, a situa\u00e7\u00e3o atual exige de n\u00f3s esfor\u00e7os vigorosos\u201d, l\u00ea-se.<\/p>\n<p style=\"text-align: justify;\">A mensagem publicada esta segunda-feira (06\/05) ressalta que a menos que as causas fundamentais do conflito e da viol\u00eancia sejam devidamente abordadas, o alvorecer da paz duradoura \u00e9 uma ilus\u00e3o, pois n\u00e3o pode haver paz e reconcilia\u00e7\u00e3o sem equidade e justi\u00e7a na vida pol\u00edtica, econ\u00f4mica e cultural.<\/p>\n<h2 style=\"text-align: justify;\">Curar as feridas do passado<\/h2>\n<p style=\"text-align: justify;\">Os nobres ensinamentos de nossas respectivas tradi\u00e7\u00f5es e as vidas exemplares vividas por aqueles que veneramos testemunham os abundantes benef\u00edcios da reconcilia\u00e7\u00e3o e da resili\u00eancia. Quando o perd\u00e3o \u00e9 buscado e os relacionamentos rompidos s\u00e3o curados, aqueles que se afastaram s\u00e3o reconciliados e a harmonia \u00e9 restaurada, l\u00ea-se na mensagem.<\/p>\n<p style=\"text-align: justify;\">A resili\u00eancia permite que indiv\u00edduos e comunidades se recuperem de adversidades e traumas. Ela promove a coragem e a esperan\u00e7a de um futuro melhor, pois transforma tanto as v\u00edtimas quanto os agressores e leva a uma nova vida. \u201cA reconcilia\u00e7\u00e3o e a resili\u00eancia &#8211; ressalta-se &#8211; se unem para formar uma sinergia poderosa que cura as feridas do passado, cria la\u00e7os fortes e permite enfrentar os desafios da vida com for\u00e7a e otimismo\u201d.<\/p>\n<h2 style=\"text-align: justify;\">Perdoar e pedir perd\u00e3o<\/h2>\n<p style=\"text-align: justify;\">Conforme ensinado nos rituais e cultos de nossas respectivas tradi\u00e7\u00f5es religiosas, a reconcilia\u00e7\u00e3o e a resili\u00eancia s\u00e3o, portanto, corretivos necess\u00e1rios para uma cultura de viol\u00eancia que muitas vezes \u00e9 justificada como uma resposta lament\u00e1vel, mas necess\u00e1ria, a a\u00e7\u00f5es militares ou terroristas agressivas. A reconcilia\u00e7\u00e3o e a resili\u00eancia nos permitem perdoar e pedir perd\u00e3o, amar e estar em paz com n\u00f3s mesmos e com os outros, inclusive com aqueles que nos fizeram mal.<\/p>\n<p style=\"text-align: justify;\">A mensagem do Dicast\u00e9rio para o Di\u00e1logo Inter-religioso lembra que o Buda transmitiu a sabedoria atemporal de que \u201cneste mundo, o \u00f3dio nunca \u00e9 apaziguado pelo \u00f3dio. Ele \u00e9 apaziguado apenas pela bondade amorosa\u201d. (Dhammapada, v. 5), enquanto S\u00e3o Paulo, ecoando o apelo de Jesus ao perd\u00e3o ilimitado (Evangelho de Mateus 6,14), exorta os crist\u00e3os a abra\u00e7arem o minist\u00e9rio da reconcilia\u00e7\u00e3o iniciado por Deus em Cristo (2 Cor\u00edntios 5,11-21).<\/p>\n<h2 style=\"text-align: justify;\">Caminhar juntos pela paz<\/h2>\n<p style=\"text-align: justify;\">Por fim, tamb\u00e9m o Papa Francisco nos assegura que \u201ca reconcilia\u00e7\u00e3o reparadora nos far\u00e1 ressurgirr e fazer com que n\u00f3s mesmos e os outros percamos o medo\u201d (<i>Fratelli tutti, 78<\/i>). Ele aconselha aqueles que foram inimigos acirrados a \u201caprenderem a cultivar uma mem\u00f3ria penitencial, que saiba aceitar o passado para n\u00e3o turvar o futuro com seus arrependimentos, problemas e planos\u201d (<i>Fratelli tutti, 226<\/i>).<\/p>\n<p style=\"text-align: justify;\">Todos n\u00f3s somos chamados a redescobrir e valorizar esses valores em nossas respectivas tradi\u00e7\u00f5es, a tornar mais conhecidas as figuras espirituais que os encarnaram e a caminhar juntos pela paz. Com esses pensamentos de ora\u00e7\u00e3o, a mensagem conclui-se desejando aos irm\u00e3os budistas uma frut\u00edfera celebra\u00e7\u00e3o do Vesak!<\/p>\n<\/div>\n<\/div>\n<\/article>\n","protected":false},"excerpt":{"rendered":"<p>Uma celebra\u00e7\u00e3o da festa do Vesak na Indon\u00e9sia (Reuters) A reconcilia\u00e7\u00e3o e a resili\u00eancia s\u00e3o corretivos necess\u00e1rios para uma cultura de viol\u00eancia que muitas vezes \u00e9 justificada como uma resposta deplor\u00e1vel, mas necess\u00e1ria, a a\u00e7\u00f5es militares ou terroristas agressivas. A reconcilia\u00e7\u00e3o e a resili\u00eancia nos permitem perdoar e pedir perd\u00e3o, amar e estar em paz [&hellip;]<\/p>\n","protected":false},"author":1,"featured_media":88316,"comment_status":"open","ping_status":"closed","sticky":false,"template":"","format":"standard","meta":{"footnotes":""},"categories":[3],"tags":[],"class_list":["post-88315","post","type-post","status-publish","format-standard","has-post-thumbnail","hentry","category-vaticano"],"_links":{"self":[{"href":"https:\/\/catolicanet.net\/wp-cnet\/wp-json\/wp\/v2\/posts\/88315","targetHints":{"allow":["GET"]}}],"collection":[{"href":"https:\/\/catolicanet.net\/wp-cnet\/wp-json\/wp\/v2\/posts"}],"about":[{"href":"https:\/\/catolicanet.net\/wp-cnet\/wp-json\/wp\/v2\/types\/post"}],"author":[{"embeddable":true,"href":"https:\/\/catolicanet.net\/wp-cnet\/wp-json\/wp\/v2\/users\/1"}],"replies":[{"embeddable":true,"href":"https:\/\/catolicanet.net\/wp-cnet\/wp-json\/wp\/v2\/comments?post=88315"}],"version-history":[{"count":1,"href":"https:\/\/catolicanet.net\/wp-cnet\/wp-json\/wp\/v2\/posts\/88315\/revisions"}],"predecessor-version":[{"id":88318,"href":"https:\/\/catolicanet.net\/wp-cnet\/wp-json\/wp\/v2\/posts\/88315\/revisions\/88318"}],"wp:featuredmedia":[{"embeddable":true,"href":"https:\/\/catolicanet.net\/wp-cnet\/wp-json\/wp\/v2\/media\/88316"}],"wp:attachment":[{"href":"https:\/\/catolicanet.net\/wp-cnet\/wp-json\/wp\/v2\/media?parent=88315"}],"wp:term":[{"taxonomy":"category","embeddable":true,"href":"https:\/\/catolicanet.net\/wp-cnet\/wp-json\/wp\/v2\/categories?post=88315"},{"taxonomy":"post_tag","embeddable":true,"href":"https:\/\/catolicanet.net\/wp-cnet\/wp-json\/wp\/v2\/tags?post=88315"}],"curies":[{"name":"wp","href":"https:\/\/api.w.org\/{rel}","templated":true}]}}