{"id":88303,"date":"2024-04-13T09:26:11","date_gmt":"2024-04-13T12:26:11","guid":{"rendered":"https:\/\/catolicanet.net\/wp-cnet\/?p=88303"},"modified":"2024-05-03T12:27:10","modified_gmt":"2024-05-03T15:27:10","slug":"61a-assembleia-geral-dos-bispos-cnbb","status":"publish","type":"post","link":"https:\/\/catolicanet.net\/wp-cnet\/61a-assembleia-geral-dos-bispos-cnbb\/","title":{"rendered":"61\u00aa Assembleia Geral dos bispos CNBB"},"content":{"rendered":"<p style=\"text-align: center;\">Tema:<em> \u201cA realidade da igreja no Brasil e a atualiza\u00e7\u00e3o de suas diretrizes gerais da A\u00e7\u00e3o evangelizadora\u201d<\/em><\/p>\n<p style=\"text-align: justify;\">Iniciamos, na quarta-feira, dia 10 de abril de 2024, a 61\u00aa Assembleia Geral dos Bispos da CNBB \u2013 Confer\u00eancia Nacional dos Bispos do Brasil, a tem\u00e1tica desse ano \u00e9 voltada \u00e0 realidade da Igreja no Brasil. A assembleia teve in\u00edcio com a missa \u00e0s 7h presidida por Dom Jaime Spengler, arcebispo de Porto Alegre e presidente da CNBB.<\/p>\n<p style=\"text-align: justify;\">A 61\u00aa Assembleia Geral da CNBB tem novamente como local o Santu\u00e1rio Nacional de Aparecida, SP. \u00c9 sempre bom estar perto da M\u00e3e, e onde est\u00e1 a M\u00e3e, o Filho est\u00e1 presente. S\u00e3o 10 dias de muita reflex\u00e3o, ora\u00e7\u00e3o e partilha entre os bispos. Cada bispo traz a realidade que vive em sua diocese, as dores e as alegrias, e partilha com os demais bispos. \u00c9 uma oportunidade de cada um se encontrar e conversar um pouco, algo que n\u00e3o \u00e9 poss\u00edvel fazer ao longo do ano devido a correria do dia a dia.<\/p>\n<p style=\"text-align: justify;\">Os bispos s\u00e3o os sucessores dos ap\u00f3stolos e nesse momento recordam quando os ap\u00f3stolos se reuniram juntos em Pentecostes e desceu sobre eles o Esp\u00edrito Santo para que sa\u00edssem ao mundo inteiro para anunciar o Evangelho. Ou seja, ap\u00f3s a Assembleia, os bispos retornar\u00e3o para \u00a0as suas dioceses revigorados pela a\u00e7\u00e3o do Esp\u00edrito Santo para que continuem a pastorear o seu rebanho e anunciar o Reino de Deus.<\/p>\n<p style=\"text-align: justify;\">O Esp\u00edrito Santo guia e sustenta a Igreja, apesar dos ventos contr\u00e1rios que d\u00e3o contra a Igreja, ela permanece de p\u00e9 por causa do Esp\u00edrito Santo. \u00c9 por meio desse mesmo Esp\u00edrito Santo que sentimos a presen\u00e7a de Jesus, por meio do Esp\u00edrito Santo \u00e9 poss\u00edvel consagrar a Eucaristia e obter o perd\u00e3o dos pecados. Com os bispos reunidos \u00e9 poss\u00edvel experimentar a presen\u00e7a de Jesus, e ao final da assembleia \u00e9 Jesus que nos envia de volta \u00e0s dioceses depois de um momento de Pentecostes.<\/p>\n<p style=\"text-align: justify;\">Todos os bispos s\u00e3o convocados a participar da assembleia, todos que est\u00e3o a frente de uma arquidiocese ou diocese, e ainda, os bispos auxiliares e coadjutores. Os bispos em\u00e9ritos a presen\u00e7a \u00e9 facultativa.<\/p>\n<p style=\"text-align: justify;\">Atualmente a Igreja Cat\u00f3lica possui no Brasil 279 circunscri\u00e7\u00f5es eclesi\u00e1sticas, o n\u00famero de bispos no pa\u00eds \u00e9 de 486, desse total, 318 est\u00e3o no exerc\u00edcio do governo pastoral de alguma Igreja particular e outros 168 s\u00e3o bispos em\u00e9ritos. \u00c9 importante acompanhar pelos meios de comunica\u00e7\u00e3o os bispos reunidos em Aparecida e, juntos, pedindo a intercess\u00e3o da M\u00e3e de Deus, rainha dos ap\u00f3stolos, que inclusive estava presente junto com eles no dia de Pentecostes.<\/p>\n<p style=\"text-align: justify;\">A assembleia esse ano est\u00e1 dividida em quatro sess\u00f5es di\u00e1rias, totalizando 28 ao longo das duas semanas. A primeira sess\u00e3o, de abertura, aconteceu no Centro de Eventos Padre Vitor Coelho de Almeida, \u00e0s 8h30, com a presen\u00e7a do N\u00fancio Apost\u00f3lico no Brasil, Dom Giambatistta Diquattro; os membros da presid\u00eancia da CNBB: Dom Jaime Spengler (presidente), Dom Jo\u00e3o Justino de Medeiros Silva (primeiro vice-presidente), Dom Paulo Jackson N\u00f3brega (segundo vice-presidente), e Dom Ricardo Hoepers (secret\u00e1rio-geral), e o reitor do santu\u00e1rio Nacional Padre Eduardo Catalfo e outras autoridades.<\/p>\n<p style=\"text-align: justify;\">O N\u00fancio Apost\u00f3lico \u00e9 o representante do Papa, o sucessor de Pedro. Al\u00e9m disso, o N\u00fancio Apost\u00f3lico \u00e9 bispo e, \u00e9 claro est\u00e1 em comunh\u00e3o com os demais naquele momento. O N\u00fancio Apost\u00f3lico reside em Bras\u00edlia, e tem um contato muito pr\u00f3ximo com a maioria dos bispos. A presen\u00e7a do N\u00fancio na assembleia \u00e9 de fundamental import\u00e2ncia.<\/p>\n<p style=\"text-align: justify;\">O tema central e que permea boa parte da 61\u00aa Assembleia Geral dos Bispos do Brasil ser\u00e1 conforme j\u00e1 dissemos: \u201c<em>A realidade da Igreja no Brasil e a atualiza\u00e7\u00e3o de suas diretrizes gerais da A\u00e7\u00e3o evangelizadora\u201d, <\/em>e mais quatro temas priorit\u00e1rios: (S\u00ednodo dos bispos 2021-2024, Jubileu 2025, Relat\u00f3rio da presid\u00eancia e juventude), e assuntos a serem tratados em raz\u00e3o da previs\u00e3o estatut\u00e1ria e da Confer\u00eancia, (Doutrina da F\u00e9, Liturgia, Relat\u00f3rio anual da presid\u00eancia, relat\u00f3rio econ\u00f4mico, textos lit\u00fargicos \u2013 CETEL), e outros temas e informes diversos sobre a Igreja Cat\u00f3lica no Brasil.<\/p>\n<p style=\"text-align: justify;\">Ainda acontecer\u00e3o, como de costume, as coletivas de imprensa, que esse ano ser\u00e3o pela manh\u00e3. No primeiro dia, 10 de abril, ser\u00e1 as 10h30, na sala de coletivas, no centro de eventos Padre Vitor Coelho de Almeida. Na primeira coletiva participaram os membros da presid\u00eancia da CNBB, e o assunto a tratado foram os temas da assembleia. No in\u00edcio da assembleia aconteceu o Retiro para os bispos, entre os dias 10 e 11 de abril. O retiro teve como pregador o Cardeal Pietro Parolin, Secret\u00e1rio de Estado do Vaticano.<\/p>\n<p style=\"text-align: justify;\">Acompanhemos com nossas ora\u00e7\u00f5es a Assembleia Geral dos Bispos do Brasil, que o Esp\u00edrito Santo guie e acompanhe as decis\u00f5es a serem tomadas nessa assembleia, e que a Igreja no Brasil possa crescer cada vez mais levando adiante o Reino de Deus. Ainda \u00e9 poss\u00edvel acompanhar a assembleiam (em especial as celebra\u00e7\u00f5es eucr\u00edsticas) atrav\u00e9s dos meios de comunica\u00e7\u00e3o, r\u00e1dio, TV e internet. Caminhemos juntos como Igreja e estejamos em comunh\u00e3o com nossos bispos.<\/p>\n","protected":false},"excerpt":{"rendered":"<p>Tema: \u201cA realidade da igreja no Brasil e a atualiza\u00e7\u00e3o de suas diretrizes gerais da A\u00e7\u00e3o evangelizadora\u201d Iniciamos, na quarta-feira, dia 10 de abril de 2024, a 61\u00aa Assembleia Geral dos Bispos da CNBB \u2013 Confer\u00eancia Nacional dos Bispos do Brasil, a tem\u00e1tica desse ano \u00e9 voltada \u00e0 realidade da Igreja no Brasil. A assembleia [&hellip;]<\/p>\n","protected":false},"author":5,"featured_media":55819,"comment_status":"open","ping_status":"closed","sticky":false,"template":"","format":"standard","meta":{"footnotes":""},"categories":[9],"tags":[],"class_list":["post-88303","post","type-post","status-publish","format-standard","has-post-thumbnail","hentry","category-artigos"],"_links":{"self":[{"href":"https:\/\/catolicanet.net\/wp-cnet\/wp-json\/wp\/v2\/posts\/88303","targetHints":{"allow":["GET"]}}],"collection":[{"href":"https:\/\/catolicanet.net\/wp-cnet\/wp-json\/wp\/v2\/posts"}],"about":[{"href":"https:\/\/catolicanet.net\/wp-cnet\/wp-json\/wp\/v2\/types\/post"}],"author":[{"embeddable":true,"href":"https:\/\/catolicanet.net\/wp-cnet\/wp-json\/wp\/v2\/users\/5"}],"replies":[{"embeddable":true,"href":"https:\/\/catolicanet.net\/wp-cnet\/wp-json\/wp\/v2\/comments?post=88303"}],"version-history":[{"count":1,"href":"https:\/\/catolicanet.net\/wp-cnet\/wp-json\/wp\/v2\/posts\/88303\/revisions"}],"predecessor-version":[{"id":88305,"href":"https:\/\/catolicanet.net\/wp-cnet\/wp-json\/wp\/v2\/posts\/88303\/revisions\/88305"}],"wp:featuredmedia":[{"embeddable":true,"href":"https:\/\/catolicanet.net\/wp-cnet\/wp-json\/wp\/v2\/media\/55819"}],"wp:attachment":[{"href":"https:\/\/catolicanet.net\/wp-cnet\/wp-json\/wp\/v2\/media?parent=88303"}],"wp:term":[{"taxonomy":"category","embeddable":true,"href":"https:\/\/catolicanet.net\/wp-cnet\/wp-json\/wp\/v2\/categories?post=88303"},{"taxonomy":"post_tag","embeddable":true,"href":"https:\/\/catolicanet.net\/wp-cnet\/wp-json\/wp\/v2\/tags?post=88303"}],"curies":[{"name":"wp","href":"https:\/\/api.w.org\/{rel}","templated":true}]}}