{"id":88270,"date":"2024-04-28T09:07:59","date_gmt":"2024-04-28T12:07:59","guid":{"rendered":"https:\/\/catolicanet.net\/wp-cnet\/?p=88270"},"modified":"2024-05-03T12:09:04","modified_gmt":"2024-05-03T15:09:04","slug":"5-domingo-da-pascoa-3","status":"publish","type":"post","link":"https:\/\/catolicanet.net\/wp-cnet\/5-domingo-da-pascoa-3\/","title":{"rendered":"5\u00b0 Domingo da P\u00e1scoa"},"content":{"rendered":"<p style=\"text-align: center;\">\u201c<em>Senhor, sois meu louvor em meio \u00e0 grande assembleia\u201d (Sl 21\/22)<\/em><\/p>\n<p style=\"text-align: justify;\">Celebramos neste domingo o quinto do tempo pascal, esse tempo de alegria e esperan\u00e7a em que nos encontramos com o ressuscitado. Dentro de dois domingos celebramos a Ascens\u00e3o de Jesus ao c\u00e9u e na sequ\u00eancia Pentecostes. Somos enviados por Jesus, do mesmo modo que Ele enviou os ap\u00f3stolos a ser mensageiros da boa nova e anunciar aos outros a alegria que vem do Senhor.<\/p>\n<p style=\"text-align: justify;\">Vivemos num momento de grande tens\u00e3o em que a paz mundial \u00e9 amea\u00e7ada, em que as pessoas s\u00f3 pensam em si mesmas e n\u00e3o no pr\u00f3ximo. Temos que rezar sempre pela paz, pois essa \u00e9 a marca do ressuscitado, todas as vezes que Ele aparece deseja a paz aos seus disc\u00edpulos do mesmo modo que os disc\u00edpulos acolheram essa paz que o ressuscitado traz, cada um de n\u00f3s \u00e9 chamado a acolher do mesmo modo, e transmitir aos demais irm\u00e3os.<\/p>\n<p style=\"text-align: justify;\">Estamos chegando ao final de mais um m\u00eas, na pr\u00f3xima quarta-feira, dia de S\u00e3o Jos\u00e9 Oper\u00e1rio e Dia do Trabalhador iniciaremos o m\u00eas especial para a Igreja que \u00e9 m\u00eas mariano. Pe\u00e7amos a prote\u00e7\u00e3o de Maria para n\u00f3s e nossas fam\u00edlias e sejamos ap\u00f3stolos corajosos do Senhor do mesmo modo que Maria foi.<\/p>\n<p style=\"text-align: justify;\">No Evangelho de hoje Jesus afirma que Ele videira e n\u00f3s somos os ramos, e os ramos devem estar intimamente ligados a videira e com isso devem produzir frutos. Esses frutos que devemos produzir \u00e9 tudo aquilo que contribui para a edifica\u00e7\u00e3o do Reino de Deus. Aquele que n\u00e3o est\u00e1 junto de Jesus n\u00e3o pode produzir frutos e nem edificar o Reino de Deus. O ramo que n\u00e3o d\u00e1 fruto o Pai corta e joga fora, e aquele que d\u00e1 fruto o Pai limpa para que d\u00ea mais fruto ainda. Que n\u00e3o sejamos cortados por Deus e possamos produzir muitos frutos de esperan\u00e7a e de paz.<\/p>\n<p style=\"text-align: justify;\">A primeira leitura da missa desse Domingo \u00e9 do livro dos Atos dos Ap\u00f3stolos <em>(At 9,26-31), <\/em>esse trecho do livro de Atos dos Ap\u00f3stolos retrata Saulo ap\u00f3s a sua convers\u00e3o indo ao encontro dos disc\u00edpulos acompanhado por Barnab\u00e9. A convers\u00e3o de Saulo, que depois viria a se chamar Paulo, consiste numa mudan\u00e7a de postura, ou seja, Saulo passa de perseguidor a fiel seguidor de Jesus. Por isso, os disc\u00edpulos ainda estavam receosos e com medo de Saulo, mas Barnab\u00e9 lhes explica que Saulo havia encontrado com o Senhor e aceitado Jesus.<\/p>\n<p style=\"text-align: justify;\">Ent\u00e3o, a partir desse momento Saulo \u00e9 acolhido pelos disc\u00edpulos e fica com eles, e come\u00e7a a pregar o Evangelho. Depois, Saulo foi encaminhado para Tarso e a Igreja foi crescendo e se solidificando cada vez mais, gra\u00e7as a a\u00e7\u00e3o do Esp\u00edrito Santo. Meus irm\u00e3os, a Igreja Cat\u00f3lica tem mais de dois mil anos, conforme acompanhamos no livro dos Atos dos Ap\u00f3stolos que retrata o in\u00edcio da Igreja primitiva. A Igreja s\u00f3 existe h\u00e1 todo esse tempo gra\u00e7as a a\u00e7\u00e3o do Esp\u00edrito Santo, \u00e9 por meio dele que temos a Eucaristia, que novos fi\u00e9is s\u00e3o batizados e que acontece o perd\u00e3o dos pecados. Renovaremos a a\u00e7\u00e3o desse Esp\u00edrito Santo na vida da Igreja no dia de Pentecostes.<\/p>\n<p style=\"text-align: justify;\">O salmo responsorial \u00e9 o <em>21 (22), <\/em>que traz como refr\u00e3o: \u201c<em>Senhor, sois meu louvor em meio \u00e0 grande assembleia\u201d.<\/em> Devemos voltar sempre o nosso olhar para o Senhor, \u00e9 D\u2019Ele que nos vem o nosso socorro, somente N\u2019Ele encontramos a seguran\u00e7a. Louvemos e agradecemos ao Senhor por tudo o que Ele faz em nossa vida.<\/p>\n<p style=\"text-align: justify;\">A segunda leitura desse Domingo \u00e9 da primeira carta de S\u00e3o Jo\u00e3o (<em>1Jo 3,18-24), <\/em>Jo\u00e3o em suas cartas insiste muito no tema do amor, ou seja, Deus nos ama infinitamente, mesmo apesar de nossos pecados, se Ele nos ama, devemos tamb\u00e9m amar o pr\u00f3ximo. Justamente o que falta a humanidade nos dias de hoje \u00e9 o amor e o respeito ao pr\u00f3ximo, se am\u00e1ssemos mais o pr\u00f3ximo haveria menos guerras. As pessoas est\u00e3o muito sem paci\u00eancia umas com as outras, n\u00e3o h\u00e1 espa\u00e7o para o di\u00e1logo, mas t\u00e3o logo j\u00e1 querem partir para as vias de fato.<\/p>\n<p style=\"text-align: justify;\">Por isso, S\u00e3o Jo\u00e3o vai nos falar no primeiro vers\u00edculo dessa leitura de hoje, n\u00e3o devemos dizer que amamos o outro somente da boca para fora, ou seja, temos que demonstrar esse amor com a\u00e7\u00f5es concretas. Essas a\u00e7\u00f5es seriam ser mais gentil com o outro, dar o alimento para quem tem fome, dar roupa para quem tem frio e dar aten\u00e7\u00e3o aos abandonados. Dessa maneira viveremos de fato a nossa religi\u00e3o cat\u00f3lica, que \u00e9 a religi\u00e3o do amor.<\/p>\n<p style=\"text-align: justify;\">O Evangelho dessa missa \u00e9 de Jo\u00e3o <em>(Jo 15,1-8), <\/em>nesse trecho do Evangelho de Jo\u00e3o, Jesus diz que Ele \u00e9 a videira e cada um de n\u00f3s somos os ramos, o Pai \u00e9 o agricultor. N\u00f3s devemos estar intimamente ligados a Jesus e por isso produzir frutos. Esses frutos \u00e9 tudo aquilo que adv\u00e9m do Reino de Deus, ou seja, paz, amor, perd\u00e3o, alegria e miseric\u00f3rdia. Aquele ramo que produz fruto o Pai limpa para que produza mais frutos ainda, mas aquele n\u00e3o produz fruto e que n\u00e3o est\u00e1 ligado a videira que \u00e9 Jesus, o Pai corta e joga fora.<\/p>\n<p style=\"text-align: justify;\">Jesus permanece no meio de n\u00f3s atrav\u00e9s da a\u00e7\u00e3o do Esp\u00edrito Santo, Ele nos transmitiu a Palavra e agora somos enviados por Ele a anunciar essa Palavra aos demais irm\u00e3os. Quando ao final da missa o padre diz: \u201c<em>ide em paz e o Senhor vos acompanhe\u201d, <\/em>inicia a nossa miss\u00e3o e o momento oportuno para produzirmos frutos.<\/p>\n<p style=\"text-align: justify;\">Como observamos na primeira leitura da missa de hoje, a Igreja ia crescendo e se consolidando a gra\u00e7as a a\u00e7\u00e3o do Esp\u00edrito Santo e ao an\u00fancio do Evangelho. \u00c9 necess\u00e1rio que o Evangelho continue a ser propagado em todo o mundo nos dias de hoje, atrav\u00e9s de n\u00f3s e iluminados pelo Esp\u00edrito Santo.<\/p>\n<p style=\"text-align: justify;\">Se permanecermos ligados a videira que \u00e9 Cristo poderemos pedir o que quisermos a Ele, e Ele nos atender\u00e1. S\u00f3 estaremos de fato ligados a videira que \u00e9 Cristo se cultivarmos uma vida di\u00e1ria de ora\u00e7\u00e3o, se participarmos todos os Domingos da missa e exercermos as obras de caridade. Se assim agirmos, o Pai nos atender\u00e1 em todos os nossos pedidos.<\/p>\n<p style=\"text-align: justify;\">Celebremos com alegria esse quinto Domingo da P\u00e1scoa e nos preparemos para a celebra\u00e7\u00e3o de Pentecostes. Sejamos mission\u00e1rios do Senhor, estejamos ligados a videira que \u00e9 Cristo anunciando o evangelho e a miseric\u00f3rdia que vem do Senhor aos demais irm\u00e3os. Vivamos na pr\u00e1tica a nossa religi\u00e3o.<\/p>\n","protected":false},"excerpt":{"rendered":"<p>\u201cSenhor, sois meu louvor em meio \u00e0 grande assembleia\u201d (Sl 21\/22) Celebramos neste domingo o quinto do tempo pascal, esse tempo de alegria e esperan\u00e7a em que nos encontramos com o ressuscitado. Dentro de dois domingos celebramos a Ascens\u00e3o de Jesus ao c\u00e9u e na sequ\u00eancia Pentecostes. Somos enviados por Jesus, do mesmo modo que [&hellip;]<\/p>\n","protected":false},"author":5,"featured_media":55819,"comment_status":"open","ping_status":"closed","sticky":false,"template":"","format":"standard","meta":{"footnotes":""},"categories":[9],"tags":[],"class_list":["post-88270","post","type-post","status-publish","format-standard","has-post-thumbnail","hentry","category-artigos"],"_links":{"self":[{"href":"https:\/\/catolicanet.net\/wp-cnet\/wp-json\/wp\/v2\/posts\/88270","targetHints":{"allow":["GET"]}}],"collection":[{"href":"https:\/\/catolicanet.net\/wp-cnet\/wp-json\/wp\/v2\/posts"}],"about":[{"href":"https:\/\/catolicanet.net\/wp-cnet\/wp-json\/wp\/v2\/types\/post"}],"author":[{"embeddable":true,"href":"https:\/\/catolicanet.net\/wp-cnet\/wp-json\/wp\/v2\/users\/5"}],"replies":[{"embeddable":true,"href":"https:\/\/catolicanet.net\/wp-cnet\/wp-json\/wp\/v2\/comments?post=88270"}],"version-history":[{"count":1,"href":"https:\/\/catolicanet.net\/wp-cnet\/wp-json\/wp\/v2\/posts\/88270\/revisions"}],"predecessor-version":[{"id":88272,"href":"https:\/\/catolicanet.net\/wp-cnet\/wp-json\/wp\/v2\/posts\/88270\/revisions\/88272"}],"wp:featuredmedia":[{"embeddable":true,"href":"https:\/\/catolicanet.net\/wp-cnet\/wp-json\/wp\/v2\/media\/55819"}],"wp:attachment":[{"href":"https:\/\/catolicanet.net\/wp-cnet\/wp-json\/wp\/v2\/media?parent=88270"}],"wp:term":[{"taxonomy":"category","embeddable":true,"href":"https:\/\/catolicanet.net\/wp-cnet\/wp-json\/wp\/v2\/categories?post=88270"},{"taxonomy":"post_tag","embeddable":true,"href":"https:\/\/catolicanet.net\/wp-cnet\/wp-json\/wp\/v2\/tags?post=88270"}],"curies":[{"name":"wp","href":"https:\/\/api.w.org\/{rel}","templated":true}]}}