{"id":88247,"date":"2024-04-30T08:54:57","date_gmt":"2024-04-30T11:54:57","guid":{"rendered":"https:\/\/catolicanet.net\/wp-cnet\/?p=88247"},"modified":"2024-05-03T11:56:39","modified_gmt":"2024-05-03T14:56:39","slug":"celebrando-sao-jose-operario-reflexoes-sobre-o-trabalho-e-a-providencia-divina","status":"publish","type":"post","link":"https:\/\/catolicanet.net\/wp-cnet\/celebrando-sao-jose-operario-reflexoes-sobre-o-trabalho-e-a-providencia-divina\/","title":{"rendered":"Celebrando S\u00e3o Jos\u00e9 Oper\u00e1rio: Reflex\u00f5es sobre o Trabalho e a Provid\u00eancia Divina"},"content":{"rendered":"<p style=\"text-align: justify;\">No dia 1\u00ba de maio, a Igreja Cat\u00f3lica celebra S\u00e3o Jos\u00e9 Oper\u00e1rio, um dia dedicado ao patroc\u00ednio e \u00e0 prote\u00e7\u00e3o de S\u00e3o Jos\u00e9 como trabalhador. Neste artigo, vamos explorar algumas men\u00e7\u00f5es e cita\u00e7\u00f5es da B\u00edblia que nos inspiram a honrar S\u00e3o Jos\u00e9 e a contemplar o trabalho sob uma perspectiva espiritual.<\/p>\n<p style=\"text-align: justify;\">Mateus 13, 55:<em> \u201cN\u00e3o \u00e9 este o filho do carpinteiro? N\u00e3o se chama sua m\u00e3e Maria, e seus irm\u00e3os Tiago, Jos\u00e9, Sim\u00e3o e Judas?\u201d <\/em>Esta passagem nos lembra que Jesus, o filho de Deus, cresceu em uma fam\u00edlia comum, onde seu pai adotivo, S\u00e3o Jos\u00e9, era um carpinteiro. Ela ressalta a dignidade e a santidade do trabalho manual, bem como a import\u00e2ncia do servi\u00e7o humilde e discreto prestado por S\u00e3o Jos\u00e9 em sua profiss\u00e3o.<\/p>\n<p style=\"text-align: justify;\">S\u00e3o Paulo aos Colossenses 3, 23-24 ensina que: <em>\u201cE tudo quanto fizerdes, fazei-o de todo o cora\u00e7\u00e3o, como ao Senhor, e n\u00e3o aos homens, sabendo que do Senhor recebereis como recompensa a heran\u00e7a; servi a Cristo, o Senhor.\u201d <\/em>Essas palavras do ap\u00f3stolo Paulo nos lembram que o trabalho, quando realizado com dedica\u00e7\u00e3o e integridade, \u00e9 uma forma de servi\u00e7o ao Senhor. N\u00e3o importa qual seja nossa profiss\u00e3o ou ocupa\u00e7\u00e3o, podemos oferecer nosso trabalho a Deus como um ato de adora\u00e7\u00e3o, confiando que Ele reconhece e recompensa nossos esfor\u00e7os.<\/p>\n<p style=\"text-align: justify;\">No Antigo Testamento, em Prov\u00e9rbios 16, 3.<em> \u201cConfia ao Senhor as tuas obras, e teus pensamentos ser\u00e3o estabelecidos.\u201d<\/em> Este vers\u00edculo nos encoraja a confiar nossos empreendimentos e projetos ao cuidado de Deus, reconhecendo que Ele \u00e9 o verdadeiro autor de todo sucesso e prosperidade. Mesmo nos momentos de dificuldade ou incerteza, podemos encontrar seguran\u00e7a na provid\u00eancia divina, sabendo que Deus est\u00e1 sempre presente em nosso trabalho.<\/p>\n<p style=\"text-align: justify;\">O Ap\u00f3stolo das Gentes em 1 Tessalonicenses 4, 11-12 diz que: <em>\u201cE procureis viver quietos, tratar dos vossos pr\u00f3prios neg\u00f3cios e trabalhar com vossas m\u00e3os, como j\u00e1 vo-lo temos ordenado; para que andeis dignamente para com os que est\u00e3o de fora, e n\u00e3o necessiteis de coisa alguma.\u201d<\/em> Neste trecho, Paulo exorta os crist\u00e3os a viverem de forma tranquila e a se dedicarem ao trabalho honesto. Ele enfatiza a import\u00e2ncia de viver em paz com os outros e de ser autossuficiente, contribuindo para a sociedade atrav\u00e9s do nosso trabalho diligente e honesto.<\/p>\n<p style=\"text-align: justify;\">Ao celebrarmos o dia de S\u00e3o Jos\u00e9 Oper\u00e1rio, somos convidados a refletir sobre essas passagens b\u00edblicas e a aplicar seus ensinamentos em nossas vidas. Que possamos honrar S\u00e3o Jos\u00e9 e todos os trabalhadores, reconhecendo o valor do trabalho como uma voca\u00e7\u00e3o dada por Deus e confiando na Provid\u00eancia Divina para guiar e sustentar nossos esfor\u00e7os di\u00e1rios. Que cada um de n\u00f3s, ao seguir o exemplo de S\u00e3o Jos\u00e9, possa encontrar significado e prop\u00f3sito em nosso trabalho, servindo a Cristo em todas as coisas.<strong>\u00a0<\/strong><\/p>\n<p style=\"text-align: center;\"><strong>+Anuar Battisti<\/strong><br \/>\n<strong>Arcebispo Em\u00e9rito de Maring\u00e1 (PR)<\/strong><\/p>\n","protected":false},"excerpt":{"rendered":"<p>No dia 1\u00ba de maio, a Igreja Cat\u00f3lica celebra S\u00e3o Jos\u00e9 Oper\u00e1rio, um dia dedicado ao patroc\u00ednio e \u00e0 prote\u00e7\u00e3o de S\u00e3o Jos\u00e9 como trabalhador. Neste artigo, vamos explorar algumas men\u00e7\u00f5es e cita\u00e7\u00f5es da B\u00edblia que nos inspiram a honrar S\u00e3o Jos\u00e9 e a contemplar o trabalho sob uma perspectiva espiritual. Mateus 13, 55: \u201cN\u00e3o [&hellip;]<\/p>\n","protected":false},"author":1,"featured_media":55814,"comment_status":"open","ping_status":"closed","sticky":false,"template":"","format":"standard","meta":{"footnotes":""},"categories":[9],"tags":[],"class_list":["post-88247","post","type-post","status-publish","format-standard","has-post-thumbnail","hentry","category-artigos"],"_links":{"self":[{"href":"https:\/\/catolicanet.net\/wp-cnet\/wp-json\/wp\/v2\/posts\/88247","targetHints":{"allow":["GET"]}}],"collection":[{"href":"https:\/\/catolicanet.net\/wp-cnet\/wp-json\/wp\/v2\/posts"}],"about":[{"href":"https:\/\/catolicanet.net\/wp-cnet\/wp-json\/wp\/v2\/types\/post"}],"author":[{"embeddable":true,"href":"https:\/\/catolicanet.net\/wp-cnet\/wp-json\/wp\/v2\/users\/1"}],"replies":[{"embeddable":true,"href":"https:\/\/catolicanet.net\/wp-cnet\/wp-json\/wp\/v2\/comments?post=88247"}],"version-history":[{"count":1,"href":"https:\/\/catolicanet.net\/wp-cnet\/wp-json\/wp\/v2\/posts\/88247\/revisions"}],"predecessor-version":[{"id":88249,"href":"https:\/\/catolicanet.net\/wp-cnet\/wp-json\/wp\/v2\/posts\/88247\/revisions\/88249"}],"wp:featuredmedia":[{"embeddable":true,"href":"https:\/\/catolicanet.net\/wp-cnet\/wp-json\/wp\/v2\/media\/55814"}],"wp:attachment":[{"href":"https:\/\/catolicanet.net\/wp-cnet\/wp-json\/wp\/v2\/media?parent=88247"}],"wp:term":[{"taxonomy":"category","embeddable":true,"href":"https:\/\/catolicanet.net\/wp-cnet\/wp-json\/wp\/v2\/categories?post=88247"},{"taxonomy":"post_tag","embeddable":true,"href":"https:\/\/catolicanet.net\/wp-cnet\/wp-json\/wp\/v2\/tags?post=88247"}],"curies":[{"name":"wp","href":"https:\/\/api.w.org\/{rel}","templated":true}]}}