{"id":88236,"date":"2024-05-03T11:42:15","date_gmt":"2024-05-03T14:42:15","guid":{"rendered":"https:\/\/catolicanet.net\/wp-cnet\/?p=88236"},"modified":"2024-05-03T11:42:15","modified_gmt":"2024-05-03T14:42:15","slug":"a-importancia-da-oracao-do-terco-durante-o-mes-de-maio-um-ato-de-devocao-e-reflexao","status":"publish","type":"post","link":"https:\/\/catolicanet.net\/wp-cnet\/a-importancia-da-oracao-do-terco-durante-o-mes-de-maio-um-ato-de-devocao-e-reflexao\/","title":{"rendered":"A Import\u00e2ncia da Ora\u00e7\u00e3o do Ter\u00e7o Durante o M\u00eas de Maio: Um Ato de Devo\u00e7\u00e3o e Reflex\u00e3o"},"content":{"rendered":"<p style=\"text-align: justify;\">Maio \u00e9 o per\u00edodo de grande significado espiritual para os fi\u00e9is cat\u00f3licos ao redor do mundo. \u00c9 um tempo dedicado especialmente \u00e0 Virgem Maria, a M\u00e3e da Igreja e de Jesus Cristo. Durante este m\u00eas, os cat\u00f3licos intensificam suas pr\u00e1ticas de devo\u00e7\u00e3o mariana, e entre essas pr\u00e1ticas, a ora\u00e7\u00e3o do ter\u00e7o se destaca.<\/p>\n<p style=\"text-align: justify;\">O ter\u00e7o \u00e9 uma forma de ora\u00e7\u00e3o venerada por s\u00e9culos na tradi\u00e7\u00e3o cat\u00f3lica. Consiste na repeti\u00e7\u00e3o de determinadas preces, como o Pai Nosso, a Ave Maria e o Gl\u00f3ria ao Pai, enquanto meditamos nos mist\u00e9rios da vida de Jesus Cristo. \u00c9 uma pr\u00e1tica simples, mas profunda, que nos conduz \u00e0 contempla\u00e7\u00e3o dos mist\u00e9rios da f\u00e9 e nos aproxima do cora\u00e7\u00e3o de Deus.<\/p>\n<p style=\"text-align: justify;\">No m\u00eas de maio, a ora\u00e7\u00e3o do ter\u00e7o adquire uma import\u00e2ncia ainda maior, pois \u00e9 um tempo privilegiado para honrar a Virgem Maria e meditar sobre sua vida, sua miss\u00e3o e seu exemplo de f\u00e9. Maria \u00e9 vista como a m\u00e3e espiritual de todos os crist\u00e3os, e dedicar um tempo especial para rezar o ter\u00e7o em sua honra \u00e9 uma forma de expressar nossa devo\u00e7\u00e3o e amor filial.<\/p>\n<p style=\"text-align: justify;\">Ao rezarmos o ter\u00e7o, somos convidados a refletir sobre os mist\u00e9rios da vida de Jesus e de Maria. Os mist\u00e9rios gozosos nos conduzem \u00e0 alegria do nascimento de Jesus e \u00e0 vida familiar de Nazar\u00e9. Os mist\u00e9rios luminosos nos levam a contemplar os ensinamentos e milagres de Jesus. Os mist\u00e9rios dolorosos nos aproximam do sofrimento e da paix\u00e3o de Cristo. E os mist\u00e9rios gloriosos nos inspiram com a esperan\u00e7a da ressurrei\u00e7\u00e3o e da vida eterna.<\/p>\n<p style=\"text-align: justify;\">Al\u00e9m disso, a ora\u00e7\u00e3o do ter\u00e7o nos ajuda a fortalecer nossa vida espiritual e nossa rela\u00e7\u00e3o com Deus. Por meio da repeti\u00e7\u00e3o das preces e da medita\u00e7\u00e3o nos mist\u00e9rios, mergulhamos mais profundamente na presen\u00e7a de Deus e abrimos nosso cora\u00e7\u00e3o \u00e0 sua gra\u00e7a. O ter\u00e7o nos ensina a confiar em Deus, a buscar sua vontade em nossas vidas e a entregar a ele nossas preocupa\u00e7\u00f5es e necessidades.<\/p>\n<p style=\"text-align: justify;\">Neste m\u00eas de maio, portanto, convido a todos os fi\u00e9is a redescobrir o valor e a import\u00e2ncia da ora\u00e7\u00e3o do ter\u00e7o. Que possamos dedicar um tempo di\u00e1rio para rezar o ter\u00e7o em honra de Maria, nossa m\u00e3e celestial, e para meditar nos mist\u00e9rios da vida de Jesus. Que esta pr\u00e1tica nos ajude a crescer em nossa f\u00e9, a fortalecer nossa comunh\u00e3o com Deus e a viver de acordo com os ensinamentos do Evangelho.<\/p>\n<p style=\"text-align: justify;\">Que o m\u00eas de maio seja para todos n\u00f3s um tempo de b\u00ean\u00e7\u00e3os, gra\u00e7as e crescimento espiritual, \u00e0 medida que nos aproximamos de Deus por meio da ora\u00e7\u00e3o do ter\u00e7o e da intercess\u00e3o amorosa de Nossa Senhora. Que possamos experimentar a paz e a alegria que v\u00eam de uma vida de ora\u00e7\u00e3o e devo\u00e7\u00e3o, e que Maria, a M\u00e3e de Jesus, nos guie sempre mais perto do cora\u00e7\u00e3o de seu Filho. Am\u00e9m.<\/p>\n<p style=\"text-align: center;\"><strong>+Anuar Battisti<\/strong><br \/>\n<strong>Arcebispo Em\u00e9rito de Maring\u00e1 (PR)<\/strong>Parte superior do formul\u00e1rio<\/p>\n","protected":false},"excerpt":{"rendered":"<p>Maio \u00e9 o per\u00edodo de grande significado espiritual para os fi\u00e9is cat\u00f3licos ao redor do mundo. \u00c9 um tempo dedicado especialmente \u00e0 Virgem Maria, a M\u00e3e da Igreja e de Jesus Cristo. Durante este m\u00eas, os cat\u00f3licos intensificam suas pr\u00e1ticas de devo\u00e7\u00e3o mariana, e entre essas pr\u00e1ticas, a ora\u00e7\u00e3o do ter\u00e7o se destaca. O ter\u00e7o [&hellip;]<\/p>\n","protected":false},"author":1,"featured_media":55814,"comment_status":"open","ping_status":"closed","sticky":false,"template":"","format":"standard","meta":{"footnotes":""},"categories":[9],"tags":[],"class_list":["post-88236","post","type-post","status-publish","format-standard","has-post-thumbnail","hentry","category-artigos"],"_links":{"self":[{"href":"https:\/\/catolicanet.net\/wp-cnet\/wp-json\/wp\/v2\/posts\/88236","targetHints":{"allow":["GET"]}}],"collection":[{"href":"https:\/\/catolicanet.net\/wp-cnet\/wp-json\/wp\/v2\/posts"}],"about":[{"href":"https:\/\/catolicanet.net\/wp-cnet\/wp-json\/wp\/v2\/types\/post"}],"author":[{"embeddable":true,"href":"https:\/\/catolicanet.net\/wp-cnet\/wp-json\/wp\/v2\/users\/1"}],"replies":[{"embeddable":true,"href":"https:\/\/catolicanet.net\/wp-cnet\/wp-json\/wp\/v2\/comments?post=88236"}],"version-history":[{"count":1,"href":"https:\/\/catolicanet.net\/wp-cnet\/wp-json\/wp\/v2\/posts\/88236\/revisions"}],"predecessor-version":[{"id":88238,"href":"https:\/\/catolicanet.net\/wp-cnet\/wp-json\/wp\/v2\/posts\/88236\/revisions\/88238"}],"wp:featuredmedia":[{"embeddable":true,"href":"https:\/\/catolicanet.net\/wp-cnet\/wp-json\/wp\/v2\/media\/55814"}],"wp:attachment":[{"href":"https:\/\/catolicanet.net\/wp-cnet\/wp-json\/wp\/v2\/media?parent=88236"}],"wp:term":[{"taxonomy":"category","embeddable":true,"href":"https:\/\/catolicanet.net\/wp-cnet\/wp-json\/wp\/v2\/categories?post=88236"},{"taxonomy":"post_tag","embeddable":true,"href":"https:\/\/catolicanet.net\/wp-cnet\/wp-json\/wp\/v2\/tags?post=88236"}],"curies":[{"name":"wp","href":"https:\/\/api.w.org\/{rel}","templated":true}]}}