{"id":88224,"date":"2024-04-30T09:40:49","date_gmt":"2024-04-30T12:40:49","guid":{"rendered":"https:\/\/catolicanet.net\/wp-cnet\/?p=88224"},"modified":"2024-04-30T16:42:22","modified_gmt":"2024-04-30T19:42:22","slug":"ajuda-a-igreja-que-sofre-convoca-portugueses-para-oracao-ininterrupta-do-terco-pela-paz-em-maio","status":"publish","type":"post","link":"https:\/\/catolicanet.net\/wp-cnet\/ajuda-a-igreja-que-sofre-convoca-portugueses-para-oracao-ininterrupta-do-terco-pela-paz-em-maio\/","title":{"rendered":"Ajuda \u00e0 Igreja que Sofre convoca portugueses para ora\u00e7\u00e3o ininterrupta do ter\u00e7o pela paz em maio"},"content":{"rendered":"<p style=\"text-align: justify;\">O secretariado portugu\u00eas da funda\u00e7\u00e3o pontif\u00edcia Ajuda \u00e0 Igreja que Sofre (AIS, ou ACN na sigla em ingl\u00eas) convocou os portugueses a rezar ininterruptamente o ter\u00e7o pela paz durante o m\u00eas de maio, que \u00e9 dedicado a Nossa Senhora. A funda\u00e7\u00e3o destacou as guerras em diferentes lugares, como a Ucr\u00e2nia e a Terra Santa, mas tamb\u00e9m v\u00e1rios casos de viol\u00eancia pelo mundo, como os causados pelo terrorismo mu\u00e7ulmano em Cabo Delgado, Mo\u00e7ambique.<\/p>\n<p style=\"text-align: justify;\">\u201cN\u00e3o podemos nunca resignar-nos perante a guerra, a viol\u00eancia e o terrorismo\u201d, disse a diretora do secretariado portugu\u00eas da AIS, Catarina Bettencourt. \u201cO mundo est\u00e1 em guerra\u201d em v\u00e1rios lugares, disse ela. \u201cEst\u00e1 em guerra na Ucr\u00e2nia, est\u00e1 em guerra na Terra Santa, mas est\u00e1 tamb\u00e9m em guerra no Sud\u00e3o, em Mianmar, est\u00e1 em guerra, infelizmente, em muitos outros pa\u00edses e regi\u00f5es\u201d.<\/p>\n<p style=\"text-align: justify;\">\u201cH\u00e1 tamb\u00e9m, e \u00e9 preciso n\u00e3o o esquecer nunca, milh\u00f5es de pessoas v\u00edtimas de ataques terroristas, v\u00edtimas da viol\u00eancia de grupos armados que est\u00e3o particularmente ativos no continente africano, como \u00e9 o caso, por exemplo, em Cabo Delgado, no norte de Mo\u00e7ambique\u201d, acrescentou.<\/p>\n<p style=\"text-align: justify;\">A regi\u00e3o norte de Mo\u00e7ambique tem sido algo de ataques de radicais mu\u00e7ulmanos. A viol\u00eancia come\u00e7ou em 2017, com ataques na prov\u00edncia de Cabo Delgado por parte de uma mil\u00edcia extremista mu\u00e7ulmana ligada ao Estado Isl\u00e2mico. Nos primeiros meses deste ano, a viol\u00eancia retornou, com destrui\u00e7\u00e3o de aldeias e, inclusive, ataques \u00e0 Igreja.<\/p>\n<p style=\"text-align: justify;\">Segundo Ajuda \u00e0 Igreja que Sofre, estima-se que desde outubro de 2017, mais de 5 mil pessoas morreram e mais de 1 milh\u00e3o pessoas foram for\u00e7adas a fugir.<\/p>\n<p style=\"text-align: justify;\">\u201cGuerra \u00e9 sempre sin\u00f3nimo de morte, de destrui\u00e7\u00e3o e dor\u201d, disse Catarina Bettencourt. Para ela, \u201crezar o Ter\u00e7o pela paz \u00e9 cada vez mais urgente, \u00e9 cada vez mais necess\u00e1rio\u201d.<\/p>\n<p style=\"text-align: justify;\">\u201cRezar pela paz, como pediu Nossa Senhora aos tr\u00eas pastorinhos em F\u00e1tima, \u00e9 algo que todos podemos e devemos fazer. N\u00e3o podemos mesmo \u00e9 ficar indiferentes ao sofrimento de tantas pessoas, de tantas fam\u00edlias, de tantos homens, mulheres e crian\u00e7as\u201d, disse.<\/p>\n<p style=\"text-align: justify;\">Para participar da campanha de ora\u00e7\u00e3o ininterrupta do ter\u00e7o, a funda\u00e7\u00e3o pede que seja feita\u00a0<a href=\"https:\/\/fundacao-ais.pt\/oracao-ininterrupta-do-terco\/\" rel=\"noopener noreferrer nofollow\">inscri\u00e7\u00e3o na p\u00e1gina da entidade<\/a>, em que cada pessoa ou grupo escolher\u00e1 o per\u00edodo de trinta minutos em que assume o seu compromisso de ora\u00e7\u00e3o.<\/p>\n<div class=\"full-width-ad lightest-grey-bg mb-5 mt-5\" style=\"text-align: justify;\"><\/div>\n<p style=\"text-align: justify;\">\u201cN\u00f3s, na Funda\u00e7\u00e3o AIS, acreditamos profundamente no poder da ora\u00e7\u00e3o. Que cada um de n\u00f3s possa mobilizar a sua pr\u00f3pria fam\u00edlia, os amigos e colegas, a par\u00f3quia, a congrega\u00e7\u00e3o, a escola, o grupo de catequese, os professores, os vizinhos\u2026 A mobiliza\u00e7\u00e3o de todos \u00e9 importante, \u00e9 fundamental\u201d, disse Bettencourt.<\/p>\n","protected":false},"excerpt":{"rendered":"<p>O secretariado portugu\u00eas da funda\u00e7\u00e3o pontif\u00edcia Ajuda \u00e0 Igreja que Sofre (AIS, ou ACN na sigla em ingl\u00eas) convocou os portugueses a rezar ininterruptamente o ter\u00e7o pela paz durante o m\u00eas de maio, que \u00e9 dedicado a Nossa Senhora. A funda\u00e7\u00e3o destacou as guerras em diferentes lugares, como a Ucr\u00e2nia e a Terra Santa, mas [&hellip;]<\/p>\n","protected":false},"author":1,"featured_media":88225,"comment_status":"open","ping_status":"closed","sticky":false,"template":"","format":"standard","meta":{"footnotes":""},"categories":[4,13],"tags":[],"class_list":["post-88224","post","type-post","status-publish","format-standard","has-post-thumbnail","hentry","category-cotidiano","category-featured"],"_links":{"self":[{"href":"https:\/\/catolicanet.net\/wp-cnet\/wp-json\/wp\/v2\/posts\/88224","targetHints":{"allow":["GET"]}}],"collection":[{"href":"https:\/\/catolicanet.net\/wp-cnet\/wp-json\/wp\/v2\/posts"}],"about":[{"href":"https:\/\/catolicanet.net\/wp-cnet\/wp-json\/wp\/v2\/types\/post"}],"author":[{"embeddable":true,"href":"https:\/\/catolicanet.net\/wp-cnet\/wp-json\/wp\/v2\/users\/1"}],"replies":[{"embeddable":true,"href":"https:\/\/catolicanet.net\/wp-cnet\/wp-json\/wp\/v2\/comments?post=88224"}],"version-history":[{"count":1,"href":"https:\/\/catolicanet.net\/wp-cnet\/wp-json\/wp\/v2\/posts\/88224\/revisions"}],"predecessor-version":[{"id":88227,"href":"https:\/\/catolicanet.net\/wp-cnet\/wp-json\/wp\/v2\/posts\/88224\/revisions\/88227"}],"wp:featuredmedia":[{"embeddable":true,"href":"https:\/\/catolicanet.net\/wp-cnet\/wp-json\/wp\/v2\/media\/88225"}],"wp:attachment":[{"href":"https:\/\/catolicanet.net\/wp-cnet\/wp-json\/wp\/v2\/media?parent=88224"}],"wp:term":[{"taxonomy":"category","embeddable":true,"href":"https:\/\/catolicanet.net\/wp-cnet\/wp-json\/wp\/v2\/categories?post=88224"},{"taxonomy":"post_tag","embeddable":true,"href":"https:\/\/catolicanet.net\/wp-cnet\/wp-json\/wp\/v2\/tags?post=88224"}],"curies":[{"name":"wp","href":"https:\/\/api.w.org\/{rel}","templated":true}]}}