{"id":88199,"date":"2024-04-30T09:21:52","date_gmt":"2024-04-30T12:21:52","guid":{"rendered":"https:\/\/catolicanet.net\/wp-cnet\/?p=88199"},"modified":"2024-04-30T16:24:03","modified_gmt":"2024-04-30T19:24:03","slug":"o-papa-a-formacao-continua-ao-longo-de-toda-a-vida","status":"publish","type":"post","link":"https:\/\/catolicanet.net\/wp-cnet\/o-papa-a-formacao-continua-ao-longo-de-toda-a-vida\/","title":{"rendered":"O Papa: a forma\u00e7\u00e3o continua ao longo de toda a vida"},"content":{"rendered":"<div class=\"article__subTitle\" style=\"text-align: justify;\">&#8220;Um bom sacerdote, uma religiosa, deve antes de tudo ser um homem, uma mulher formados, trabalhados pela gra\u00e7a do Senhor&#8221;, \u00e9 o que diz o Papa Francisco na mensagem de v\u00eddeo, com a inten\u00e7\u00e3o de ora\u00e7\u00e3o para o m\u00eas de maio, dedicada \u00e0 forma\u00e7\u00e3o das religiosas, religiosos e seminaristas.<\/div>\n<div class=\"title__separator\" style=\"text-align: justify;\"><\/div>\n<div class=\"article__text\">\n<p style=\"text-align: justify;\"><b>Vatican News<\/b><\/p>\n<p><iframe loading=\"lazy\" title=\"Pela forma\u00e7\u00e3o de religiosas, religiosos e seminaristas \u2013 O V\u00eddeo do Papa 5 \u2013 Maio 2024\" width=\"696\" height=\"392\" src=\"https:\/\/www.youtube.com\/embed\/EC7XlgQGX2g?feature=oembed\" frameborder=\"0\" allow=\"accelerometer; autoplay; clipboard-write; encrypted-media; gyroscope; picture-in-picture; web-share\" referrerpolicy=\"strict-origin-when-cross-origin\" allowfullscreen><\/iframe><\/p>\n<p style=\"text-align: justify;\">O Papa Francisco dedica a inten\u00e7\u00e3o de ora\u00e7\u00e3o para o m\u00eas de maio \u00e0 forma\u00e7\u00e3o das religiosas, religiosos e seminaristas.<\/p>\n<div style=\"text-align: justify;\">\n<div class=\"article__embed article__embed--unwrap article__embed--dark\">\n<div class=\"article__innerTitle\">Ou\u00e7a e compartilhe<\/div>\n<div>\n<!--[if lt IE 9]><script>document.createElement('audio');<\/script><![endif]-->\n<audio class=\"wp-audio-shortcode\" id=\"audio-88199-1\" preload=\"none\" style=\"width: 100%;\" controls=\"controls\"><source type=\"audio\/mpeg\" src=\"https:\/\/media.vaticannews.va\/media\/audio\/s1\/2024\/04\/30\/15\/137928654_F137928654.mp3?_=1\" \/><a href=\"https:\/\/media.vaticannews.va\/media\/audio\/s1\/2024\/04\/30\/15\/137928654_F137928654.mp3\">https:\/\/media.vaticannews.va\/media\/audio\/s1\/2024\/04\/30\/15\/137928654_F137928654.mp3<\/a><\/audio>\n<\/div>\n<\/div>\n<\/div>\n<p style=\"text-align: justify;\">Na mensagem de v\u00eddeo divulgada nesta ter\u00e7a-feira (30\/04), realizada pela Rede Mundial de Ora\u00e7\u00e3o do Papa com a colabora\u00e7\u00e3o da Arquidiocese de Los Angeles e com o apoio do aplicativo cat\u00f3lico estadunidense de medita\u00e7\u00e3o e ora\u00e7\u00e3o Hallow, o Papa insiste que &#8220;cada voca\u00e7\u00e3o \u00e9 um \u2018diamante bruto\u2019 que deve ser polido, trabalhado, que deve ser moldado em todas as suas faces&#8221;.<\/p>\n<h2 style=\"text-align: justify;\">Formados, trabalhados pela gra\u00e7a do Senhor<\/h2>\n<p style=\"text-align: justify;\"><i>Um bom sacerdote, uma religiosa, deve antes de tudo ser um homem, uma mulher formados, trabalhados pela gra\u00e7a do Senhor. Pessoas conscientes dos seus limites e dispostas a levar uma vida de ora\u00e7\u00e3o, de dedica\u00e7\u00e3o ao testemunho do Evangelho.<\/i><\/p>\n<p style=\"text-align: justify;\">Na constitui\u00e7\u00e3o apost\u00f3lica Veritatis gaudium, sobre as Universidades e as Facultades Eclesi\u00e1sticas, o Papa sublinha que a forma\u00e7\u00e3o integral das voca\u00e7\u00f5es sacerdotais e religiosas deve abranger tanto a dimens\u00e3o humana quanto a espiritual, pastoral e comunit\u00e1ria. Deve levar em conta a diversidade cultural e social. A forma\u00e7\u00e3o n\u00e3o consiste apenas na aquisi\u00e7\u00e3o de conhecimentos, mas na experi\u00eancia de um encontro profundo com Jesus. Segundo Francisco, a prepara\u00e7\u00e3o das religiosas, religiosos e seminaristas &#8220;deve ser integral, deve desenvolver-se a partir do semin\u00e1rio e do noviciado, no contato direto com a vida das outras pessoas&#8221;.<\/p>\n<h2 style=\"text-align: justify;\">Ser testemunhas cr\u00edveis do Evangelho<\/h2>\n<p style=\"text-align: justify;\"><i>Isto \u00e9 fundamental. A forma\u00e7\u00e3o n\u00e3o termina num determinado momento, mas continua ao longo de toda a vida, ao longo dos anos integrando a pessoa, intelectualmente, humanamente, afetivamente, espiritualmente.<\/i><\/p>\n<p style=\"text-align: justify;\">A vida comunit\u00e1ria \u00e9 um aspecto central da vida de um religioso, de uma religiosa ou de um sacerdote. Para o Papa, este \u00e9 um dos pontos-chave na forma\u00e7\u00e3o e prepara\u00e7\u00e3o de quem responde a esta voca\u00e7\u00e3o. Nesse sentido, Francisco diz que, embora esta experi\u00eancia possa ser &#8220;enriquecedora&#8221;, por vezes tamb\u00e9m &#8220;pode ser dif\u00edcil&#8221;, e comenta: \u201cPorque n\u00e3o \u00e9 o mesmo viver juntos que viver em comunidade\u201d. Para Francisco, viver e relacionar-se com os outros nem sempre \u00e9 f\u00e1cil, mas a vida comunit\u00e1ria \u00e9 sempre uma escola de santidade onde se cresce nas diversas virtudes humanas e se aprende a ir al\u00e9m de si mesmo.<\/p>\n<p style=\"text-align: justify;\"><i>Rezemos para que os religiosos, as religiosas e os seminaristas cres\u00e7am em seu caminho vocacional atrav\u00e9s de uma forma\u00e7\u00e3o humana, pastoral, espiritual e comunit\u00e1ria, que os leve a serem testemunhas cr\u00edveis do Evangelho.<\/i><\/p>\n<\/div>\n","protected":false},"excerpt":{"rendered":"<p>&#8220;Um bom sacerdote, uma religiosa, deve antes de tudo ser um homem, uma mulher formados, trabalhados pela gra\u00e7a do Senhor&#8221;, \u00e9 o que diz o Papa Francisco na mensagem de v\u00eddeo, com a inten\u00e7\u00e3o de ora\u00e7\u00e3o para o m\u00eas de maio, dedicada \u00e0 forma\u00e7\u00e3o das religiosas, religiosos e seminaristas. Vatican News O Papa Francisco dedica [&hellip;]<\/p>\n","protected":false},"author":1,"featured_media":88200,"comment_status":"open","ping_status":"closed","sticky":false,"template":"","format":"standard","meta":{"footnotes":""},"categories":[13,3],"tags":[],"class_list":["post-88199","post","type-post","status-publish","format-standard","has-post-thumbnail","hentry","category-featured","category-vaticano"],"_links":{"self":[{"href":"https:\/\/catolicanet.net\/wp-cnet\/wp-json\/wp\/v2\/posts\/88199","targetHints":{"allow":["GET"]}}],"collection":[{"href":"https:\/\/catolicanet.net\/wp-cnet\/wp-json\/wp\/v2\/posts"}],"about":[{"href":"https:\/\/catolicanet.net\/wp-cnet\/wp-json\/wp\/v2\/types\/post"}],"author":[{"embeddable":true,"href":"https:\/\/catolicanet.net\/wp-cnet\/wp-json\/wp\/v2\/users\/1"}],"replies":[{"embeddable":true,"href":"https:\/\/catolicanet.net\/wp-cnet\/wp-json\/wp\/v2\/comments?post=88199"}],"version-history":[{"count":1,"href":"https:\/\/catolicanet.net\/wp-cnet\/wp-json\/wp\/v2\/posts\/88199\/revisions"}],"predecessor-version":[{"id":88202,"href":"https:\/\/catolicanet.net\/wp-cnet\/wp-json\/wp\/v2\/posts\/88199\/revisions\/88202"}],"wp:featuredmedia":[{"embeddable":true,"href":"https:\/\/catolicanet.net\/wp-cnet\/wp-json\/wp\/v2\/media\/88200"}],"wp:attachment":[{"href":"https:\/\/catolicanet.net\/wp-cnet\/wp-json\/wp\/v2\/media?parent=88199"}],"wp:term":[{"taxonomy":"category","embeddable":true,"href":"https:\/\/catolicanet.net\/wp-cnet\/wp-json\/wp\/v2\/categories?post=88199"},{"taxonomy":"post_tag","embeddable":true,"href":"https:\/\/catolicanet.net\/wp-cnet\/wp-json\/wp\/v2\/tags?post=88199"}],"curies":[{"name":"wp","href":"https:\/\/api.w.org\/{rel}","templated":true}]}}