{"id":88183,"date":"2024-04-29T09:38:10","date_gmt":"2024-04-29T12:38:10","guid":{"rendered":"https:\/\/catolicanet.net\/wp-cnet\/?p=88183"},"modified":"2024-04-29T17:39:28","modified_gmt":"2024-04-29T20:39:28","slug":"sacerdotes-que-estao-no-19o-enp-em-aparecida-participam-da-santa-missa-presidida-por-dom-orlando","status":"publish","type":"post","link":"https:\/\/catolicanet.net\/wp-cnet\/sacerdotes-que-estao-no-19o-enp-em-aparecida-participam-da-santa-missa-presidida-por-dom-orlando\/","title":{"rendered":"SACERDOTES QUE EST\u00c3O NO 19\u00ba ENP, EM APARECIDA, PARTICIPAM DA SANTA MISSA PRESIDIDA POR DOM ORLANDO"},"content":{"rendered":"<p style=\"text-align: justify;\">No domingo, 28 de abril, os sacerdotes e bispos que est\u00e3o participando do 19\u00ba Encontro Nacional dos Presb\u00edteros, em Aparecida, participaram da Santa Missa presidida pelo arcebispo de Aparecida, dom Orlando Brandes, no Altar Central do Santu\u00e1rio Nacional.<\/p>\n<p style=\"text-align: justify;\">Na celebra\u00e7\u00e3o, dom Orlando refletiu sobre os ensinamentos do V Domingo do Tempo Pascal, quando todos s\u00e3o convidados a permanecer no amor de Cristo.<\/p>\n<blockquote><p>\u201cPermanecei no meu amor, isso \u00e9 tudo! A Primeira Leitura mostra os ap\u00f3stolos perseverando na Igreja. Se a gente se afasta da Igreja, se afasta de Jesus e se torna ramo seco. Portanto, \u00e9 muito importante a nossa participa\u00e7\u00e3o na comunidade. Permanecer na f\u00e9 da Igreja cat\u00f3lica\u201d.<\/p><\/blockquote>\n<p style=\"text-align: justify;\">Dom Orlando salientou que Jesus ensina muitas coisas e que \u00e9 preciso ouvir seu chamado, acolher Sua Palavra para poder permanecer em Seu amor, ser fraterno e amar a todos como Ele nos amou.<\/p>\n<blockquote><p>\u201cA segunda Leitura dizia: vamos permanecer no amor fraterno. Enquanto a gente permanecer no amor fraterno, claro que iremos permanecer em Jesus, porque Ele nos trouxe o novo mandamento: \u2018amai-vos como eu vos amei\u2019. Permanecer no amor fraterno\u201d.<\/p><\/blockquote>\n<figure id=\"attachment_962425\" class=\"wp-caption alignleft\" aria-describedby=\"caption-attachment-962425\"><img loading=\"lazy\" decoding=\"async\" class=\"wp-image-962425\" src=\"https:\/\/www.cnbb.org.br\/wp-content\/uploads\/2024\/04\/Altar-Central.jpg\" sizes=\"auto, (max-width: 507px) 100vw, 507px\" srcset=\"https:\/\/www.cnbb.org.br\/wp-content\/uploads\/2024\/04\/Altar-Central.jpg 758w, https:\/\/www.cnbb.org.br\/wp-content\/uploads\/2024\/04\/Altar-Central-300x163.jpg 300w, https:\/\/www.cnbb.org.br\/wp-content\/uploads\/2024\/04\/Altar-Central-500x272.jpg 500w\" alt=\"\" width=\"507\" height=\"276\" \/><figcaption id=\"caption-attachment-962425\" class=\"wp-caption-text\">Cr\u00e9dito: Reprodu\u00e7\u00e3o \/ Aparecida Ao Vivo<\/figcaption><\/figure>\n<p style=\"text-align: justify;\">Refletindo o Evangelho deste domingo, dom Orlando destacou mais a\u00e7\u00f5es relacionadas ao verbo \u201cpermanecer\u201d, e mencionou o chamado de Deus para as voca\u00e7\u00f5es.<\/p>\n<blockquote><p>\u201cChegamos no Evangelho, [onde aparece] sete vezes o verbo permanecer. Permanecer na ora\u00e7\u00e3o, sen\u00e3o a gente \u00e9 ramo seco. Permanecer na medita\u00e7\u00e3o da Palavra, sen\u00e3o n\u00f3s somos uma \u00e1rvore sem seiva. Permanecer na Gra\u00e7a de Deus, que n\u00e3o \u00e9 l\u00e1 muito f\u00e1cil, porque s\u00e3o muitas as tenta\u00e7\u00f5es que nos afastam de Jesus. Ent\u00e3o, permanecer na Gra\u00e7a Batismal.<\/p><\/blockquote>\n<p style=\"text-align: justify;\">O arcebispo de Aparecida enfatizou a todos os fi\u00e9is presentes que \u00e9 preciso ter o encontro com Jesus e o amor a Ele n\u00e3o pode ser superficial, da boca para fora, ou s\u00f3 em palavras. O amor a Cristo deve ser em a\u00e7\u00f5es, ora\u00e7\u00f5es e encontro.<\/p>\n<blockquote><p>\u201cVamos amar Jesus internamente, n\u00e3o intelectualmente. Todo mundo sabe, temos que conhecer Jesus por experi\u00eancia. Santa Teresa do Menino Jesus dizia: tenho pena de quem s\u00f3 conhece Deus intelectualmente; \u00e9 preciso conhec\u00ea-lo ent\u00e3o com experi\u00eancia, com encontros fortes com Ele\u201d.<\/p><\/blockquote>\n<p style=\"text-align: justify;\">E completou dizendo que no 19\u00ba Encontro Nacional dos Presb\u00edteros, todos os participantes est\u00e3o tendo um encontro com Deus:<\/p>\n<blockquote><p>\u201cCertamente nesse Encontro Nacional dos Sacerdotes do Brasil, os presb\u00edteros, esse encontro est\u00e1 acontecendo atrav\u00e9s das prega\u00e7\u00f5es, amizades e das ora\u00e7\u00f5es. Nada antepor a Cristo Jesus, nada antes de Jesus, a Jesus o primeiro lugar\u201d.<\/p><\/blockquote>\n<p style=\"text-align: justify;\">Dom Orlando lembrou ainda que o encontro com Deus acontece em nosso \u00edntimo, quando estamos fracos, quando estamos com o cora\u00e7\u00e3o aberto a Ele:<\/p>\n<blockquote><p>\u201cA nossa ferida, nosso ponto fraco \u00e9 um lugar teol\u00f3gico, \u00e9 um santu\u00e1rio, a gente encontra Deus nas feridas, porque ele \u00e9 medico. A gente encontra Deus na nossa fraqueza, no nosso barro. E a\u00ed \u00e9 um encontro t\u00e3o bonito de cura, de consola\u00e7\u00e3o. Se voc\u00ea se sente ferido, diz o Papa Francisco, saiba que a ferida \u00e9 uma gra\u00e7a, \u00e9 um magist\u00e9rio; eu aprendi muito nos magist\u00e9rios de minha fraqueza, porque elas me jogaram nos bra\u00e7os de Deus, me jogaram nos bra\u00e7os de Jesus. Se estais feridos, Deus \u00e9 m\u00e9dico. Se estais com medo, Jesus \u00e9 amigo. Se estais nas trevas, Jesus \u00e9 a luz. Se estais em pecado, Jesus \u00e9 o perd\u00e3o\u201d.<\/p><\/blockquote>\n<p style=\"text-align: justify;\">O arcebispo finalizou sua reflex\u00e3o refor\u00e7ando aos presb\u00edteros presentes uma mensagem do Papa Francisco:<\/p>\n<blockquote><p>\u201cA voc\u00eas queridos padres, quero lembrar 5 gratid\u00f5es do papa Francisco: Gratid\u00e3o pela vossa fidelidade. Gratid\u00e3o pela vossa alegria de servir. Gratid\u00e3o por vosso cuidado pastoral. Gratid\u00e3o pela celebra\u00e7\u00e3o di\u00e1ria da Eucaristia. Gratid\u00e3o pela busca incessante da santifica\u00e7\u00e3o. Recebam, padres queridos, esta gratid\u00e3o do Papa Francisco. Vamos dar a ele tamb\u00e9m o presente que faz muito bem para n\u00f3s, a sinodalidade\u201d.<\/p>\n<p>&nbsp;<\/p><\/blockquote>\n<p>&nbsp;<\/p>\n<pre>Com informa\u00e7\u00f5es do portal A12<\/pre>\n","protected":false},"excerpt":{"rendered":"<p>No domingo, 28 de abril, os sacerdotes e bispos que est\u00e3o participando do 19\u00ba Encontro Nacional dos Presb\u00edteros, em Aparecida, participaram da Santa Missa presidida pelo arcebispo de Aparecida, dom Orlando Brandes, no Altar Central do Santu\u00e1rio Nacional. Na celebra\u00e7\u00e3o, dom Orlando refletiu sobre os ensinamentos do V Domingo do Tempo Pascal, quando todos s\u00e3o [&hellip;]<\/p>\n","protected":false},"author":1,"featured_media":88184,"comment_status":"open","ping_status":"closed","sticky":false,"template":"","format":"standard","meta":{"footnotes":""},"categories":[7],"tags":[],"class_list":["post-88183","post","type-post","status-publish","format-standard","has-post-thumbnail","hentry","category-cnbb"],"_links":{"self":[{"href":"https:\/\/catolicanet.net\/wp-cnet\/wp-json\/wp\/v2\/posts\/88183","targetHints":{"allow":["GET"]}}],"collection":[{"href":"https:\/\/catolicanet.net\/wp-cnet\/wp-json\/wp\/v2\/posts"}],"about":[{"href":"https:\/\/catolicanet.net\/wp-cnet\/wp-json\/wp\/v2\/types\/post"}],"author":[{"embeddable":true,"href":"https:\/\/catolicanet.net\/wp-cnet\/wp-json\/wp\/v2\/users\/1"}],"replies":[{"embeddable":true,"href":"https:\/\/catolicanet.net\/wp-cnet\/wp-json\/wp\/v2\/comments?post=88183"}],"version-history":[{"count":1,"href":"https:\/\/catolicanet.net\/wp-cnet\/wp-json\/wp\/v2\/posts\/88183\/revisions"}],"predecessor-version":[{"id":88186,"href":"https:\/\/catolicanet.net\/wp-cnet\/wp-json\/wp\/v2\/posts\/88183\/revisions\/88186"}],"wp:featuredmedia":[{"embeddable":true,"href":"https:\/\/catolicanet.net\/wp-cnet\/wp-json\/wp\/v2\/media\/88184"}],"wp:attachment":[{"href":"https:\/\/catolicanet.net\/wp-cnet\/wp-json\/wp\/v2\/media?parent=88183"}],"wp:term":[{"taxonomy":"category","embeddable":true,"href":"https:\/\/catolicanet.net\/wp-cnet\/wp-json\/wp\/v2\/categories?post=88183"},{"taxonomy":"post_tag","embeddable":true,"href":"https:\/\/catolicanet.net\/wp-cnet\/wp-json\/wp\/v2\/tags?post=88183"}],"curies":[{"name":"wp","href":"https:\/\/api.w.org\/{rel}","templated":true}]}}