{"id":88175,"date":"2024-04-29T09:28:53","date_gmt":"2024-04-29T12:28:53","guid":{"rendered":"https:\/\/catolicanet.net\/wp-cnet\/?p=88175"},"modified":"2024-04-29T17:36:54","modified_gmt":"2024-04-29T20:36:54","slug":"grupo-de-reflexao-sobre-comunicacao-da-cnbb-prepara-subsidio-sobre-inteligencia-artificial","status":"publish","type":"post","link":"https:\/\/catolicanet.net\/wp-cnet\/grupo-de-reflexao-sobre-comunicacao-da-cnbb-prepara-subsidio-sobre-inteligencia-artificial\/","title":{"rendered":"GRUPO DE REFLEX\u00c3O SOBRE COMUNICA\u00c7\u00c3O DA CNBB PREPARA SUBS\u00cdDIO SOBRE INTELIG\u00caNCIA ARTIFICIAL"},"content":{"rendered":"<p style=\"text-align: justify;\"><span data-contrast=\"auto\">Em seu segundo encontro neste ano, o Grupo de Reflex\u00e3o sobre Comunica\u00e7\u00e3o (Grecom), ligado \u00e0 Comiss\u00e3o Episcopal para a Comunica\u00e7\u00e3o Social da CNBB, esteve reunido por videoconfer\u00eancia na sexta-feira, 26 de abril. O bispo de Campo Limpo e presidente da Comiss\u00e3o, dom Valdir Jos\u00e9 de Castro, participou dos debates.<\/span><span data-ccp-props=\"{}\">\u00a0<\/span><\/p>\n<p style=\"text-align: justify;\"><span data-contrast=\"auto\">O objetivo da reuni\u00e3o foi discutir e finalizar um subs\u00eddio sobre intelig\u00eancia artificial, que est\u00e1 sendo preparado coletivamente pelo Grecom, por ocasi\u00e3o do Dia Mundial das Comunica\u00e7\u00f5es Sociais, a ser celebrado no Domingo da Ascens\u00e3o do Senhor, 12 de maio. O tema proposto pelo Papa Francisco para este ano \u00e9 \u201cIntelig\u00eancia artificial e sabedoria do cora\u00e7\u00e3o: para uma comunica\u00e7\u00e3o plenamente humana\u201d.<\/span><span data-ccp-props=\"{}\">\u00a0<\/span><\/p>\n<p style=\"text-align: justify;\"><span data-contrast=\"auto\">A proposta do material, que come\u00e7ou a ser pensado na reuni\u00e3o anterior do Grecom, em fevereiro passado, \u00e9 fomentar o debate na Igreja no Brasil sobre o papel da intelig\u00eancia artificial hoje, especialmente entre os comunicadores e comunicadoras cat\u00f3licos.<\/span><\/p>\n<p style=\"text-align: justify;\"><span data-contrast=\"auto\">Para dom Valdir, \u201cfoi uma reuni\u00e3o muito proveitosa, na qual os membros do Grecom trabalharam em comum sobre os textos que produziram sobre intelig\u00eancia artificial e que, em breve, estar\u00e3o dispon\u00edveis num subs\u00eddio a todos os que desejam aprofundar o tema proposto pelo Papa Francisco, para o pr\u00f3ximo Dia Mundial das Comunica\u00e7\u00f5s Sociais. \u00c9 o Grecom cumprindo a sua miss\u00e3o!\u201d.\u00a0<\/span><span data-ccp-props=\"{}\">\u00a0<\/span><\/p>\n<p style=\"text-align: justify;\"><span data-contrast=\"auto\">Tendo como base a mensagem papal, o subs\u00eddio trar\u00e1 um aprofundamento sobre a tem\u00e1tica, com contribui\u00e7\u00f5es te\u00f3rico-pr\u00e1ticas espec\u00edficas do campo da Comunica\u00e7\u00e3o. Segundo o professor da PUC Minas e coordenador do Grecom, Mois\u00e9s Sbardelotto, a ideia do texto \u00e9 \u201cinspirar respostas concretas em rela\u00e7\u00e3o ao papel da IA na a\u00e7\u00e3o evangelizadora da Igreja, particularmente na miss\u00e3o realizada pela Pastoral da Comunica\u00e7\u00e3o em todo o pa\u00eds\u201d.<\/span><span data-ccp-props=\"{}\">\u00a0<\/span><\/p>\n<p style=\"text-align: justify;\"><span data-contrast=\"auto\">O subs\u00eddio ser\u00e1 disponibilizado gratuitamente, em formato e-book. Seu lan\u00e7amento ser\u00e1 no pr\u00f3ximo dia 7 de maio, \u00e0s 20h, na Atividade Nacional online que integra a programa\u00e7\u00e3o da 5\u00aa Semana de Comunica\u00e7\u00e3o, promovida pela Comiss\u00e3o Episcopal para a Comunica\u00e7\u00e3o da CNBB.<\/span><span data-ccp-props=\"{}\">\u00a0<\/span><\/p>\n<h4 style=\"text-align: justify;\"><b><span data-contrast=\"auto\">14\u00ba Muticom<\/span><\/b><span data-ccp-props=\"{}\">\u00a0<\/span><\/h4>\n<p style=\"text-align: justify;\"><span data-contrast=\"auto\">Na reuni\u00e3o, o Grecom tamb\u00e9m debateu propostas de temas para o 14\u00ba Mutir\u00e3o de Comunica\u00e7\u00e3o (Muticom), a ser realizado em setembro de 2025, na cidade de Manaus, Amazonas, promovido pela Comiss\u00e3o Episcopal para a Comunica\u00e7\u00e3o. Algumas tem\u00e1ticas sugeridas ressaltaram o magist\u00e9rio do Papa Francisco sobre a quest\u00e3o ecol\u00f3gica, de modo especial em sua enc\u00edclica\u00a0<\/span><i><span data-contrast=\"auto\">Laudato si\u2019<\/span><\/i><span data-contrast=\"auto\">, \u00e0 luz da comunica\u00e7\u00e3o.<\/span><span data-ccp-props=\"{}\">\u00a0<\/span><\/p>\n<p style=\"text-align: justify;\"><span data-contrast=\"auto\">Os membros do Grecom enfatizaram ainda a import\u00e2ncia de valorizar o fazer e o pensar locais, visibilizando a produ\u00e7\u00e3o te\u00f3rica e tamb\u00e9m as boas pr\u00e1ticas comunicacionais da regi\u00e3o da Amaz\u00f4nia. Sugeriu-se ainda que o \u201crosto amaz\u00f4nico\u201d se revele na programa\u00e7\u00e3o e nas pr\u00f3prias din\u00e2micas do evento. As propostas, agora, ser\u00e3o encaminhadas \u00e0 comiss\u00e3o de organiza\u00e7\u00e3o local.<\/span><span data-ccp-props=\"{}\">\u00a0<\/span><\/p>\n<h3 style=\"text-align: justify;\"><b><span data-contrast=\"auto\">Grecom<\/span><\/b><span data-ccp-props=\"{}\">\u00a0<\/span><\/h3>\n<p style=\"text-align: justify;\"><span data-contrast=\"auto\">O Grecom \u00e9 um grupo de reflex\u00e3o, estudo e pesquisa sobre comunica\u00e7\u00e3o, de natureza consultiva, como parte essencial da Comiss\u00e3o Episcopal para a Comunica\u00e7\u00e3o Social da CNBB. Sua miss\u00e3o \u00e9 oferecer um aprofundamento da comunica\u00e7\u00e3o a servi\u00e7o da evangeliza\u00e7\u00e3o e da sociedade.\u00a0<\/span><span data-ccp-props=\"{}\">\u00a0<\/span><\/p>\n<p style=\"text-align: justify;\"><span data-contrast=\"auto\">Atualmente, o grupo \u00e9 formado pelos pesquisadores Aline Amaro da Silva, Claudenir Modolo Alves, Joana T. Puntel, Magali Cunha, Marcus Tullius, Mois\u00e9s Sbardelotto (coordenador) e Ricardo Alvarenga.\u00a0<\/span><span data-ccp-props=\"{}\">\u00a0<\/span><\/p>\n<p style=\"text-align: justify;\"><span data-contrast=\"auto\">Tamb\u00e9m integram o Grecom o presidente da Comiss\u00e3o Episcopal Pastoral para a Comunica\u00e7\u00e3o, dom Valdir Jos\u00e9 de Castro, e seus assessores, Osnilda Lima e padre Tiago Jos\u00e9 Sibula da Silva.<\/span><span data-ccp-props=\"{}\">\u00a0<\/span><\/p>\n<pre>Com informa\u00e7\u00f5es do <span data-contrast=\"auto\">Mois\u00e9s Sbardelotto, coordenador do Grecom\u00a0<\/span><\/pre>\n","protected":false},"excerpt":{"rendered":"<p>Em seu segundo encontro neste ano, o Grupo de Reflex\u00e3o sobre Comunica\u00e7\u00e3o (Grecom), ligado \u00e0 Comiss\u00e3o Episcopal para a Comunica\u00e7\u00e3o Social da CNBB, esteve reunido por videoconfer\u00eancia na sexta-feira, 26 de abril. O bispo de Campo Limpo e presidente da Comiss\u00e3o, dom Valdir Jos\u00e9 de Castro, participou dos debates.\u00a0 O objetivo da reuni\u00e3o foi discutir [&hellip;]<\/p>\n","protected":false},"author":1,"featured_media":88176,"comment_status":"open","ping_status":"closed","sticky":false,"template":"","format":"standard","meta":{"footnotes":""},"categories":[7,13],"tags":[],"class_list":["post-88175","post","type-post","status-publish","format-standard","has-post-thumbnail","hentry","category-cnbb","category-featured"],"_links":{"self":[{"href":"https:\/\/catolicanet.net\/wp-cnet\/wp-json\/wp\/v2\/posts\/88175","targetHints":{"allow":["GET"]}}],"collection":[{"href":"https:\/\/catolicanet.net\/wp-cnet\/wp-json\/wp\/v2\/posts"}],"about":[{"href":"https:\/\/catolicanet.net\/wp-cnet\/wp-json\/wp\/v2\/types\/post"}],"author":[{"embeddable":true,"href":"https:\/\/catolicanet.net\/wp-cnet\/wp-json\/wp\/v2\/users\/1"}],"replies":[{"embeddable":true,"href":"https:\/\/catolicanet.net\/wp-cnet\/wp-json\/wp\/v2\/comments?post=88175"}],"version-history":[{"count":1,"href":"https:\/\/catolicanet.net\/wp-cnet\/wp-json\/wp\/v2\/posts\/88175\/revisions"}],"predecessor-version":[{"id":88178,"href":"https:\/\/catolicanet.net\/wp-cnet\/wp-json\/wp\/v2\/posts\/88175\/revisions\/88178"}],"wp:featuredmedia":[{"embeddable":true,"href":"https:\/\/catolicanet.net\/wp-cnet\/wp-json\/wp\/v2\/media\/88176"}],"wp:attachment":[{"href":"https:\/\/catolicanet.net\/wp-cnet\/wp-json\/wp\/v2\/media?parent=88175"}],"wp:term":[{"taxonomy":"category","embeddable":true,"href":"https:\/\/catolicanet.net\/wp-cnet\/wp-json\/wp\/v2\/categories?post=88175"},{"taxonomy":"post_tag","embeddable":true,"href":"https:\/\/catolicanet.net\/wp-cnet\/wp-json\/wp\/v2\/tags?post=88175"}],"curies":[{"name":"wp","href":"https:\/\/api.w.org\/{rel}","templated":true}]}}