{"id":88159,"date":"2024-04-26T09:49:33","date_gmt":"2024-04-26T12:49:33","guid":{"rendered":"https:\/\/catolicanet.net\/wp-cnet\/?p=88159"},"modified":"2024-04-26T15:51:18","modified_gmt":"2024-04-26T18:51:18","slug":"o-que-e-exaustao-mental-e-como-acalma-la","status":"publish","type":"post","link":"https:\/\/catolicanet.net\/wp-cnet\/o-que-e-exaustao-mental-e-como-acalma-la\/","title":{"rendered":"O que \u00e9 exaust\u00e3o mental e como acalm\u00e1-la?"},"content":{"rendered":"<p style=\"text-align: justify;\"><span class=\"subtitle\"><span>Se voc\u00ea se sente profundamente cansado, tem dificuldade de concentra\u00e7\u00e3o e fica irritado, pode estar com exaust\u00e3o mental. Aqui n\u00f3s dizemos como combat\u00ea-lo<\/span><\/p>\n<p><\/span><\/p>\n<p style=\"text-align: justify;\"><span>\u00c9normal que em algum momento nos sintamos exaustos. No entanto, quando as tarefas dom\u00e9sticas, de trabalho e as tarefas di\u00e1rias se acumulam, pode ocorrer exaust\u00e3o mental. Isto pode afetar a qualidade de vida, produzindo a S\u00edndrome da Fadiga Cr\u00f4nica.<\/span><\/p>\n<div class=\"wp-block-aleteia-heading3\" style=\"text-align: justify;\">\n<h2><span>Como detectar o esgotamento mental?<\/span><\/h2>\n<\/div>\n<div class=\"block-image-copyrigth-wrap\" style=\"text-align: justify;\">\n<figure class=\"wp-block-image size-large\"><img loading=\"lazy\" decoding=\"async\" class=\"wp-image-795373\" src=\"https:\/\/wp.es.aleteia.org\/wp-content\/uploads\/sites\/7\/2024\/01\/shutterstock_1876736959.jpg?w=1024\" sizes=\"auto, (max-width: 1200px) 100vw, 1200px\" srcset=\"https:\/\/wp.es.aleteia.org\/wp-content\/uploads\/sites\/7\/2024\/01\/shutterstock_1876736959.jpg 1200w, https:\/\/wp.es.aleteia.org\/wp-content\/uploads\/sites\/7\/2024\/01\/shutterstock_1876736959.jpg?resize=150,100 150w, https:\/\/wp.es.aleteia.org\/wp-content\/uploads\/sites\/7\/2024\/01\/shutterstock_1876736959.jpg?resize=300,200 300w, https:\/\/wp.es.aleteia.org\/wp-content\/uploads\/sites\/7\/2024\/01\/shutterstock_1876736959.jpg?resize=1024,683 1024w, https:\/\/wp.es.aleteia.org\/wp-content\/uploads\/sites\/7\/2024\/01\/shutterstock_1876736959.jpg?resize=620,413 620w, https:\/\/wp.es.aleteia.org\/wp-content\/uploads\/sites\/7\/2024\/01\/shutterstock_1876736959.jpg?resize=360,240 360w, https:\/\/wp.es.aleteia.org\/wp-content\/uploads\/sites\/7\/2024\/01\/shutterstock_1876736959.jpg?resize=1140,760 1140w, https:\/\/wp.es.aleteia.org\/wp-content\/uploads\/sites\/7\/2024\/01\/shutterstock_1876736959.jpg?resize=375,250 375w, https:\/\/wp.es.aleteia.org\/wp-content\/uploads\/sites\/7\/2024\/01\/shutterstock_1876736959.jpg?resize=630,420 630w, https:\/\/wp.es.aleteia.org\/wp-content\/uploads\/sites\/7\/2024\/01\/shutterstock_1876736959.jpg?resize=266,177 266w\" alt=\"obturador_1876736959.jpg\" width=\"1200\" height=\"800\" \/><\/figure>\n<div class=\"copyright-text\"><span>fizques | Obturador<\/span><\/div>\n<\/div>\n<p style=\"text-align: justify;\"><span>\u00c9 preciso levar em conta que o esgotamento mental pode ocorrer quando realizamos uma atividade de alta press\u00e3o ou enfrentamos um exame importante que nos deixa nervosos, por exemplo. Esses e outros aspectos fazem com que voc\u00ea diminua o desempenho nas atividades di\u00e1rias.\u00a0<\/span><\/p>\n<p style=\"text-align: justify;\"><span>Os especialistas citam que os sintomas mais comuns para detectar se o c\u00e9rebro est\u00e1 cansado s\u00e3o os seguintes: atitude pessimista, dificuldade para dormir, irritabilidade e procrastina\u00e7\u00e3o. Bem como a falta de concentra\u00e7\u00e3o na rotina di\u00e1ria.\u00a0<\/span><\/p>\n<div class=\"wp-block-aleteia-heading3\" style=\"text-align: justify;\">\n<h2><span>O que fazer se estiver mentalmente exausto?<\/span><\/h2>\n<\/div>\n<p style=\"text-align: justify;\"><span>Se voc\u00ea se identificou com alguns dos pontos citados acima, n\u00e3o se desespere. Pelo contr\u00e1rio, voc\u00ea pode relaxar, pois existem maneiras de reduzir a fadiga cognitiva.\u00a0<\/span><\/p>\n<p style=\"text-align: justify;\"><span>Por isso, preste aten\u00e7\u00e3o aos seguintes pontos recomendados por especialistas:<\/span><\/p>\n<h2 class=\"wp-block-aleteia-rich-list\" style=\"text-align: justify;\"><strong><span>1 REZAR<\/span><\/strong><\/h2>\n<p style=\"text-align: justify;\"><span>Orar nos ajuda a acalmar e organizar nossas mentes. Contar a Deus tudo o que nos preocupa, nos estressa ou nos irrita \u00e9 uma forma de nos apresentarmos diante de Deus com total confian\u00e7a e deixarmos que Ele acalme a tempestade que est\u00e1 em nossa mente e cora\u00e7\u00e3o.\u00a0<\/span><\/p>\n<h2 class=\"wp-block-aleteia-rich-list\" style=\"text-align: justify;\"><strong><span>2 PARE DE PENSAR DEMAIS<\/span><\/strong><\/h2>\n<p style=\"text-align: justify;\"><span>Um dos principais fatores que saturam sua mente \u00e9 pensar continuamente nas situa\u00e7\u00f5es que voc\u00ea vivencia.\u00a0<\/span><\/p>\n<p style=\"text-align: justify;\"><span>Reserve um momento para fundamentar seus pensamentos da seguinte maneira: em uma folha de papel em branco, fa\u00e7a duas listas: uma na qual voc\u00ea anota as situa\u00e7\u00f5es que pode controlar; e do outro lado, coisas que est\u00e3o fora do seu controle.\u00a0<\/span><\/p>\n<p style=\"text-align: justify;\"><span>Escrever \u00e9 um m\u00e9todo que o ajudar\u00e1 a dar ordem \u00e0 sua mente e, assim, parar de pensar demais nas coisas para acalm\u00e1-la.<\/span><\/p>\n<h2 class=\"wp-block-aleteia-rich-list\" style=\"text-align: justify;\"><strong><span>3 FA\u00c7A ATIVIDADES AO AR LIVRE<\/span><\/strong><\/h2>\n<div class=\"block-image-copyrigth-wrap\" style=\"text-align: justify;\">\n<figure class=\"wp-block-image size-large\"><img loading=\"lazy\" decoding=\"async\" class=\"wp-image-803411\" src=\"https:\/\/wp.es.aleteia.org\/wp-content\/uploads\/sites\/7\/2024\/03\/shutterstock_2285957011.jpg?w=1024\" sizes=\"auto, (max-width: 1200px) 100vw, 1200px\" srcset=\"https:\/\/wp.es.aleteia.org\/wp-content\/uploads\/sites\/7\/2024\/03\/shutterstock_2285957011.jpg 1200w, https:\/\/wp.es.aleteia.org\/wp-content\/uploads\/sites\/7\/2024\/03\/shutterstock_2285957011.jpg?resize=150,100 150w, https:\/\/wp.es.aleteia.org\/wp-content\/uploads\/sites\/7\/2024\/03\/shutterstock_2285957011.jpg?resize=300,200 300w, https:\/\/wp.es.aleteia.org\/wp-content\/uploads\/sites\/7\/2024\/03\/shutterstock_2285957011.jpg?resize=1024,683 1024w, https:\/\/wp.es.aleteia.org\/wp-content\/uploads\/sites\/7\/2024\/03\/shutterstock_2285957011.jpg?resize=620,413 620w, https:\/\/wp.es.aleteia.org\/wp-content\/uploads\/sites\/7\/2024\/03\/shutterstock_2285957011.jpg?resize=360,240 360w, https:\/\/wp.es.aleteia.org\/wp-content\/uploads\/sites\/7\/2024\/03\/shutterstock_2285957011.jpg?resize=1140,760 1140w, https:\/\/wp.es.aleteia.org\/wp-content\/uploads\/sites\/7\/2024\/03\/shutterstock_2285957011.jpg?resize=375,250 375w, https:\/\/wp.es.aleteia.org\/wp-content\/uploads\/sites\/7\/2024\/03\/shutterstock_2285957011.jpg?resize=630,420 630w, https:\/\/wp.es.aleteia.org\/wp-content\/uploads\/sites\/7\/2024\/03\/shutterstock_2285957011.jpg?resize=266,177 266w\" alt=\"mulheres andando\" width=\"1200\" height=\"800\" \/><\/figure>\n<div class=\"copyright-text\" style=\"text-align: center;\"><span>ViChizh | Obturador<\/span><\/div>\n<\/div>\n<p style=\"text-align: justify;\"><span>D\u00ea um passeio no parque, ou em local aberto de sua prefer\u00eancia. Respire ar fresco com calma para clarear seus pensamentos.\u00a0<\/span><\/p>\n<h2 class=\"wp-block-aleteia-rich-list\" style=\"text-align: justify;\"><strong><span>4 FA\u00c7A EXERC\u00cdCIOS RESPIRAT\u00d3RIOS<\/span><\/strong><\/h2>\n<p style=\"text-align: justify;\"><span>Nem todas as pessoas respiram corretamente. Respirar com o diafragma n\u00e3o \u00e9 apenas a forma correta de respirar, mas tamb\u00e9m relaxa a mente, acalmando assim os epis\u00f3dios de ansiedade.\u00a0<\/span><\/p>\n<h2 class=\"wp-block-aleteia-rich-list\" style=\"text-align: justify;\"><strong><span>5 FA\u00c7A SUA ATIVIDADE FAVORITA<\/span><\/strong><\/h2>\n<p style=\"text-align: justify;\"><span>Voc\u00ea pode preparar sua sobremesa favorita ou sair para jogar futebol. Assim como ouvir sua\u00a0<\/span><em><span>playlist<\/span><\/em><span>\u00a0favorita e se divertir,\u00a0<\/span><a title=\"a m\u00fasica tem um grande impacto psicol\u00f3gico\" href=\"https:\/\/psicologiaypsicoterapia.com\/poder-musica\/\" target=\"_blank\" rel=\"noopener\"><span>a m\u00fasica tem um grande impacto psicol\u00f3gico<\/span><\/a><span>\u00a0.\u00a0<\/span><\/p>\n<h2 class=\"wp-block-aleteia-rich-list\" style=\"text-align: justify;\"><strong><span>6 PRIORIZE SUAS HORAS DE SONO<\/span><\/strong><\/h2>\n<p style=\"text-align: justify;\"><span>Dormir horas adequadas e descansar verdadeiramente deve ser uma prioridade para reduzir o cansa\u00e7o mental. Isso nos permitir\u00e1 estar ativos e com melhor humor no dia seguinte.\u00a0<\/span><\/p>\n<h2 class=\"wp-block-aleteia-rich-list\" style=\"text-align: justify;\"><strong><span>7 FA\u00c7A PEQUENAS PAUSAS<\/span><\/strong><\/h2>\n<p style=\"text-align: justify;\"><span>Durante seu dia de trabalho, voc\u00ea pode reservar alguns minutos para se levantar, respirar ou caminhar um pouco.<\/span><\/p>\n<p style=\"text-align: justify;\"><span>Esperamos que essas dicas possam tornar seus dias mais tranquilos, mas se voc\u00ea perceber que se sente constantemente sobrecarregado, pode procurar um especialista e receber apoio psicol\u00f3gico para compreender e colocar em ordem suas emo\u00e7\u00f5es e pensamentos.<\/span><\/p>\n","protected":false},"excerpt":{"rendered":"<p>Se voc\u00ea se sente profundamente cansado, tem dificuldade de concentra\u00e7\u00e3o e fica irritado, pode estar com exaust\u00e3o mental. Aqui n\u00f3s dizemos como combat\u00ea-lo \u00c9normal que em algum momento nos sintamos exaustos. No entanto, quando as tarefas dom\u00e9sticas, de trabalho e as tarefas di\u00e1rias se acumulam, pode ocorrer exaust\u00e3o mental. Isto pode afetar a qualidade de [&hellip;]<\/p>\n","protected":false},"author":1,"featured_media":88160,"comment_status":"open","ping_status":"closed","sticky":false,"template":"","format":"standard","meta":{"footnotes":""},"categories":[4],"tags":[],"class_list":["post-88159","post","type-post","status-publish","format-standard","has-post-thumbnail","hentry","category-cotidiano"],"_links":{"self":[{"href":"https:\/\/catolicanet.net\/wp-cnet\/wp-json\/wp\/v2\/posts\/88159","targetHints":{"allow":["GET"]}}],"collection":[{"href":"https:\/\/catolicanet.net\/wp-cnet\/wp-json\/wp\/v2\/posts"}],"about":[{"href":"https:\/\/catolicanet.net\/wp-cnet\/wp-json\/wp\/v2\/types\/post"}],"author":[{"embeddable":true,"href":"https:\/\/catolicanet.net\/wp-cnet\/wp-json\/wp\/v2\/users\/1"}],"replies":[{"embeddable":true,"href":"https:\/\/catolicanet.net\/wp-cnet\/wp-json\/wp\/v2\/comments?post=88159"}],"version-history":[{"count":1,"href":"https:\/\/catolicanet.net\/wp-cnet\/wp-json\/wp\/v2\/posts\/88159\/revisions"}],"predecessor-version":[{"id":88162,"href":"https:\/\/catolicanet.net\/wp-cnet\/wp-json\/wp\/v2\/posts\/88159\/revisions\/88162"}],"wp:featuredmedia":[{"embeddable":true,"href":"https:\/\/catolicanet.net\/wp-cnet\/wp-json\/wp\/v2\/media\/88160"}],"wp:attachment":[{"href":"https:\/\/catolicanet.net\/wp-cnet\/wp-json\/wp\/v2\/media?parent=88159"}],"wp:term":[{"taxonomy":"category","embeddable":true,"href":"https:\/\/catolicanet.net\/wp-cnet\/wp-json\/wp\/v2\/categories?post=88159"},{"taxonomy":"post_tag","embeddable":true,"href":"https:\/\/catolicanet.net\/wp-cnet\/wp-json\/wp\/v2\/tags?post=88159"}],"curies":[{"name":"wp","href":"https:\/\/api.w.org\/{rel}","templated":true}]}}