{"id":88139,"date":"2024-04-26T09:40:48","date_gmt":"2024-04-26T12:40:48","guid":{"rendered":"https:\/\/catolicanet.net\/wp-cnet\/?p=88139"},"modified":"2024-04-26T15:42:28","modified_gmt":"2024-04-26T18:42:28","slug":"romaria-nacional-de-catequistas-em-aparecida-sp-terceiro-lote-de-inscricoes-vai-ate-o-dia-30-de-junho","status":"publish","type":"post","link":"https:\/\/catolicanet.net\/wp-cnet\/romaria-nacional-de-catequistas-em-aparecida-sp-terceiro-lote-de-inscricoes-vai-ate-o-dia-30-de-junho\/","title":{"rendered":"ROMARIA NACIONAL DE CATEQUISTAS, EM APARECIDA (SP): TERCEIRO LOTE DE INSCRI\u00c7\u00d5ES VAI AT\u00c9 O DIA 30 DE JUNHO"},"content":{"rendered":"<p style=\"text-align: justify;\">O Diret\u00f3rio para a Catequese, publicado em 2020 pelo Dicast\u00e9rio para a Evangeliza\u00e7\u00e3o, ao tratar sobre a compet\u00eancia dos secretariados de Catequese nas Confer\u00eancias Episcopais, esclarece que seu papel pode implicar \u201ca defini\u00e7\u00e3o de linhas diretrizes e orienta\u00e7\u00f5es catequ\u00e9ticas, instrumentos de car\u00e1ter reflexivo e orientativo, que s\u00e3o de grande inspira\u00e7\u00e3o para a catequese das Igrejas locais e constituem tamb\u00e9m um ponto de refer\u00eancia para a forma\u00e7\u00e3o dos catequistas\u201d (DC 413).<\/p>\n<p style=\"text-align: justify;\">No cumprimento deste papel \u00e9 que a Comiss\u00e3o Episcopal para a Anima\u00e7\u00e3o B\u00edblico-Catequ\u00e9tica da Confer\u00eancia Nacional dos Bispos do Brasil (CNBB) realiza a\u00a0<strong><a href=\"https:\/\/app.ciaticket.com.br\/e\/ROMARIADECATEQUISTAS2024\" target=\"_blank\" rel=\"noopener\">Romaria Nacional de Catequistas em 2024<\/a>,\u00a0<\/strong>de 30 de agosto a 1 de setembro, no Centro de Eventos Padre Vitor Coelho de Almeida, em Aparecida (SP).<\/p>\n<p style=\"text-align: justify;\"><img loading=\"lazy\" decoding=\"async\" class=\"alignleft wp-image-960630 \" src=\"https:\/\/www.cnbb.org.br\/wp-content\/uploads\/2024\/03\/WhatsApp-Image-2024-02-16-at-12.41.14-1-730x1024.jpeg\" sizes=\"auto, (max-width: 315px) 100vw, 315px\" srcset=\"https:\/\/www.cnbb.org.br\/wp-content\/uploads\/2024\/03\/WhatsApp-Image-2024-02-16-at-12.41.14-1-730x1024.jpeg 730w, https:\/\/www.cnbb.org.br\/wp-content\/uploads\/2024\/03\/WhatsApp-Image-2024-02-16-at-12.41.14-1-214x300.jpeg 214w, https:\/\/www.cnbb.org.br\/wp-content\/uploads\/2024\/03\/WhatsApp-Image-2024-02-16-at-12.41.14-1-768x1077.jpeg 768w, https:\/\/www.cnbb.org.br\/wp-content\/uploads\/2024\/03\/WhatsApp-Image-2024-02-16-at-12.41.14-1-500x701.jpeg 500w, https:\/\/www.cnbb.org.br\/wp-content\/uploads\/2024\/03\/WhatsApp-Image-2024-02-16-at-12.41.14-1.jpeg 913w\" alt=\"\" width=\"315\" height=\"442\" \/>A Romaria ser\u00e1 um momento formativo e celebrativo, com o objetivo principal de alinhamento da Catequese no Brasil \u00e0 proposta de uma Catequese a servi\u00e7o da IVC, com inspira\u00e7\u00e3o catecumenal.<\/p>\n<blockquote><p>\u201cSabemos dos desafios que temos enfrentado, dentre os quais a multiplicidade de propostas quanto aos m\u00e9todos, aos conte\u00fados e aos respons\u00e1veis pela Catequese em nossas dioceses. Vivemos tempos de sinodalidade, em que nossas especificidades locais devem ser sempre valorizadas, mas n\u00e3o podemos arriscar permitir uma fragmenta\u00e7\u00e3o que amea\u00e7a os processos de Inicia\u00e7\u00e3o \u00e0 Vida Crist\u00e3 e a transmiss\u00e3o da f\u00e9 em nosso pa\u00eds\u201d, afirma dom Leomar Ant\u00f4nio Brustolin.<\/p><\/blockquote>\n<p style=\"text-align: justify;\">Por isso, a Comiss\u00e3o convoca os catequistas de todo o Brasil a participarem da Romaria de Catequistas, um servi\u00e7o hist\u00f3rico \u00e0 Catequese no Brasil. \u201cTemos j\u00e1 um n\u00famero significativo de catequistas inscritos, mais de 1600, mas sabemos que, dadas as propor\u00e7\u00f5es do nosso pa\u00eds, podemos reunir ainda muitas outras pessoas\u201d.<\/p>\n<div class=\"ast-oembed-container\" style=\"text-align: justify;\"><iframe loading=\"lazy\" title=\"Convite DomLeomar2\" src=\"https:\/\/www.youtube.com\/embed\/lcaC2FZ40cI?feature=oembed\" width=\"1200\" height=\"675\" frameborder=\"0\" allowfullscreen=\"allowfullscreen\" data-mce-fragment=\"1\"><\/iframe><\/div>\n<h3 style=\"text-align: justify;\"><strong>Inscri\u00e7\u00f5es<\/strong><\/h3>\n<p style=\"text-align: justify;\">Os interessados podem realizar a inscri\u00e7\u00e3o na Romaria, por meio do link:\u00a0<a href=\"https:\/\/app.ciaticket.com.br\/e\/ROMARIADECATEQUISTAS2024\" target=\"_blank\" rel=\"noopener\">https:\/\/app.ciaticket.com.br\/e\/ROMARIADECATEQUISTAS2024<\/a>.<\/p>\n<p style=\"text-align: justify;\">O terceiro, com o valor de R$ 450,00 por pessoa, vai at\u00e9 o dia 30 de junho.\u00a0As inscri\u00e7\u00f5es s\u00e3o individuais e d\u00e3o direito \u00e0 participa\u00e7\u00e3o no evento, mas n\u00e3o cobrem despesas com viagem, alimenta\u00e7\u00e3o e hospedagem.<\/p>\n<p style=\"text-align: justify;\">D\u00favidas ou orienta\u00e7\u00f5es de inscri\u00e7\u00e3o de caravanas, os assessores est\u00e3o dispon\u00edveis: padre\u00a0Wagner \u2013 (89) 981068863 e Mariana \u2013 (32) 999113886.<\/p>\n<h2 style=\"text-align: justify;\"><strong>Programa\u00e7\u00e3o<\/strong><\/h2>\n<p style=\"text-align: justify;\">\n<h3 style=\"text-align: justify;\"><strong>30\/08 \u2013 sexta-feira<\/strong><\/h3>\n<p style=\"text-align: justify;\">8h Anima\u00e7\u00e3o<br \/>\n8h30 Abertura<br \/>\n9h Celebra\u00e7\u00e3o de abertura \u2013 Dom Andherson Franklin Lustosa de Souza, bispo auxiliar de Vit\u00f3ria (ES) e membro da Comiss\u00e3o<br \/>\n9h30 Olhar a realidade e os sinais dos tempos \u2013 Dom Leomar Ant\u00f4nio Brustolin, arcebispo de Santa Maria e presidente da Comiss\u00e3o<br \/>\n10h30 Coffee break<br \/>\n11h Intera\u00e7\u00e3o<br \/>\n11h15 ABC da IVC \u2013 Pe. Wagner Francisco de Sousa Carvalho, assessor da Comiss\u00e3o<br \/>\n12h Angelus<br \/>\n14h Adora\u00e7\u00e3o ao Sant\u00edssimo<br \/>\n14h30 Querigma \u2013 Mariana Aparecida Ven\u00e2ncio, assessora da Comiss\u00e3o<br \/>\n15h30 Coffee break<br \/>\n16h Intera\u00e7\u00e3o<br \/>\n16h15 Catecumenato \u2013 Irm\u00e3 Maria Aparecida Barboza, icm<br \/>\n17h Intera\u00e7\u00e3o<br \/>\n17h20 Deslocamento para o Santu\u00e1rio<br \/>\n18h Missa (Santu\u00e1rio Nacional) \u2013 Presid\u00eancia: dom Jaime Spengler, arcebispo de Porto Alegre e presidente da CNBB<br \/>\n20h Lanche e Momento cultural (Centro de Eventos)<\/p>\n<h3 style=\"text-align: justify;\"><strong>31\/08 \u2013 s\u00e1bado<\/strong><\/h3>\n<p style=\"text-align: justify;\">8h Anima\u00e7\u00e3o<br \/>\n8h30 Leitura orante da Palavra<br \/>\nMariana Aparecida Ven\u00e2ncio<br \/>\n9h15 Intera\u00e7\u00e3o- Pe. Wagner Francisco de Sousa Carvalho<br \/>\n9h45 Purifica\u00e7\u00e3o e ilumina\u00e7\u00e3o- Pe. J\u00e2nison de S\u00e1 Santos, subsecret\u00e1rio adjunto de pastoral da<br \/>\nCNBB<br \/>\n10h30 Coffee break<br \/>\n11h Intera\u00e7\u00e3o<br \/>\n11h15 Celebra\u00e7\u00e3o penitencial<br \/>\n12h Angelus<br \/>\n14h Partilhas de experi\u00eancias de IVC pelo Brasil<br \/>\n14h30 Mistagogia- Dom Andherson Franklin Lustosa de Souza<br \/>\n15h15 Intera\u00e7\u00e3o<br \/>\n15h30 Coffee break<br \/>\n16h Partilhas de experi\u00eancias de IVC pelo Brasil<br \/>\n18h Ter\u00e7o luminoso \u2013 Ir. Alan Patrick Zuccherato, C.Ss.R<br \/>\n20h Missa (Santu\u00e1rio Nacional)<\/p>\n<h3 style=\"text-align: justify;\"><strong>01\/09 \u2013 domingo<\/strong><\/h3>\n<p style=\"text-align: justify;\">8h Anima\u00e7\u00e3o<br \/>\n8h30 Ora\u00e7\u00e3o inicial<br \/>\n8h40 Catequese, m\u00eddias digitais e intelig\u00eancia artificial \u2013 Mois\u00e9s Sbardelotto<br \/>\n9h40 Intera\u00e7\u00e3o<br \/>\n10h Projetos comuns para a Igreja no Brasil em torno da IVC<br \/>\n10h40 Agradecimentos e palavras finais<br \/>\n11h Deslocamento para a Bas\u00edlica<br \/>\n12h Missa de abertura do M\u00eas da B\u00edblia 2024 (Santu\u00e1rio Nacional)<\/p>\n","protected":false},"excerpt":{"rendered":"<p>O Diret\u00f3rio para a Catequese, publicado em 2020 pelo Dicast\u00e9rio para a Evangeliza\u00e7\u00e3o, ao tratar sobre a compet\u00eancia dos secretariados de Catequese nas Confer\u00eancias Episcopais, esclarece que seu papel pode implicar \u201ca defini\u00e7\u00e3o de linhas diretrizes e orienta\u00e7\u00f5es catequ\u00e9ticas, instrumentos de car\u00e1ter reflexivo e orientativo, que s\u00e3o de grande inspira\u00e7\u00e3o para a catequese das Igrejas [&hellip;]<\/p>\n","protected":false},"author":1,"featured_media":88140,"comment_status":"open","ping_status":"closed","sticky":false,"template":"","format":"standard","meta":{"footnotes":""},"categories":[7,13],"tags":[],"class_list":["post-88139","post","type-post","status-publish","format-standard","has-post-thumbnail","hentry","category-cnbb","category-featured"],"_links":{"self":[{"href":"https:\/\/catolicanet.net\/wp-cnet\/wp-json\/wp\/v2\/posts\/88139","targetHints":{"allow":["GET"]}}],"collection":[{"href":"https:\/\/catolicanet.net\/wp-cnet\/wp-json\/wp\/v2\/posts"}],"about":[{"href":"https:\/\/catolicanet.net\/wp-cnet\/wp-json\/wp\/v2\/types\/post"}],"author":[{"embeddable":true,"href":"https:\/\/catolicanet.net\/wp-cnet\/wp-json\/wp\/v2\/users\/1"}],"replies":[{"embeddable":true,"href":"https:\/\/catolicanet.net\/wp-cnet\/wp-json\/wp\/v2\/comments?post=88139"}],"version-history":[{"count":1,"href":"https:\/\/catolicanet.net\/wp-cnet\/wp-json\/wp\/v2\/posts\/88139\/revisions"}],"predecessor-version":[{"id":88142,"href":"https:\/\/catolicanet.net\/wp-cnet\/wp-json\/wp\/v2\/posts\/88139\/revisions\/88142"}],"wp:featuredmedia":[{"embeddable":true,"href":"https:\/\/catolicanet.net\/wp-cnet\/wp-json\/wp\/v2\/media\/88140"}],"wp:attachment":[{"href":"https:\/\/catolicanet.net\/wp-cnet\/wp-json\/wp\/v2\/media?parent=88139"}],"wp:term":[{"taxonomy":"category","embeddable":true,"href":"https:\/\/catolicanet.net\/wp-cnet\/wp-json\/wp\/v2\/categories?post=88139"},{"taxonomy":"post_tag","embeddable":true,"href":"https:\/\/catolicanet.net\/wp-cnet\/wp-json\/wp\/v2\/tags?post=88139"}],"curies":[{"name":"wp","href":"https:\/\/api.w.org\/{rel}","templated":true}]}}