{"id":88112,"date":"2024-04-21T09:04:33","date_gmt":"2024-04-21T12:04:33","guid":{"rendered":"https:\/\/catolicanet.net\/wp-cnet\/?p=88112"},"modified":"2024-04-22T15:05:29","modified_gmt":"2024-04-22T18:05:29","slug":"chamados-a-semear-a-esperanca-e-a-construir-a-paz","status":"publish","type":"post","link":"https:\/\/catolicanet.net\/wp-cnet\/chamados-a-semear-a-esperanca-e-a-construir-a-paz\/","title":{"rendered":"Chamados a semear a esperan\u00e7a e a construir a paz"},"content":{"rendered":"<p style=\"text-align: center;\"><em>Mensagem do Papa Francisco para o 61\u00b0 dia Mundial de Ora\u00e7\u00e3o pelas Voca\u00e7\u00f5es<\/em><\/p>\n<p style=\"text-align: justify;\"><em>\u00a0<\/em>Neste dia 21 de abril de 2024 celebraremos o quarto Domingo da P\u00e1scoa e esse dia \u00e9 conhecido como o Domingo do Bom Pastor. \u00c9 o Dia Mundial de Ora\u00e7\u00e3o pelas Voca\u00e7\u00f5es. Em todos os anos, o Papa publica uma mensagem a fim de que todos os fi\u00e9is celebrem com mais disposi\u00e7\u00e3o e alegria esse dia.<\/p>\n<p style=\"text-align: justify;\">Aqui no Brasil em particular, celebramos em agosto o m\u00eas das voca\u00e7\u00f5es, a cada Domingo, a cada batizado, \u00e9 chamado a uma voca\u00e7\u00e3o em particular, seja o chamado ao sacerd\u00f3cio, a vida religiosa e consagrada, a fam\u00edlia, aos leigos e a voca\u00e7\u00e3o de catequista. Quando n\u00f3s falamos em voca\u00e7\u00e3o n\u00e3o podemos pensar somente na sacerdotal, existem outras formas de servir a Deus que n\u00e3o necessariamente atrav\u00e9s do sacerd\u00f3cio.<\/p>\n<p style=\"text-align: justify;\">Por isso, a mensagem do Papa Francisco \u00e9 para todos os batizados e batizadas chamados a edificar o Reino de Deus ou, como diz o tema de sua mensagem, chamados a semear a esperan\u00e7a e a construir a paz. Esse domingo \u00e9 considerado das voca\u00e7\u00f5es, porque todos n\u00f3s temos que ser bons pastores uns com os outros.<\/p>\n<p style=\"text-align: justify;\">\u00c9 claro que quando falamos em voca\u00e7\u00e3o logo pensamos em voca\u00e7\u00e3o sacerdotal e religiosa, mas, como dissemos acima, cada um de n\u00f3s \u00e9 chamado a uma voca\u00e7\u00e3o, e descobriremos a qual voca\u00e7\u00e3o somos chamados atrav\u00e9s da vida de ora\u00e7\u00e3o. \u00c9 na intimidade com o Senhor que descobriremos a qual voca\u00e7\u00e3o Ele nos chama.<\/p>\n<p style=\"text-align: justify;\">\u00c9 evidente que \u00e9 necess\u00e1rio rezar para que n\u00e3o faltem sacerdotes, pois sem sacerdotes n\u00e3o h\u00e1 Eucaristia e sem Eucaristia n\u00e3o h\u00e1 Igreja. \u00c9 preciso rezar ao Senhor da messe que envie oper\u00e1rios para a messe, pois a messe \u00e9 grande e os oper\u00e1rios s\u00e3o poucos. Precisamos de sacerdotes que sejam de fato bons pastores que v\u00e3o de encontro ao povo e cuidem das ovelhas feridas.<\/p>\n<p style=\"text-align: justify;\">Al\u00e9m de rezar pelas voca\u00e7\u00f5es sacerdotais e religiosas, rezemos por todos os batizados e batizadas para que nesse dia se sintam tocados por Deus para abra\u00e7ar uma voca\u00e7\u00e3o e contribuir na edifica\u00e7\u00e3o do Reino de Deus. Tem uma ora\u00e7\u00e3o curta, mas que podemos fazer ao longo desse dia dedicado ao Bom Pastor e quem sabe ao longo dessa semana: \u201c<em>Enviai Senhor muitos oper\u00e1rios, pois a messe \u00e9 grande e os oper\u00e1rios s\u00e3o poucos\u201d. <\/em><\/p>\n<p style=\"text-align: justify;\">O Dia Mundial de ora\u00e7\u00e3o pelas voca\u00e7\u00f5es foi institu\u00eddo pelo Papa S\u00e3o Paulo VI, em 1964, durante o Conc\u00edlio Ecum\u00eanico Vaticano II. O Papa Francisco escreveu na mensagem para o dia das voca\u00e7\u00f5es do ano passado, que essa feliz e providencial iniciativa de Paulo VI, faz com que os membros do povo de Deus pudessem responder individualmente ou comunitariamente o chamado que Deus lhes faz no mundo de hoje. A voca\u00e7\u00e3o tem seus desafios e conquistas, momentos bons e ruins, mas tudo \u00e9 gra\u00e7a de Deus. S\u00e3o os momentos dif\u00edceis que nos tornam mais fortes e exigem a nossa resposta.<\/p>\n<p style=\"text-align: justify;\">Com o tema escolhido para a mensagem desse ano, o Papa Francisco se dirige a todos n\u00f3s para dizer que cada batizado, somos povo a caminho, e chamados por Deus a semear a esperan\u00e7a e construir a paz. Vivemos num mundo marcado pelas guerras, conflitos de poder e de interesse, onde um quer ter mais do que outro. Por isso, a diferen\u00e7a deve come\u00e7ar a partir de n\u00f3s cat\u00f3licos, construindo la\u00e7os de paz e de esperan\u00e7a.<\/p>\n<p style=\"text-align: justify;\">Jesus enquanto esteve entre n\u00f3s pregou o amor, tanto que resumiu os dez mandamentos em dois, n\u00e3o excluindo os outros oito, dizendo: <em>\u201cAmar\u00e1s o Senhor teu Deus de todo o cora\u00e7\u00e3o, de toda a alma e de todo o teu entendimento. Este \u00e9 maior e o primeiro mandamento. O Segundo \u00e9 semelhante a esse: Amar\u00e1s o teu pr\u00f3ximo como a ti mesmo. Toda a Lei e os profetas dependem destes dois mandamentos\u201d<\/em>\u00a0(Mt 22, 37-30).<\/p>\n<p style=\"text-align: justify;\">Com isso, o Papa Francisco quer dizer que todos n\u00f3s somos vocacionados ao amor. Inclusive seja qual for a voca\u00e7\u00e3o que escolhermos temos que assumi-la com amor, de cora\u00e7\u00e3o sincero, pois sen\u00e3o, n\u00e3o seremos bons padres, \u00a0\u00a0\u00a0 bons pais de fam\u00edlia, bons catequistas e bons religiosos. Para poder semear o amor e a esperan\u00e7a \u00e9 necess\u00e1rio antes de tudo ter o amor dentro de si, e ainda, assumir aquela voca\u00e7\u00e3o por vontade pr\u00f3pria e n\u00e3o porque foi obrigado por outros. Nada que fazemos obrigados por algu\u00e9m d\u00e1 certo.<\/p>\n<p style=\"text-align: justify;\">Nesse dia do Bom Pastor e que recordamos as voca\u00e7\u00f5es \u00e9 oportunidade de renovarmos o nosso compromisso assumido, ou seja, o Papa Francisco recomenda ir diante do Senhor e agradecer o chamado ao qual Ele lhes fez. Renovar o compromisso do sacerd\u00f3cio e da vida consagrada, renovar o compromisso de ser crist\u00e3o pelo batismo e tamb\u00e9m o carisma de catequista, e ainda renovar o compromisso de ser um bom catequista.<\/p>\n<p style=\"text-align: justify;\">Ainda na mensagem desse ano o Papa se dirige aos jovens, inclusive \u00e0queles que n\u00e3o s\u00e3o ativos na igreja, para que se deixem fascinar por Jesus e busque por Ele, e ao encontr\u00e1-lo busquem a resposta de qual voca\u00e7\u00e3o abra\u00e7ar. Jesus respeita a vontade de cada um, nos da liberdade, mas nos prop\u00f5e o caminho certo a seguir. Se quisermos buscar respostas as nossas d\u00favidas abramos as p\u00e1ginas do Evangelho.<\/p>\n<p style=\"text-align: justify;\">O Papa Francisco ainda diz na mensagem que somos povo a caminho, h\u00e1 diversos minist\u00e9rios e carismas na Igreja que podemos abra\u00e7ar. Temos que ser crist\u00e3os aut\u00eanticos e identificados com alguma pastoral na par\u00f3quia, n\u00e3o podemos simplesmente frequentar as missas e ir embora, mas temos que colaborar na edifica\u00e7\u00e3o do reino de Deus. Ele disse ainda que o Dia Mundial de Ora\u00e7\u00e3o pelas Voca\u00e7\u00f5es desse ano traz a marca da sinodalidade, ou seja, do mesmo modo que o s\u00ednodo, somos chamados a \u201couvir a voz do Esp\u00edrito Santo\u201d.<\/p>\n<p style=\"text-align: justify;\">Por fim, o Papa Francisco conclui dizendo que cada crist\u00e3o cat\u00f3lico \u00e9 chamado a ser construtor da paz. Conforme dissemos acima, o mundo j\u00e1 est\u00e1 muito violento, e cada um de n\u00f3s como disc\u00edpulos de Jesus temos que andar na contram\u00e3o da sociedade e como o pr\u00f3prio Mestre nos ensina temos que oferecer a outra face e n\u00e3o cabe ao crist\u00e3o promover \u00f3dio, mas sim construir pontes de paz.<\/p>\n<p style=\"text-align: justify;\">Aproveitemos esse quarto Domingo da P\u00e1scoa e rezemos por todas as voca\u00e7\u00f5es e agrade\u00e7amos a voca\u00e7\u00e3o a qual Deus nos chamou. Renovemos o nosso compromisso de servir a Deus e ao pr\u00f3ximo.<\/p>\n","protected":false},"excerpt":{"rendered":"<p>Mensagem do Papa Francisco para o 61\u00b0 dia Mundial de Ora\u00e7\u00e3o pelas Voca\u00e7\u00f5es \u00a0Neste dia 21 de abril de 2024 celebraremos o quarto Domingo da P\u00e1scoa e esse dia \u00e9 conhecido como o Domingo do Bom Pastor. \u00c9 o Dia Mundial de Ora\u00e7\u00e3o pelas Voca\u00e7\u00f5es. Em todos os anos, o Papa publica uma mensagem a [&hellip;]<\/p>\n","protected":false},"author":5,"featured_media":55819,"comment_status":"open","ping_status":"closed","sticky":false,"template":"","format":"standard","meta":{"footnotes":""},"categories":[9],"tags":[],"class_list":["post-88112","post","type-post","status-publish","format-standard","has-post-thumbnail","hentry","category-artigos"],"_links":{"self":[{"href":"https:\/\/catolicanet.net\/wp-cnet\/wp-json\/wp\/v2\/posts\/88112","targetHints":{"allow":["GET"]}}],"collection":[{"href":"https:\/\/catolicanet.net\/wp-cnet\/wp-json\/wp\/v2\/posts"}],"about":[{"href":"https:\/\/catolicanet.net\/wp-cnet\/wp-json\/wp\/v2\/types\/post"}],"author":[{"embeddable":true,"href":"https:\/\/catolicanet.net\/wp-cnet\/wp-json\/wp\/v2\/users\/5"}],"replies":[{"embeddable":true,"href":"https:\/\/catolicanet.net\/wp-cnet\/wp-json\/wp\/v2\/comments?post=88112"}],"version-history":[{"count":1,"href":"https:\/\/catolicanet.net\/wp-cnet\/wp-json\/wp\/v2\/posts\/88112\/revisions"}],"predecessor-version":[{"id":88114,"href":"https:\/\/catolicanet.net\/wp-cnet\/wp-json\/wp\/v2\/posts\/88112\/revisions\/88114"}],"wp:featuredmedia":[{"embeddable":true,"href":"https:\/\/catolicanet.net\/wp-cnet\/wp-json\/wp\/v2\/media\/55819"}],"wp:attachment":[{"href":"https:\/\/catolicanet.net\/wp-cnet\/wp-json\/wp\/v2\/media?parent=88112"}],"wp:term":[{"taxonomy":"category","embeddable":true,"href":"https:\/\/catolicanet.net\/wp-cnet\/wp-json\/wp\/v2\/categories?post=88112"},{"taxonomy":"post_tag","embeddable":true,"href":"https:\/\/catolicanet.net\/wp-cnet\/wp-json\/wp\/v2\/tags?post=88112"}],"curies":[{"name":"wp","href":"https:\/\/api.w.org\/{rel}","templated":true}]}}