{"id":88109,"date":"2024-04-20T09:03:15","date_gmt":"2024-04-20T12:03:15","guid":{"rendered":"https:\/\/catolicanet.net\/wp-cnet\/?p=88109"},"modified":"2024-04-22T15:04:11","modified_gmt":"2024-04-22T18:04:11","slug":"domingo-do-bom-pastor","status":"publish","type":"post","link":"https:\/\/catolicanet.net\/wp-cnet\/domingo-do-bom-pastor\/","title":{"rendered":"Domingo do Bom Pastor"},"content":{"rendered":"<p style=\"text-align: justify;\">Este Quarto Domingo da P\u00e1scoa \u00e9 conhecido como Domingo do Bom Pastor, pois nele se l\u00ea sempre um trecho do cap\u00edtulo 10 de S\u00e3o Jo\u00e3o, onde Jesus se revela como o Bom Pastor. Mas, o que isso tem a ver com o tempo lit\u00fargico que ora estamos vivendo? A resposta, curta e graciosa, encontra-se na ant\u00edfona de comunh\u00e3o que o Missal Romano traz: \u201cRessuscitou o Bom Pastor, que deu a vida pelas ovelhas e quis morrer pelo rebanho!\u201d Aqui est\u00e1 tudo!<\/p>\n<p style=\"text-align: justify;\">Na primeira leitura \u2013 At 4,8-12 \u2013 Pedro n\u00e3o se vangloria pelo milagre feito por suas pr\u00f3prias m\u00e3os. Ele d\u00e1 a Jesus toda a gl\u00f3ria e diz: \u201cFicai sabendo (\u2026) que \u00e9 pelo nome de Jesus (\u2026) que este homem est\u00e1 curado diante de v\u00f3s!\u201d Toda a gl\u00f3ria somente para Jesus.<\/p>\n<p style=\"text-align: justify;\">Na Segunda Leitura \u2013 1Jo 3,1-2 \u2013 Deus chama-nos de filhos e n\u00f3s o somos de fato! N\u00e3o \u00e9 um t\u00edtulo concedido interesseiramente por um pol\u00edtico: \u201cCar\u00edssimos, desde j\u00e1, somos filhos de Deus!\u201d.<\/p>\n<p style=\"text-align: justify;\">No Evangelho \u2013 Jo 10,11-18 \u2013 Pastor \u00e9 t\u00edtulo de quem cuida, por exemplo, da fam\u00edlia (pai), da cidade (prefeito), da Igreja (padre) ou de uma associa\u00e7\u00e3o p\u00fablica (presidente). Sempre houve bons e maus pastores, infelizmente. Mas Jesus proclama: \u201cEu sou o Bom Pastor (\u2026). Conhe\u00e7o minhas ovelhas e dou a vida por elas!\u201d. O bom pastor conhece suas ovelhas e chama-as pelo nome e as conduz em seguran\u00e7a para as pastagens e para as aguadas para beber! Ele enfrenta o lobo e defende o rebanho inteiro! Jesus compara-se ao bom pastor e diz: \u201cEu sou o Bom Pastor. Conhe\u00e7o as minhas ovelhas e elas me conhecem! (\u2026) Eu dou a minha vida pelas minhas ovelhas! (\u2026) Ningu\u00e9m tira (rouba) as minhas ovelhas, dou a minha vida por elas, Eu a dou por mim mesmo!\u201d Jesus n\u00e3o \u00e9 um mercen\u00e1rio, pago para trabalhar, Ele \u00e9 o Bom Pastor!<\/p>\n<p style=\"text-align: justify;\">\u201cEu sou o bom pastor\u201d \u2013 disse Jesus. O adjetivo grego usado para \u201cbom\u201d significa mais que bom: \u00e9 belo, perfeito, pleno, bom. Jesus \u00e9, portanto, o pastor por excel\u00eancia, aquele pastor que o pr\u00f3prio Deus sempre foi. Pela boca de Ezequiel profeta, Deus tinha prometido que ele pr\u00f3prio apascentaria o seu rebanho: \u201cEu mesmo cuidarei do meu rebanho e o procurarei. Eu mesmo apascentarei o meu rebanho, eu mesmo lhe darei repouso\u201d (34,11.15). Pois bem: Jesus apresenta-se como o pr\u00f3prio Deus pastor do seu povo!<\/p>\n<p style=\"text-align: justify;\">No Evangelho (Jo 10, 11-18) Jesus se apresenta como o BOM PASTOR. \u00c9 uma catequese sobre a miss\u00e3o de Jesus: conduzir o homem \u00e0s pastagens verdejantes e \u00e0s fontes cristalinas, de onde brota a vida em plenitude. O Bom Pastor aparece numa atitude de ternura com as ovelhas\u2026 Ele as conhece, as chama pelo nome, caminha com elas e estas O seguem. Elas escutam a Sua voz, porque sabem que as conduz com seguran\u00e7a. Em contraste com o pastor, aparece a figura dos ladr\u00f5es e dos bandidos. S\u00e3o todos os que se apresentam como Pastor, ou at\u00e9 falam em nome de Cristo, mas procuram somente vantagens pessoais. Al\u00e9m do t\u00edtulo de Bom Pastor, Cristo aplica-Se a Si mesmo a imagem da porta pela qual se entra no aprisco das ovelhas que \u00e9 a Igreja.<\/p>\n<p style=\"text-align: justify;\">Ensina o Conc\u00edlio Ecum\u00eanico Vaticano II: \u201cA Igreja \u00e9 o redil, cuja \u00fanica porta e necess\u00e1rio pastor \u00e9 Cristo (LG,6). No redil entram os pastores e as ovelhas. Tanto uns como outras h\u00e3o de entrar pela porta que \u00e9 Cristo. \u201cEu, pregava Santo Agostinho, querendo chegar at\u00e9 v\u00f3s, isto \u00e9, ao vosso cora\u00e7\u00e3o, prego-vos Cristo: se pregasse outra coisa, quereria entrar por outro lado. Cristo \u00e9 para mim a porta para entrar em v\u00f3s: por Cristo entro n\u00e3o nas vossas casas, mas nos vossos cora\u00e7\u00f5es. Por Cristo entro gozosamente e escutais-me ao falar d Ele. Por qu\u00ea? Porque sois ovelhas de Cristo e fostes compradas com o Seu Sangue\u201d. \u201c\u2026 e as ovelhas O seguem, porque conhecem a sua voz\u201d (Jo 10,4).<\/p>\n<p style=\"text-align: justify;\">O bom pastor d\u00e1 a vida por suas ovelhas. \u00c9 por isso que o Pai me ama: porque dou a minha vida, para depois receb\u00ea-la novamente. Ningu\u00e9m tira a minha vida; eu a dou por mim mesmo! Tenho o poder de entreg\u00e1-la e o poder de retom\u00e1-la novamente; esse \u00e9 o preceito que recebi do meu Pai. Amados irm\u00e3os, s\u00e3o palavras de intensidade inexaur\u00edvel, essas! Jesus \u00e9 o pastor perfeito porque \u00e9 capaz de dar a vida pelas ovelhas: ele as conhece, ou seja, \u00e9 \u00edntimo delas, as ama, e est\u00e1 disposto a dar-se totalmente pelo rebanho, por n\u00f3s! E, mesmo na dor, faz isso livremente, em obedi\u00eancia amorosa \u00e0 vontade do Pai por n\u00f3s! Por amor, morre pelo rebanho; por amor ressuscita para nos ressuscitar! N\u00f3s jamais poderemos compreender totalmente este mist\u00e9rio! Jesus diz que conhece suas ovelhas como o Pai o conhece e ele conhece o Pai! \u00c9 imposs\u00edvel penetrar em t\u00e3o grande mist\u00e9rio! Conhecer, na B\u00edblia, quer dizer, ter uma intimidade profunda, uma total comunh\u00e3o de vida. A comunh\u00e3o de vida entre o Pai e o Filho \u00e9 total, \u00e9 plena. Pois bem, Jesus diz que essa mesma comunh\u00e3o ele tem com suas ovelhas.<\/p>\n<p style=\"text-align: justify;\">Jesus \u00e9 a porta das ovelhas! Para as ovelhas significa que Jesus \u00e9 o \u00fanico lugar de acesso para que as ovelhas possam encontrar as pastagens que d\u00e3o vida. Para os crist\u00e3os, o Pastor por excel\u00eancia \u00e9 Cristo: Ele recebeu do Pai a miss\u00e3o de conduzir o rebanho de Deus\u2026 Portanto, Cristo deve conduzir as nossas escolhas. Quem nos conduz? Qual \u00e9 a voz que escutamos? A voz da pol\u00edtica, a voz da opini\u00e3o p\u00fablica, a voz do comodismo e da instala\u00e7\u00e3o, a voz dos nossos privil\u00e9gios, a voz do \u00eaxito e do triunfo a qualquer custo, a voz da novela? A voz da televis\u00e3o? Cristo \u00e9 o nosso Pastor! Ele Conhece as ovelhas e as chama pelo nome, mantendo com cada uma delas uma rela\u00e7\u00e3o muito pessoal.<\/p>\n<p style=\"text-align: justify;\">O Divino Pastor \u00e9 quem pode, realmente, ajudar, salvar e conservar a vida. Ele afirmou: \u201cEu vim para que todos tenham a vida e a tenham em abund\u00e2ncia\u201d (Jo 10, 10). Para distinguir a Voz do Pastor \u00e9 preciso tr\u00eas coisas: \u2013 Uma vida de ora\u00e7\u00e3o intensa; um confronto permanente com a Palavra de Deus e uma participa\u00e7\u00e3o ativa nos sacramentos, onde recebemos a vida, que o Pastor nos oferece.<\/p>\n<p style=\"text-align: justify;\">Neste Domingo celebramos o Dia Mundial de Ora\u00e7\u00e3o pelas voca\u00e7\u00f5es sacerdotais e religiosas. Pe\u00e7amos ao Senhor, Bom Pastor, que d\u00ea \u00e0 Igreja e ao mundo pastores segundo o seu cora\u00e7\u00e3o, pastores que, N\u2019Ele e com Ele, estejam dispostos a fazer da vida uma total entrega pelo rebanho; pastores que tenham sempre presente qual a \u00fanica e imprescind\u00edvel condi\u00e7\u00e3o para pastorear o rebanho do Bom Pastor: \u201cSim\u00e3o, tu me amas? Apascenta as minhas ovelhas!\u201d (Jo 21,15s). Eis a condi\u00e7\u00e3o: amar o Pastor! Quem n\u00e3o \u00e9 apaixonado por Jesus n\u00e3o pode ser pastor do seu rebanho! N\u00e3o se trata de compet\u00eancia, de efici\u00eancia, de vedetismo ou brilhantismo; trata-se de amor! Se tu amas, ent\u00e3o apascenta! Como dizia Santo Agostinho, &#8220;apascentar \u00e9 of\u00edcio de quem ama.<\/p>\n","protected":false},"excerpt":{"rendered":"<p>Este Quarto Domingo da P\u00e1scoa \u00e9 conhecido como Domingo do Bom Pastor, pois nele se l\u00ea sempre um trecho do cap\u00edtulo 10 de S\u00e3o Jo\u00e3o, onde Jesus se revela como o Bom Pastor. Mas, o que isso tem a ver com o tempo lit\u00fargico que ora estamos vivendo? A resposta, curta e graciosa, encontra-se na [&hellip;]<\/p>\n","protected":false},"author":5,"featured_media":55819,"comment_status":"open","ping_status":"closed","sticky":false,"template":"","format":"standard","meta":{"footnotes":""},"categories":[9],"tags":[],"class_list":["post-88109","post","type-post","status-publish","format-standard","has-post-thumbnail","hentry","category-artigos"],"_links":{"self":[{"href":"https:\/\/catolicanet.net\/wp-cnet\/wp-json\/wp\/v2\/posts\/88109","targetHints":{"allow":["GET"]}}],"collection":[{"href":"https:\/\/catolicanet.net\/wp-cnet\/wp-json\/wp\/v2\/posts"}],"about":[{"href":"https:\/\/catolicanet.net\/wp-cnet\/wp-json\/wp\/v2\/types\/post"}],"author":[{"embeddable":true,"href":"https:\/\/catolicanet.net\/wp-cnet\/wp-json\/wp\/v2\/users\/5"}],"replies":[{"embeddable":true,"href":"https:\/\/catolicanet.net\/wp-cnet\/wp-json\/wp\/v2\/comments?post=88109"}],"version-history":[{"count":1,"href":"https:\/\/catolicanet.net\/wp-cnet\/wp-json\/wp\/v2\/posts\/88109\/revisions"}],"predecessor-version":[{"id":88111,"href":"https:\/\/catolicanet.net\/wp-cnet\/wp-json\/wp\/v2\/posts\/88109\/revisions\/88111"}],"wp:featuredmedia":[{"embeddable":true,"href":"https:\/\/catolicanet.net\/wp-cnet\/wp-json\/wp\/v2\/media\/55819"}],"wp:attachment":[{"href":"https:\/\/catolicanet.net\/wp-cnet\/wp-json\/wp\/v2\/media?parent=88109"}],"wp:term":[{"taxonomy":"category","embeddable":true,"href":"https:\/\/catolicanet.net\/wp-cnet\/wp-json\/wp\/v2\/categories?post=88109"},{"taxonomy":"post_tag","embeddable":true,"href":"https:\/\/catolicanet.net\/wp-cnet\/wp-json\/wp\/v2\/tags?post=88109"}],"curies":[{"name":"wp","href":"https:\/\/api.w.org\/{rel}","templated":true}]}}