{"id":88103,"date":"2024-04-22T09:00:26","date_gmt":"2024-04-22T12:00:26","guid":{"rendered":"https:\/\/catolicanet.net\/wp-cnet\/?p=88103"},"modified":"2024-04-22T15:01:23","modified_gmt":"2024-04-22T18:01:23","slug":"um-pais-plural","status":"publish","type":"post","link":"https:\/\/catolicanet.net\/wp-cnet\/um-pais-plural\/","title":{"rendered":"Um pa\u00eds plural"},"content":{"rendered":"<p style=\"text-align: justify;\">Neste dia 22 de abril de 2024 recordamos a chegada dos portugueses ao Brasil. J\u00e1 se passaram 524 anos e o nosso pa\u00eds ainda tem muito a se desenvolver. \u00c9 necess\u00e1rio avan\u00e7ar n\u00e3o no \u00e2mbito geogr\u00e1fico, mas no respeito ao pr\u00f3ximo e na dignidade humana.<\/p>\n<p style=\"text-align: justify;\">O pa\u00eds ainda tem muito a progredir no combate \u00e0 viol\u00eancia, ao tr\u00e1fico de drogas, oferecer sa\u00fade de qualidade para a popula\u00e7\u00e3o e boa educa\u00e7\u00e3o para as crian\u00e7as. Precisa crescer ainda numa maior oferta de trabalho e renda para a popula\u00e7\u00e3o e, com isso, combater o maior dos males, que \u00e9 a fome.<\/p>\n<p style=\"text-align: justify;\">Neste dia pe\u00e7amos a Deus para que essa terra seja aben\u00e7oada cada vez mais. Rezemos para que tenhamos bons governantes e que olhem para as necessidades da popula\u00e7\u00e3o. Somos privilegiados de certa maneira, pois no Brasil n\u00e3o temos terremotos, vulc\u00f5es, e outros fen\u00f4menos catastr\u00f3ficos. No Brasil tamb\u00e9m n\u00e3o h\u00e1 guerras, a n\u00e3o ser infelizmente as \u201cguerras urbanas\u201d que acompanhamos pelo pa\u00eds afora.<\/p>\n<p style=\"text-align: justify;\">Essa terra sempre foi aben\u00e7oada por Deus, tanto que os primeiros nomes dados ao nosso pa\u00eds assim que os portugueses assim chegaram foi: <em>\u201cIlha de Vera Cruz\u201d, \u201cTerra de Santa Cruz\u201d, <\/em>e ainda foi celebrada uma missa assim que aqui chegaram. \u00c9 claro que ao longo do tempo o nosso pa\u00eds passou por muitas transforma\u00e7\u00f5es, como por exemplo, tivemos duas capitais federais antes de ser a atual Bras\u00edlia, foram elas: S\u00e3o Salvador da Bahia e a nossa S\u00e3o Sebasti\u00e3o do Rio de Janeiro.<\/p>\n<p style=\"text-align: justify;\">A primeira missa aqui em terras brasileiras aconteceu no Domingo, dia do Senhor, no dia 26 de abril de 1500. O celebrante foi o Frei Henrique de Coimbra, OFM, que estava na comitiva de Pedro Alvares Cabral. Ap\u00f3s a celebra\u00e7\u00e3o da missa, os comandantes da expedi\u00e7\u00e3o decidiram enviar uma embarca\u00e7\u00e3o a Portugal para anunciar a nova terra. Pero Vaz de Caminha foi nomeado para relatar, com detalhes, as novidades da nova terra encontrada.<\/p>\n<p style=\"text-align: justify;\">Na verdade, o primeiro nome dado \u00e0s terras brasileiras, foi \u201cIlha de Vera Cruz\u201d, pois Pero Vaz de Caminha achava que o Brasil era uma grande ilha, depois alterou para \u201cTerra de Vera Cruz\u201d. Estima-se que quando os portugueses aqui chegaram havia sete milh\u00f5es de ind\u00edgenas habitando no Brasil.<\/p>\n<p style=\"text-align: justify;\">Repetindo o que aconteceu no dia do descobrimento do Brasil, somos convidados, na medida do poss\u00edvel, a participar da santa missa nesse dia rezando pela nossa p\u00e1tria e por cada um que vive nela.<\/p>\n<p style=\"text-align: justify;\">As controv\u00e9rsias das narrativas s\u00e3o grandes, pois alguns criticam o pa\u00eds e dizem que nunca foi descoberto pois Pedro \u00c1lvares Cabral e sua comitiva invadiram a terra que era dos ind\u00edgenas e outras coisas. Mas, \u00e9 uma data que marca um momento hist\u00f3rico que transformou esta terra, pois, bem ou mal vivemos aqui, ganhamos o p\u00e3o de cada dia nela, os filhos e netos estudam aqui e hoje numa grande miscigena\u00e7\u00e3o de etnias e nacionalidades.<\/p>\n<p style=\"text-align: justify;\">O Brasil \u00e9 o pa\u00eds do futebol e da alegria, mas \u00e9 tamb\u00e9m o pa\u00eds do trabalho, do esfor\u00e7o, do estudo, o brasileiro \u00e9 aquele que cai, mas sabe superar as dificuldades e seguir em frente. A nossa vida deve ser assim, n\u00e3o \u00e9 a todo momento vamos estar bem, em algum momento n\u00e3o estaremos, mas temos que aprender a superar aquele momento dif\u00edcil e seguir em frente que as coisas v\u00e3o melhorar. Assim \u00e9 o nosso pa\u00eds, tem momentos em que as coisas est\u00e3o bem, mas h\u00e1 momentos em que n\u00e3o, n\u00e3o devemos desanimar, mas seguir em frente que as coisas v\u00e3o melhorar. Temos que sempre acreditar e ter f\u00e9.<\/p>\n<p style=\"text-align: justify;\">Vivemos em uma \u201ccasa comum\u201d, como diz o Papa Francisco, muitas vezes somos respons\u00e1veis pelo bom andamento das coisas ou n\u00e3o. N\u00f3s somos respons\u00e1veis por cuidar para n\u00e3o poluir o meio ambiente, economizar \u00e1gua, economizar luz, deixando um futuro melhor para os filhos e netos. N\u00f3s tamb\u00e9m somos respons\u00e1veis em escolher os governantes, o voto \u00e9 muito importante, pois o futuro do pa\u00eds depende de nosso voto. Portanto, somos respons\u00e1veis por nossas escolhas e pelo futuro de nosso pa\u00eds.<\/p>\n<p style=\"text-align: justify;\">N\u00e3o esque\u00e7amos do nosso compromisso com o pa\u00eds e sua hist\u00f3ria e rezemos por nossa p\u00e1tria. Normalmente temos o costume de rezar por nossa p\u00e1tria somente no Dia da Independ\u00eancia do Brasil, mas esta data ded 22 abril \u00e9 importante, tanto que inclusive j\u00e1 foi at\u00e9 feriado. Primeiro fomos col\u00f4nia de Portugal e depois nos tornamos independentes. Como j\u00e1 dissemos acima recordando aquilo que aconteceu h\u00e1 524 anos atr\u00e1s se poss\u00edvel participe da missa nesse dia, pedindo que a nossa p\u00e1tria seja aben\u00e7oada cada vez mais.<\/p>\n","protected":false},"excerpt":{"rendered":"<p>Neste dia 22 de abril de 2024 recordamos a chegada dos portugueses ao Brasil. J\u00e1 se passaram 524 anos e o nosso pa\u00eds ainda tem muito a se desenvolver. \u00c9 necess\u00e1rio avan\u00e7ar n\u00e3o no \u00e2mbito geogr\u00e1fico, mas no respeito ao pr\u00f3ximo e na dignidade humana. O pa\u00eds ainda tem muito a progredir no combate \u00e0 [&hellip;]<\/p>\n","protected":false},"author":5,"featured_media":55819,"comment_status":"open","ping_status":"closed","sticky":false,"template":"","format":"standard","meta":{"footnotes":""},"categories":[9],"tags":[],"class_list":["post-88103","post","type-post","status-publish","format-standard","has-post-thumbnail","hentry","category-artigos"],"_links":{"self":[{"href":"https:\/\/catolicanet.net\/wp-cnet\/wp-json\/wp\/v2\/posts\/88103","targetHints":{"allow":["GET"]}}],"collection":[{"href":"https:\/\/catolicanet.net\/wp-cnet\/wp-json\/wp\/v2\/posts"}],"about":[{"href":"https:\/\/catolicanet.net\/wp-cnet\/wp-json\/wp\/v2\/types\/post"}],"author":[{"embeddable":true,"href":"https:\/\/catolicanet.net\/wp-cnet\/wp-json\/wp\/v2\/users\/5"}],"replies":[{"embeddable":true,"href":"https:\/\/catolicanet.net\/wp-cnet\/wp-json\/wp\/v2\/comments?post=88103"}],"version-history":[{"count":1,"href":"https:\/\/catolicanet.net\/wp-cnet\/wp-json\/wp\/v2\/posts\/88103\/revisions"}],"predecessor-version":[{"id":88105,"href":"https:\/\/catolicanet.net\/wp-cnet\/wp-json\/wp\/v2\/posts\/88103\/revisions\/88105"}],"wp:featuredmedia":[{"embeddable":true,"href":"https:\/\/catolicanet.net\/wp-cnet\/wp-json\/wp\/v2\/media\/55819"}],"wp:attachment":[{"href":"https:\/\/catolicanet.net\/wp-cnet\/wp-json\/wp\/v2\/media?parent=88103"}],"wp:term":[{"taxonomy":"category","embeddable":true,"href":"https:\/\/catolicanet.net\/wp-cnet\/wp-json\/wp\/v2\/categories?post=88103"},{"taxonomy":"post_tag","embeddable":true,"href":"https:\/\/catolicanet.net\/wp-cnet\/wp-json\/wp\/v2\/tags?post=88103"}],"curies":[{"name":"wp","href":"https:\/\/api.w.org\/{rel}","templated":true}]}}