{"id":88073,"date":"2024-04-22T09:25:54","date_gmt":"2024-04-22T12:25:54","guid":{"rendered":"https:\/\/catolicanet.net\/wp-cnet\/?p=88073"},"modified":"2024-04-22T14:33:05","modified_gmt":"2024-04-22T17:33:05","slug":"papa-aos-irmaos-da-instrucao-crista-a-guerra-faz-com-que-as-criancas-percam-o-sorriso","status":"publish","type":"post","link":"https:\/\/catolicanet.net\/wp-cnet\/papa-aos-irmaos-da-instrucao-crista-a-guerra-faz-com-que-as-criancas-percam-o-sorriso\/","title":{"rendered":"Papa aos Irm\u00e3os da Instru\u00e7\u00e3o Crist\u00e3: a guerra faz com que as crian\u00e7as percam o sorriso"},"content":{"rendered":"<figure class=\"article__image\" style=\"text-align: justify;\"><span class=\"didascalia_img\">Papa encontra os Irm\u00e3os da Instru\u00e7\u00e3o Crist\u00e3 de Plo\u00ebrmel\u00a0 (VATICAN MEDIA Divisione Foto)<\/span><\/figure>\n<div class=\"article__meta audioInside\" data-mediatype=\"\">\n<div class=\"article__subTitle\" style=\"text-align: justify;\">Papa Francisco recebeu na manh\u00e3 desta segunda-feira (22\/04) os participantes do Cap\u00edtulo geral dos Irm\u00e3os da Instru\u00e7\u00e3o Crist\u00e3 de Plo\u00ebrmel que tem como carisma a evangeliza\u00e7\u00e3o das crian\u00e7as e dos jovens por meio da educa\u00e7\u00e3o.<\/div>\n<div class=\"title__separator\" style=\"text-align: justify;\"><\/div>\n<div class=\"article__text\">\n<p style=\"text-align: justify;\"><b>Silvonei Jos\u00e9 \u2013 Vatican News<\/b><\/p>\n<p style=\"text-align: justify;\">\u201cA guerra faz isso: faz com que as crian\u00e7as percam seus sorrisos. Trabalhem para que elas recuperem a capacidade de sorrir\u201d: foi o que disse o Papa Francisco recebendo na manh\u00e3 desta segunda-feira (22\/04) os participantes do Cap\u00edtulo geral dos Irm\u00e3os da Instru\u00e7\u00e3o Crist\u00e3 de Plo\u00ebrmel que tem como carisma\u00a0<i>a evangeliza\u00e7\u00e3o das crian\u00e7as e dos jovens por meio da educa\u00e7\u00e3o<\/i>.<\/p>\n<div style=\"text-align: justify;\">\n<div class=\"article__embed article__embed--unwrap article__embed--dark\">\n<div class=\"article__innerTitle\">Ou\u00e7a e divulge<\/div>\n<div>\n<!--[if lt IE 9]><script>document.createElement('audio');<\/script><![endif]-->\n<audio class=\"wp-audio-shortcode\" id=\"audio-88073-1\" preload=\"none\" style=\"width: 100%;\" controls=\"controls\"><source type=\"audio\/mpeg\" src=\"https:\/\/media.vaticannews.va\/media\/audio\/s1\/2024\/04\/22\/11\/137917171_F137917171.mp3?_=1\" \/><a href=\"https:\/\/media.vaticannews.va\/media\/audio\/s1\/2024\/04\/22\/11\/137917171_F137917171.mp3\">https:\/\/media.vaticannews.va\/media\/audio\/s1\/2024\/04\/22\/11\/137917171_F137917171.mp3<\/a><\/audio>\n<\/div>\n<\/div>\n<\/div>\n<p style=\"text-align: justify;\">Este Cap\u00edtulo \u2013 recordou o Papa nas suas palavras &#8211; vem na esteira das celebra\u00e7\u00f5es do bicenten\u00e1rio do Instituto e lhe oferece a oportunidade de retornar \u00e0s ideias fundamentais que guiaram o Vener\u00e1vel Jean-Marie de La Mennais e o Padre Gabriel Dashayes. Hoje, seu trabalho est\u00e1 presente em v\u00e1rios pa\u00edses do mundo, porque eles acreditavam que tudo \u00e9 poss\u00edvel para aqueles que se entregam totalmente ao Senhor e se colocam a servi\u00e7o do desenvolvimento humano integral de cada pessoa. Nunca devemos nos esquecer de onde viemos e sempre ter em mente as motiva\u00e7\u00f5es de nossas a\u00e7\u00f5es.<\/p>\n<p style=\"text-align: justify;\">Francisco destacou ent\u00e3o o trabalho dos irm\u00e3os em regi\u00f5es do mundo onde h\u00e1 pobreza, desemprego entre os jovens e crises sociais de todos os tipos. O Papa exortou-os a serem pais daqueles a quem s\u00e3o enviados, pais que reflitam a face amorosa e compassiva de Deus.<\/p>\n<p style=\"text-align: justify;\">\u201cEm um mundo em constante mudan\u00e7a, voc\u00eas se colocam generosamente a servi\u00e7o dos jovens, atentos \u00e0s suas aspira\u00e7\u00f5es e, ao mesmo tempo, sempre voltados para Cristo, a regra suprema de suas vidas. Sua voca\u00e7\u00e3o os impele a ir aonde outros n\u00e3o v\u00e3o, \u00e0 periferia, \u00e0s pessoas que formam a categoria dos rejeitados, dos feridos pela vida e das v\u00edtimas. Que sua presen\u00e7a seja uma fonte de esperan\u00e7a para muitos\u201d.<\/p>\n<p style=\"text-align: justify;\">O Santo Padre sublinhou em seguida que em seu esp\u00edrito de fraternidade e acolhimento, que eles reconhe\u00e7am outra face da humanidade desfigurada pelas guerras, pela indiferen\u00e7a e pelo descarte dos mais fracos. Essas crian\u00e7as, esses jovens, &#8211; continuou &#8211; essas pessoas tamb\u00e9m t\u00eam sonhos, mas hoje, por tantas raz\u00f5es, s\u00e3o sonhos despeda\u00e7ados. Que o senhor os ajude a reviver seus sonhos, a acreditar neles e a realiz\u00e1-los! Francisco ent\u00e3o destacou:<\/p>\n<p style=\"text-align: justify;\"><i>&#8220;As crian\u00e7as brincam, mesmo sob bombas, em pa\u00edses em guerra. Quando vemos fotos desses pa\u00edses, h\u00e1 crian\u00e7as brincando; mas uma coisa me chama a aten\u00e7\u00e3o: quando as crian\u00e7as da Ucr\u00e2nia v\u00eam aqui a Roma, que se mudaram para c\u00e1 e vivem aqui, essas crian\u00e7as n\u00e3o sorriem: perderam o sorriso. A guerra faz isso: faz com que as crian\u00e7as percam seus sorrisos. Trabalhem para que elas recuperem a capacidade de sorrir&#8221;.<\/i><\/p>\n<p style=\"text-align: justify;\">O Santo Padre afirmou em seguida que a Igreja \u00e9 uma fam\u00edlia e todos n\u00f3s, na variedade de carismas e voca\u00e7\u00f5es, cooperamos para a salva\u00e7\u00e3o da humanidade. Nesse maravilhoso mist\u00e9rio de comunh\u00e3o, posso contar com sua confian\u00e7a filial e seu apego ao minist\u00e9rio do Sucessor de Pedro. \u201cEncorajo-os a trabalhar em estreita colabora\u00e7\u00e3o com as dioceses onde est\u00e3o em miss\u00e3o e com o fiel Povo de Deus; a afastar de suas vidas qualquer esp\u00edrito de orgulho, fechamento, divis\u00e3o e fofoca.<\/p>\n<p style=\"text-align: justify;\">Mais uma vez chamou a aten\u00e7\u00e3o sobre a fofoca:<\/p>\n<p style=\"text-align: justify;\"><i>&#8220;A fofoca faz muito mal \u00e0s comunidades religiosas. Um bom prop\u00f3sito para um religioso seria morder a l\u00edngua toda vez que sentir vontade de fofocar sobre o outro. Esse seria um bom prop\u00f3sito, n\u00e3o \u00e9 mesmo? De fato, &#8220;ser Igreja significa ser o Povo de Deus, de acordo com o grande plano de amor do Pai. Isso implica ser o fermento de Deus no meio da humanidade&#8221;.<\/i><\/p>\n<p style=\"text-align: justify;\">No final do Cap\u00edtulo, os membros renovar\u00e3o a consagra\u00e7\u00e3o do Instituto ao Imaculado Cora\u00e7\u00e3o de Maria. \u201cQue sua pedagogia \u2013 disse Francisco -seja sempre inspirada naquela que, com seu &#8220;sim&#8221; total, consentiu que o plano salv\u00edfico de Deus para a humanidade fosse realizado em sua pessoa. Que ela os ajude a cultivar o zelo de se colocar a servi\u00e7o, a cultivar a humildade, a confian\u00e7a em Deus e a alegria de ser servo de sua ternura e miseric\u00f3rdia.\u00a0<b>Por favor, n\u00e3o percam a alegria.<\/b>\u00a0<b>Por favor &#8230;<\/b><\/p>\n<\/div>\n<\/div>\n","protected":false},"excerpt":{"rendered":"<p>Papa encontra os Irm\u00e3os da Instru\u00e7\u00e3o Crist\u00e3 de Plo\u00ebrmel\u00a0 (VATICAN MEDIA Divisione Foto) Papa Francisco recebeu na manh\u00e3 desta segunda-feira (22\/04) os participantes do Cap\u00edtulo geral dos Irm\u00e3os da Instru\u00e7\u00e3o Crist\u00e3 de Plo\u00ebrmel que tem como carisma a evangeliza\u00e7\u00e3o das crian\u00e7as e dos jovens por meio da educa\u00e7\u00e3o. Silvonei Jos\u00e9 \u2013 Vatican News \u201cA guerra [&hellip;]<\/p>\n","protected":false},"author":1,"featured_media":88074,"comment_status":"open","ping_status":"closed","sticky":false,"template":"","format":"standard","meta":{"footnotes":""},"categories":[13,3],"tags":[],"class_list":["post-88073","post","type-post","status-publish","format-standard","has-post-thumbnail","hentry","category-featured","category-vaticano"],"_links":{"self":[{"href":"https:\/\/catolicanet.net\/wp-cnet\/wp-json\/wp\/v2\/posts\/88073","targetHints":{"allow":["GET"]}}],"collection":[{"href":"https:\/\/catolicanet.net\/wp-cnet\/wp-json\/wp\/v2\/posts"}],"about":[{"href":"https:\/\/catolicanet.net\/wp-cnet\/wp-json\/wp\/v2\/types\/post"}],"author":[{"embeddable":true,"href":"https:\/\/catolicanet.net\/wp-cnet\/wp-json\/wp\/v2\/users\/1"}],"replies":[{"embeddable":true,"href":"https:\/\/catolicanet.net\/wp-cnet\/wp-json\/wp\/v2\/comments?post=88073"}],"version-history":[{"count":1,"href":"https:\/\/catolicanet.net\/wp-cnet\/wp-json\/wp\/v2\/posts\/88073\/revisions"}],"predecessor-version":[{"id":88076,"href":"https:\/\/catolicanet.net\/wp-cnet\/wp-json\/wp\/v2\/posts\/88073\/revisions\/88076"}],"wp:featuredmedia":[{"embeddable":true,"href":"https:\/\/catolicanet.net\/wp-cnet\/wp-json\/wp\/v2\/media\/88074"}],"wp:attachment":[{"href":"https:\/\/catolicanet.net\/wp-cnet\/wp-json\/wp\/v2\/media?parent=88073"}],"wp:term":[{"taxonomy":"category","embeddable":true,"href":"https:\/\/catolicanet.net\/wp-cnet\/wp-json\/wp\/v2\/categories?post=88073"},{"taxonomy":"post_tag","embeddable":true,"href":"https:\/\/catolicanet.net\/wp-cnet\/wp-json\/wp\/v2\/tags?post=88073"}],"curies":[{"name":"wp","href":"https:\/\/api.w.org\/{rel}","templated":true}]}}