{"id":88065,"date":"2024-04-19T10:24:08","date_gmt":"2024-04-19T13:24:08","guid":{"rendered":"https:\/\/catolicanet.net\/wp-cnet\/?p=88065"},"modified":"2024-04-19T17:25:40","modified_gmt":"2024-04-19T20:25:40","slug":"comunicacao-da-61a-ag-cnbb-envolveu-estrategia-de-atuacao-multiplataforma-e-novas-linguagens","status":"publish","type":"post","link":"https:\/\/catolicanet.net\/wp-cnet\/comunicacao-da-61a-ag-cnbb-envolveu-estrategia-de-atuacao-multiplataforma-e-novas-linguagens\/","title":{"rendered":"COMUNICA\u00c7\u00c3O DA 61\u00aa AG CNBB ENVOLVEU ESTRAT\u00c9GIA DE ATUA\u00c7\u00c3O MULTIPLATAFORMA E NOVAS LINGUAGENS"},"content":{"rendered":"<p style=\"text-align: justify;\"><span data-contrast=\"auto\">Para comunicar tudo o que passa em 10 dias de atividades, uma equipe formada por 15 profissionais de distintas \u00e1reas \u00e9 respons\u00e1vel por toda a comunica\u00e7\u00e3o. Al\u00e9m dos colaboradores da Assessoria de Comunica\u00e7\u00e3o (Ascom) da Confer\u00eancia, somam-se voluntariamente assessores dos regionais, assessores da Comiss\u00e3o para Comunica\u00e7\u00e3o e coordena\u00e7\u00e3o da Pascom Brasil.<\/span><\/p>\n<p style=\"text-align: justify;\"><span data-contrast=\"auto\">O trabalho foi coordenado pelo Assessor de Comunica\u00e7\u00e3o da Confer\u00eancia, padre Arnaldo Rodrigues.\u00a0<\/span><span data-ccp-props=\"{&quot;335551550&quot;:6,&quot;335551620&quot;:6}\">\u00a0<\/span><span data-contrast=\"auto\">Para o sacerdote, o objetivo principal da Ascom CNBB \u00e9 criar e manter uma imagem positiva e propositiva.<\/span><\/p>\n<blockquote><p><span data-contrast=\"auto\">\u201cA Assessoria de Comunica\u00e7\u00e3o desempenha um papel fundamental na constru\u00e7\u00e3o e manuten\u00e7\u00e3o, da reputa\u00e7\u00e3o e imagem de uma organiza\u00e7\u00e3o perante a sociedade. A linha editorial adotada \u00e9 estabelecer rela\u00e7\u00f5es mais pr\u00f3ximas com as pessoas, criando narrativas que favore\u00e7am uma comunica\u00e7\u00e3o mais humanizada, como nos pede o Papa Francisco: \u201c\u00e9 o cora\u00e7\u00e3o que nos move para uma comunica\u00e7\u00e3o aberta e acolhedora\u201d, destacou.<\/span><span data-ccp-props=\"{&quot;335551550&quot;:6,&quot;335551620&quot;:6}\">\u00a0<\/span><\/p><\/blockquote>\n<p style=\"text-align: justify;\"><span data-ccp-props=\"{&quot;335551550&quot;:6,&quot;335551620&quot;:6}\">\u00a0<\/span><b><span data-contrast=\"auto\">Cobertura multiplataforma e novas linguagens\u00a0<\/span><\/b><span data-ccp-props=\"{&quot;335551550&quot;:6,&quot;335551620&quot;:6}\">\u00a0<\/span><\/p>\n<p style=\"text-align: justify;\"><span data-contrast=\"auto\"><img loading=\"lazy\" decoding=\"async\" class=\" wp-image-962018 alignright\" src=\"https:\/\/www.cnbb.org.br\/wp-content\/uploads\/2024\/04\/Captura-app-183x300.jpg\" sizes=\"auto, (max-width: 145px) 100vw, 145px\" srcset=\"https:\/\/www.cnbb.org.br\/wp-content\/uploads\/2024\/04\/Captura-app-183x300.jpg 183w, https:\/\/www.cnbb.org.br\/wp-content\/uploads\/2024\/04\/Captura-app.jpg 340w\" alt=\"\" width=\"145\" height=\"237\" \/>O diferencial da 61\u00aa Assembleia Geral \u00e9 a cobertura multiplataforma, explorando as linguagens pr\u00f3prias de cada m\u00eddia. Nas redes sociais, o boletim \u201cIgreja o Brasil\u201d e o CNBB Confere foram publicados diariamente, levando, em v\u00eddeo, um resumo dos principais assuntos da Assembleia.\u00a0<\/span><span data-ccp-props=\"{&quot;335551550&quot;:6,&quot;335551620&quot;:6}\">\u00a0<\/span><\/p>\n<p style=\"text-align: justify;\"><span data-contrast=\"auto\">Neste per\u00edodo, foram alcan\u00e7adas 620 mil contas, o que apresenta um aumento de 80% em rela\u00e7\u00e3o \u00e0s publica\u00e7\u00f5es ordin\u00e1rias. As transmiss\u00f5es de cerim\u00f4nias, celebra\u00e7\u00f5es e coletivas totalizaram 36.\u00a0<\/span><span data-ccp-props=\"{&quot;335551550&quot;:6,&quot;335551620&quot;:6}\">\u00a0<\/span><\/p>\n<p style=\"text-align: justify;\"><span data-contrast=\"auto\">Uma das novidades da assembleia, o CNBB Podcast, contou com 13 edi\u00e7\u00f5es, nas quais foram abordados os destaques da atualiza\u00e7\u00e3o das Diretrizes, os temas centrais e curiosidades do dia a dia do \u00f3rg\u00e3o m\u00e1ximo da CNBB, como a participa\u00e7\u00e3o do bispo mais jovem e do bispo mais idoso. As emissoras de r\u00e1dio tamb\u00e9m receberam diariamente boletins informativos para veicula\u00e7\u00e3o em sua grade.\u00a0<\/span><span data-ccp-props=\"{&quot;335551550&quot;:6,&quot;335551620&quot;:6}\">\u00a0<\/span><\/p>\n<p style=\"text-align: justify;\"><span data-contrast=\"auto\">Um ponto de destaque na comunica\u00e7\u00e3o \u00e9 a participa\u00e7\u00e3o da imprensa de inspira\u00e7\u00e3o cat\u00f3lica e secular. Foram 201 profissionais credenciados, o maior n\u00famero dos \u00faltimos anos. Foram realizadas 9 coletivas ao longo da assembleia e mais de 350 atendimentos individuais para entrevistas e participa\u00e7\u00e3o em programas.\u00a0\u00a0<\/span><span data-ccp-props=\"{&quot;335551550&quot;:6,&quot;335551620&quot;:6}\">\u00a0<\/span><\/p>\n<p style=\"text-align: justify;\"><span data-contrast=\"auto\">De 10 a 19 de abril, o portal oficial da Confer\u00eancia obteve mais de 22 mil acessos somente com a cobertura da Assembleia. O acervo fotogr\u00e1fico da Assembleia conta com mais de 2 mil fotos de todas as atividades, com total 5.700 acessos no\u00a0<\/span><a href=\"https:\/\/www.flickr.com\/photos\/cnbbnacional\/albums\/\" target=\"_blank\" rel=\"noopener\"><span data-contrast=\"none\">perfil do Flickr<\/span><\/a><span data-contrast=\"auto\">.<\/span><span data-ccp-props=\"{&quot;335551550&quot;:6,&quot;335551620&quot;:6}\">\u00a0<\/span><\/p>\n<figure id=\"attachment_962040\" class=\"wp-caption aligncenter\" aria-describedby=\"caption-attachment-962040\"><img loading=\"lazy\" decoding=\"async\" class=\"wp-image-962040 size-large\" src=\"https:\/\/www.cnbb.org.br\/wp-content\/uploads\/2024\/04\/Equipe-de-Comunicacao-da-61a-AG-CNBB-1024x768.jpeg\" sizes=\"auto, (max-width: 1024px) 100vw, 1024px\" srcset=\"https:\/\/www.cnbb.org.br\/wp-content\/uploads\/2024\/04\/Equipe-de-Comunicacao-da-61a-AG-CNBB-1024x768.jpeg 1024w, https:\/\/www.cnbb.org.br\/wp-content\/uploads\/2024\/04\/Equipe-de-Comunicacao-da-61a-AG-CNBB-300x225.jpeg 300w, https:\/\/www.cnbb.org.br\/wp-content\/uploads\/2024\/04\/Equipe-de-Comunicacao-da-61a-AG-CNBB-768x576.jpeg 768w, https:\/\/www.cnbb.org.br\/wp-content\/uploads\/2024\/04\/Equipe-de-Comunicacao-da-61a-AG-CNBB-1536x1152.jpeg 1536w, https:\/\/www.cnbb.org.br\/wp-content\/uploads\/2024\/04\/Equipe-de-Comunicacao-da-61a-AG-CNBB-500x375.jpeg 500w, https:\/\/www.cnbb.org.br\/wp-content\/uploads\/2024\/04\/Equipe-de-Comunicacao-da-61a-AG-CNBB-800x600.jpeg 800w, https:\/\/www.cnbb.org.br\/wp-content\/uploads\/2024\/04\/Equipe-de-Comunicacao-da-61a-AG-CNBB.jpeg 1600w\" alt=\"\" width=\"1024\" height=\"768\" \/><figcaption id=\"caption-attachment-962040\" class=\"wp-caption-text\">Equipe de Comunica\u00e7\u00e3o da 61\u00aa AG CNBB formada 15 profissionais \u00e1reas distintas. | Foto: Padre Thiago Faccini<\/figcaption><\/figure>\n","protected":false},"excerpt":{"rendered":"<p>Para comunicar tudo o que passa em 10 dias de atividades, uma equipe formada por 15 profissionais de distintas \u00e1reas \u00e9 respons\u00e1vel por toda a comunica\u00e7\u00e3o. Al\u00e9m dos colaboradores da Assessoria de Comunica\u00e7\u00e3o (Ascom) da Confer\u00eancia, somam-se voluntariamente assessores dos regionais, assessores da Comiss\u00e3o para Comunica\u00e7\u00e3o e coordena\u00e7\u00e3o da Pascom Brasil. O trabalho foi coordenado [&hellip;]<\/p>\n","protected":false},"author":1,"featured_media":88066,"comment_status":"open","ping_status":"closed","sticky":false,"template":"","format":"standard","meta":{"footnotes":""},"categories":[7],"tags":[],"class_list":["post-88065","post","type-post","status-publish","format-standard","has-post-thumbnail","hentry","category-cnbb"],"_links":{"self":[{"href":"https:\/\/catolicanet.net\/wp-cnet\/wp-json\/wp\/v2\/posts\/88065","targetHints":{"allow":["GET"]}}],"collection":[{"href":"https:\/\/catolicanet.net\/wp-cnet\/wp-json\/wp\/v2\/posts"}],"about":[{"href":"https:\/\/catolicanet.net\/wp-cnet\/wp-json\/wp\/v2\/types\/post"}],"author":[{"embeddable":true,"href":"https:\/\/catolicanet.net\/wp-cnet\/wp-json\/wp\/v2\/users\/1"}],"replies":[{"embeddable":true,"href":"https:\/\/catolicanet.net\/wp-cnet\/wp-json\/wp\/v2\/comments?post=88065"}],"version-history":[{"count":1,"href":"https:\/\/catolicanet.net\/wp-cnet\/wp-json\/wp\/v2\/posts\/88065\/revisions"}],"predecessor-version":[{"id":88068,"href":"https:\/\/catolicanet.net\/wp-cnet\/wp-json\/wp\/v2\/posts\/88065\/revisions\/88068"}],"wp:featuredmedia":[{"embeddable":true,"href":"https:\/\/catolicanet.net\/wp-cnet\/wp-json\/wp\/v2\/media\/88066"}],"wp:attachment":[{"href":"https:\/\/catolicanet.net\/wp-cnet\/wp-json\/wp\/v2\/media?parent=88065"}],"wp:term":[{"taxonomy":"category","embeddable":true,"href":"https:\/\/catolicanet.net\/wp-cnet\/wp-json\/wp\/v2\/categories?post=88065"},{"taxonomy":"post_tag","embeddable":true,"href":"https:\/\/catolicanet.net\/wp-cnet\/wp-json\/wp\/v2\/tags?post=88065"}],"curies":[{"name":"wp","href":"https:\/\/api.w.org\/{rel}","templated":true}]}}