{"id":88053,"date":"2024-04-19T10:48:05","date_gmt":"2024-04-19T13:48:05","guid":{"rendered":"https:\/\/catolicanet.net\/wp-cnet\/?p=88053"},"modified":"2024-04-19T16:50:07","modified_gmt":"2024-04-19T19:50:07","slug":"os-irresponsaveis-e-a-responsabilidade-dos-povos","status":"publish","type":"post","link":"https:\/\/catolicanet.net\/wp-cnet\/os-irresponsaveis-e-a-responsabilidade-dos-povos\/","title":{"rendered":"Os irrespons\u00e1veis e a responsabilidade dos povos"},"content":{"rendered":"<p>Uma mulher em Gaza (AFP or licensors)<\/p>\n<div class=\"article__subTitle\" style=\"text-align: justify;\">Cen\u00e1rios de guerra e o grito de paz que se eleva dos povos<\/div>\n<div class=\"title__separator\" style=\"text-align: justify;\"><\/div>\n<div class=\"article__text\">\n<p style=\"text-align: justify;\"><b>Andrea Tornielli<\/b><\/p>\n<div style=\"text-align: justify;\">\n<div class=\"article__embed article__embed--unwrap article__embed--dark\">\n<div class=\"article__innerTitle\">Ou\u00e7a o Editorial e compartilhe<\/div>\n<div>\n<!--[if lt IE 9]><script>document.createElement('audio');<\/script><![endif]-->\n<audio class=\"wp-audio-shortcode\" id=\"audio-88053-1\" preload=\"none\" style=\"width: 100%;\" controls=\"controls\"><source type=\"audio\/mpeg\" src=\"https:\/\/media.vaticannews.va\/media\/audio\/s1\/2024\/04\/19\/12\/137914508_F137914508.mp3?_=1\" \/><a href=\"https:\/\/media.vaticannews.va\/media\/audio\/s1\/2024\/04\/19\/12\/137914508_F137914508.mp3\">https:\/\/media.vaticannews.va\/media\/audio\/s1\/2024\/04\/19\/12\/137914508_F137914508.mp3<\/a><\/audio>\n<\/div>\n<\/div>\n<\/div>\n<p style=\"text-align: justify;\">O que aconteceu nos \u00faltimos seis meses e, infelizmente, est\u00e1 acontecendo hoje no Oriente M\u00e9dio mant\u00e9m o mundo em suspense. A cruel agress\u00e3o em Israel perpetrada pelo Hamas, com a morte de 1.200 pessoas, a maioria civis pac\u00edficos; o bombardeio em massa e a invas\u00e3o da Faixa de Gaza, que deixou quase 34. 000 mortos, em sua maioria civis, muitos deles crian\u00e7as; o ataque que destruiu o pr\u00e9dio de uma sede diplom\u00e1tica iraniana em Damasco; a resposta do Ir\u00e3 com ataques de drones e m\u00edsseis contra alvos militares israelenses e, hoje, a resposta de Israel atacando alvos militares no Ir\u00e3: o risco de a escalada degenerar em escolhas sem retorno, arrastando o mundo inteiro para um conflito de consequ\u00eancias incalcul\u00e1veis, torna-se mais real a cada dia.<\/p>\n<p style=\"text-align: justify;\">Com o Papa Francisco, o \u00fanico l\u00edder mundial de cujas palavras emerge uma consci\u00eancia da tr\u00e1gica encruzilhada que enfrentamos, dizemos n\u00e3o \u00e0 guerra, n\u00e3o \u00e0 viol\u00eancia, sim \u00e0 paz, sim \u00e0 negocia\u00e7\u00e3o. H\u00e1 mais de vinte anos, ap\u00f3s o ataque terrorista de 11 de setembro no cora\u00e7\u00e3o dos Estados Unidos, S\u00e3o Jo\u00e3o Paulo II publicou uma mensagem significativa para o Dia Mundial da Paz intitulada &#8220;N\u00e3o h\u00e1 paz sem justi\u00e7a, n\u00e3o h\u00e1 justi\u00e7a sem perd\u00e3o&#8221;. Palavras verdadeiras, palavras prof\u00e9ticas. A l\u00f3gica da rea\u00e7\u00e3o e da vingan\u00e7a, da resposta que sempre deve se seguir, desencadeia uma espiral da qual \u00e9 dif\u00edcil sair e cujas consequ\u00eancias catastr\u00f3ficas ser\u00e3o pagas pelos povos.<\/p>\n<div style=\"text-align: justify;\">\n<aside class=\"article__readmore\">\n<div class=\"teaser--labelEvidence teaser teaser--type-audio audioInside \">\n<article>\n<div class=\"teaser__labelWrapper\"><\/div>\n<\/article>\n<\/div>\n<\/aside>\n<\/div>\n<p style=\"text-align: justify;\">Em um mundo onde existem pessoas irrespons\u00e1veis que, em vez de investir na luta contra a fome, na melhoria dos servi\u00e7os de sa\u00fade, na energia renov\u00e1vel, na cria\u00e7\u00e3o de uma economia menos subserviente aos senhores das finan\u00e7as e mais atenta ao bem comum, pensam apenas em investir enormes somas no rearmamento, nos instrumentos mais sofisticados para produzir morte e destrui\u00e7\u00e3o, o apelo n\u00e3o pode deixar de ser dirigido \u00e0 responsabilidade dos povos. Enquanto os crentes elevam ora\u00e7\u00f5es a Deus para inspirar as escolhas dos governantes, milh\u00f5es de pessoas unem suas vozes para elevar um grito de paz. A guerra \u00e9 uma aventura sem retorno: em um mundo com arsenais repletos de armas nucleares, essas palavras dramaticamente verdadeiras se tornam cada vez mais reais a cada dia.<\/p>\n<\/div>\n","protected":false},"excerpt":{"rendered":"<p>Uma mulher em Gaza (AFP or licensors) Cen\u00e1rios de guerra e o grito de paz que se eleva dos povos Andrea Tornielli Ou\u00e7a o Editorial e compartilhe O que aconteceu nos \u00faltimos seis meses e, infelizmente, est\u00e1 acontecendo hoje no Oriente M\u00e9dio mant\u00e9m o mundo em suspense. A cruel agress\u00e3o em Israel perpetrada pelo Hamas, [&hellip;]<\/p>\n","protected":false},"author":1,"featured_media":88054,"comment_status":"open","ping_status":"closed","sticky":false,"template":"","format":"standard","meta":{"footnotes":""},"categories":[3],"tags":[],"class_list":["post-88053","post","type-post","status-publish","format-standard","has-post-thumbnail","hentry","category-vaticano"],"_links":{"self":[{"href":"https:\/\/catolicanet.net\/wp-cnet\/wp-json\/wp\/v2\/posts\/88053","targetHints":{"allow":["GET"]}}],"collection":[{"href":"https:\/\/catolicanet.net\/wp-cnet\/wp-json\/wp\/v2\/posts"}],"about":[{"href":"https:\/\/catolicanet.net\/wp-cnet\/wp-json\/wp\/v2\/types\/post"}],"author":[{"embeddable":true,"href":"https:\/\/catolicanet.net\/wp-cnet\/wp-json\/wp\/v2\/users\/1"}],"replies":[{"embeddable":true,"href":"https:\/\/catolicanet.net\/wp-cnet\/wp-json\/wp\/v2\/comments?post=88053"}],"version-history":[{"count":1,"href":"https:\/\/catolicanet.net\/wp-cnet\/wp-json\/wp\/v2\/posts\/88053\/revisions"}],"predecessor-version":[{"id":88056,"href":"https:\/\/catolicanet.net\/wp-cnet\/wp-json\/wp\/v2\/posts\/88053\/revisions\/88056"}],"wp:featuredmedia":[{"embeddable":true,"href":"https:\/\/catolicanet.net\/wp-cnet\/wp-json\/wp\/v2\/media\/88054"}],"wp:attachment":[{"href":"https:\/\/catolicanet.net\/wp-cnet\/wp-json\/wp\/v2\/media?parent=88053"}],"wp:term":[{"taxonomy":"category","embeddable":true,"href":"https:\/\/catolicanet.net\/wp-cnet\/wp-json\/wp\/v2\/categories?post=88053"},{"taxonomy":"post_tag","embeddable":true,"href":"https:\/\/catolicanet.net\/wp-cnet\/wp-json\/wp\/v2\/tags?post=88053"}],"curies":[{"name":"wp","href":"https:\/\/api.w.org\/{rel}","templated":true}]}}