{"id":88049,"date":"2024-04-19T10:45:59","date_gmt":"2024-04-19T13:45:59","guid":{"rendered":"https:\/\/catolicanet.net\/wp-cnet\/?p=88049"},"modified":"2024-04-19T16:47:38","modified_gmt":"2024-04-19T19:47:38","slug":"israel-ataca-o-ira-atingida-base-militar-nenhum-dano-as-instalacoes-nucleares","status":"publish","type":"post","link":"https:\/\/catolicanet.net\/wp-cnet\/israel-ataca-o-ira-atingida-base-militar-nenhum-dano-as-instalacoes-nucleares\/","title":{"rendered":"Israel ataca o Ir\u00e3, atingida base militar: nenhum dano \u00e0s instala\u00e7\u00f5es nucleares"},"content":{"rendered":"<div class=\"mediaContent__inner \">\n<figure class=\"article__image\" style=\"text-align: justify;\"><span class=\"didascalia_img\">Militares montam guarda em uma instala\u00e7\u00e3o nuclear em Isfahan, no Ir\u00e3, em 19 de abril de 2024 (Reuters)<\/span><\/figure>\n<\/div>\n<article class=\"article \">\n<div class=\"article__meta audioInside\" data-mediatype=\"foto\">\n<div class=\"article__subTitle\" style=\"text-align: justify;\">O Ir\u00e3 ativou imediatamente sua defesa a\u00e9rea e, de acordo com v\u00e1rias ag\u00eancias de not\u00edcias iranianas, n\u00e3o foram relatados grandes danos. Afirma-se que as instala\u00e7\u00f5es nucleares em si est\u00e3o &#8220;completamente seguras&#8221; ap\u00f3s os ataques. A confirma\u00e7\u00e3o nesse sentido tamb\u00e9m vem diretamente da Ag\u00eancia Internacional de Energia At\u00f4mica (Aiea). &#8220;Enviar um sinal ao Ir\u00e3 de que Israel tem a capacidade de atacar dentro do pa\u00eds&#8221;: de acordo com uma autoridade israelense ao Washington Post, esse \u00e9 o objetivo do ataque<\/div>\n<div class=\"title__separator\" style=\"text-align: justify;\"><\/div>\n<div class=\"article__text\">\n<p style=\"text-align: justify;\"><b>Vatican News<\/b><\/p>\n<div style=\"text-align: justify;\">\n<div class=\"article__embed article__embed--unwrap article__embed--dark\">\n<div class=\"article__innerTitle\">Ou\u00e7a e compartilhe<\/div>\n<div>\n<!--[if lt IE 9]><script>document.createElement('audio');<\/script><![endif]-->\n<audio class=\"wp-audio-shortcode\" id=\"audio-88049-1\" preload=\"none\" style=\"width: 100%;\" controls=\"controls\"><source type=\"audio\/mpeg\" src=\"https:\/\/media.vaticannews.va\/media\/audio\/s1\/2024\/04\/19\/11\/137914222_F137914222.mp3?_=1\" \/><a href=\"https:\/\/media.vaticannews.va\/media\/audio\/s1\/2024\/04\/19\/11\/137914222_F137914222.mp3\">https:\/\/media.vaticannews.va\/media\/audio\/s1\/2024\/04\/19\/11\/137914222_F137914222.mp3<\/a><\/audio>\n<\/div>\n<\/div>\n<\/div>\n<p style=\"text-align: justify;\">A resposta de Tel Aviv ao Ir\u00e3 veio na manh\u00e3 desta sexta-feira, 19 de abril, dia do 85\u00ba anivers\u00e1rio do Gr\u00e3o Aiatol\u00e1 Ali Khamenei. M\u00edsseis e drones israelenses atingiram uma base militar perto de Isfahan, em retalia\u00e7\u00e3o ao ataque do \u00faltimo s\u00e1bado. Cerca de 300 m\u00edsseis teriam sido disparados contra Israel a partir dessa base. A cidade iraniana \u00e9 conhecida por sua usina de energia at\u00f4mica e \u00e9 tamb\u00e9m um tesouro da hist\u00f3ria e dos monumentos do pa\u00eds.<\/p>\n<p style=\"text-align: justify;\">O Ir\u00e3 ativou imediatamente sua defesa a\u00e9rea e, de acordo com v\u00e1rias ag\u00eancias de not\u00edcias iranianas, n\u00e3o foram relatados grandes danos. Afirma-se que as instala\u00e7\u00f5es nucleares em si est\u00e3o &#8220;completamente seguras&#8221; ap\u00f3s os ataques, e &#8220;nenhum acidente foi relatado&#8221;. A confirma\u00e7\u00e3o nesse sentido tamb\u00e9m vem diretamente da Ag\u00eancia Internacional de Energia At\u00f4mica (Aiea), no perfil oficial da ag\u00eancia no X. &#8220;O diretor geral da Aiea, Rafael Grossi, continua a pedir extrema modera\u00e7\u00e3o de todos e reitera que as instala\u00e7\u00f5es nucleares nunca devem ser um alvo em conflitos militares.&#8221;<\/p>\n<p style=\"text-align: justify;\">De acordo com as reconstru\u00e7\u00f5es e an\u00e1lises iniciais citadas pela televis\u00e3o estatal de Teer\u00e3, os mini-drones abatidos pelas defesas a\u00e9reas em Isfahan foram &#8220;pilotados por infiltrados dentro do Ir\u00e3&#8221;. Assim, &#8220;n\u00e3o haveria nenhuma indica\u00e7\u00e3o de um ataque externo contra o Ir\u00e3&#8221;.<\/p>\n<h2 style=\"text-align: justify;\">Sinal de que Israel tem a capacidade de atacar dentro do pa\u00eds<\/h2>\n<p style=\"text-align: justify;\">&#8220;Enviar um sinal ao Ir\u00e3 de que Israel tem a capacidade de atacar dentro do pa\u00eds&#8221;: de acordo com uma autoridade israelense ao Washington Post, esse \u00e9 o objetivo do ataque israelense contra o territ\u00f3rio iraniano. Israel avisou Washington sobre o ataque, que, segundo autoridades estadunidenses citadas pela Nbc e pela Cnn, &#8220;n\u00e3o aprovou a resposta&#8221;.<\/p>\n<p style=\"text-align: justify;\">Por sua vez, a embaixada dos EUA em Jerusal\u00e9m emitiu um alerta de seguran\u00e7a para os funcion\u00e1rios e suas fam\u00edlias, solicitando que limitassem as viagens \u00e0s \u00e1reas de Tel Aviv, Beersheba e Jerusal\u00e9m por &#8220;precau\u00e7\u00e3o ap\u00f3s relatos do ataque retaliat\u00f3rio dentro do Ir\u00e3&#8221;.<\/p>\n<p style=\"text-align: justify;\">Um alerta de 72 horas no Golfo P\u00e9rsico emitido pela ag\u00eancia de seguran\u00e7a mar\u00edtima brit\u00e2nica Ukmto ap\u00f3s o ataque israelense no Ir\u00e3: &#8220;As embarca\u00e7\u00f5es que transitam pelo Golfo P\u00e9rsico e pela \u00e1rea ocidental do Oceano \u00cdndico poderim registrar um aumento na atividade de drones na regi\u00e3o&#8221;, diz o boletim. &#8220;No momento, n\u00e3o h\u00e1 indica\u00e7\u00f5es de navios mercantes na regi\u00e3o. Os comandantes devem relatar qualquer atividade suspeita de drones&#8221; \u00e0 referida ag\u00eancia de seguran\u00e7a mar\u00edtima, pede o alerta.<\/p>\n<p style=\"text-align: justify;\">(com Sir)<\/p>\n<\/div>\n<\/div>\n<\/article>\n","protected":false},"excerpt":{"rendered":"<p>Militares montam guarda em uma instala\u00e7\u00e3o nuclear em Isfahan, no Ir\u00e3, em 19 de abril de 2024 (Reuters) O Ir\u00e3 ativou imediatamente sua defesa a\u00e9rea e, de acordo com v\u00e1rias ag\u00eancias de not\u00edcias iranianas, n\u00e3o foram relatados grandes danos. Afirma-se que as instala\u00e7\u00f5es nucleares em si est\u00e3o &#8220;completamente seguras&#8221; ap\u00f3s os ataques. A confirma\u00e7\u00e3o nesse [&hellip;]<\/p>\n","protected":false},"author":1,"featured_media":88050,"comment_status":"open","ping_status":"closed","sticky":false,"template":"","format":"standard","meta":{"footnotes":""},"categories":[3],"tags":[],"class_list":["post-88049","post","type-post","status-publish","format-standard","has-post-thumbnail","hentry","category-vaticano"],"_links":{"self":[{"href":"https:\/\/catolicanet.net\/wp-cnet\/wp-json\/wp\/v2\/posts\/88049","targetHints":{"allow":["GET"]}}],"collection":[{"href":"https:\/\/catolicanet.net\/wp-cnet\/wp-json\/wp\/v2\/posts"}],"about":[{"href":"https:\/\/catolicanet.net\/wp-cnet\/wp-json\/wp\/v2\/types\/post"}],"author":[{"embeddable":true,"href":"https:\/\/catolicanet.net\/wp-cnet\/wp-json\/wp\/v2\/users\/1"}],"replies":[{"embeddable":true,"href":"https:\/\/catolicanet.net\/wp-cnet\/wp-json\/wp\/v2\/comments?post=88049"}],"version-history":[{"count":1,"href":"https:\/\/catolicanet.net\/wp-cnet\/wp-json\/wp\/v2\/posts\/88049\/revisions"}],"predecessor-version":[{"id":88052,"href":"https:\/\/catolicanet.net\/wp-cnet\/wp-json\/wp\/v2\/posts\/88049\/revisions\/88052"}],"wp:featuredmedia":[{"embeddable":true,"href":"https:\/\/catolicanet.net\/wp-cnet\/wp-json\/wp\/v2\/media\/88050"}],"wp:attachment":[{"href":"https:\/\/catolicanet.net\/wp-cnet\/wp-json\/wp\/v2\/media?parent=88049"}],"wp:term":[{"taxonomy":"category","embeddable":true,"href":"https:\/\/catolicanet.net\/wp-cnet\/wp-json\/wp\/v2\/categories?post=88049"},{"taxonomy":"post_tag","embeddable":true,"href":"https:\/\/catolicanet.net\/wp-cnet\/wp-json\/wp\/v2\/tags?post=88049"}],"curies":[{"name":"wp","href":"https:\/\/api.w.org\/{rel}","templated":true}]}}