{"id":88037,"date":"2024-04-16T10:29:46","date_gmt":"2024-04-16T13:29:46","guid":{"rendered":"https:\/\/catolicanet.net\/wp-cnet\/?p=88037"},"modified":"2024-04-16T16:31:16","modified_gmt":"2024-04-16T19:31:16","slug":"o-que-suas-distracoes-na-oracao-dizem-sobre-voce","status":"publish","type":"post","link":"https:\/\/catolicanet.net\/wp-cnet\/o-que-suas-distracoes-na-oracao-dizem-sobre-voce\/","title":{"rendered":"O que suas distra\u00e7\u00f5es na ora\u00e7\u00e3o dizem sobre voc\u00ea?"},"content":{"rendered":"<p style=\"text-align: justify;\"><span class=\"subtitle\"><span>As distra\u00e7\u00f5es interiores durante a ora\u00e7\u00e3o s\u00e3o um obst\u00e1culo dif\u00edcil de superar e muitas vezes podem revelar mais sobre o estado da nossa alma.<\/span><\/span><\/p>\n<p style=\"text-align: justify;\"><span>Normalmente, quando a maioria de n\u00f3s tenta orar, somos bombardeados por v\u00e1rias distra\u00e7\u00f5es, tanto internas quanto externas.<\/span><\/p>\n<p style=\"text-align: justify;\"><span>As distra\u00e7\u00f5es externas s\u00e3o mais f\u00e1ceis de controlar, pois geralmente envolvem desligar o r\u00e1dio, silenciar o celular ou ir para um local mais isolado. Em contraste, as distra\u00e7\u00f5es internas s\u00e3o mais dif\u00edceis de lidar, pois geralmente v\u00eam da nossa pr\u00f3pria mente divagante.<\/span><\/p>\n<p style=\"text-align: justify;\"><span>O Catecismo da Igreja Cat\u00f3lica descreve este obst\u00e1culo comum \u00e0 ora\u00e7\u00e3o:<\/span><\/p>\n<blockquote class=\"wp-block-quote is-layout-flow wp-block-quote-is-layout-flow\"><p><span>A dificuldade habitual na ora\u00e7\u00e3o \u00e9 a distra\u00e7\u00e3o. Pode afetar as palavras e seu significado na frase vocal; Pode dizer respeito, mais profundamente, \u00e0quele a quem rezamos, na ora\u00e7\u00e3o vocal (lit\u00fargica ou pessoal), na medita\u00e7\u00e3o e na ora\u00e7\u00e3o contemplativa.<\/span><\/p>\n<p><cite><a href=\"https:\/\/www.vatican.va\/archive\/catechism_sp\/p4s1c3a2_sp.html\" target=\"_blank\" rel=\"noreferrer noopener\"><span>CIC 2729<\/span><\/a><\/cite><\/p><\/blockquote>\n<div class=\"wp-block-aleteia-heading3\" style=\"text-align: justify;\">\n<h2><span>Como combater as distra\u00e7\u00f5es durante a ora\u00e7\u00e3o<\/span><\/h2>\n<\/div>\n<div class=\"block-image-copyrigth-wrap\" style=\"text-align: justify;\">\n<figure class=\"wp-block-image size-large is-resized\"><img loading=\"lazy\" decoding=\"async\" class=\"wp-image-23359 css-1jd3zev\" src=\"https:\/\/wp.es.aleteia.org\/wp-content\/uploads\/sites\/7\/2015\/04\/zopmobkhukjqiog1x38nh0gduumz5gwgqtk5pfcf7xvssrvenadoibdjjc1guptii5u_8a5gcfca_tkwlqujny8q6mm.jpg?w=512\" sizes=\"auto, (max-width: 512px) 100vw, 512px\" srcset=\"https:\/\/wp.es.aleteia.org\/wp-content\/uploads\/sites\/7\/2015\/04\/zopmobkhukjqiog1x38nh0gduumz5gwgqtk5pfcf7xvssrvenadoibdjjc1guptii5u_8a5gcfca_tkwlqujny8q6mm.jpg 512w, https:\/\/wp.es.aleteia.org\/wp-content\/uploads\/sites\/7\/2015\/04\/zopmobkhukjqiog1x38nh0gduumz5gwgqtk5pfcf7xvssrvenadoibdjjc1guptii5u_8a5gcfca_tkwlqujny8q6mm.jpg?resize=150,100 150w, https:\/\/wp.es.aleteia.org\/wp-content\/uploads\/sites\/7\/2015\/04\/zopmobkhukjqiog1x38nh0gduumz5gwgqtk5pfcf7xvssrvenadoibdjjc1guptii5u_8a5gcfca_tkwlqujny8q6mm.jpg?resize=300,200 300w, https:\/\/wp.es.aleteia.org\/wp-content\/uploads\/sites\/7\/2015\/04\/zopmobkhukjqiog1x38nh0gduumz5gwgqtk5pfcf7xvssrvenadoibdjjc1guptii5u_8a5gcfca_tkwlqujny8q6mm.jpg?resize=360,240 360w, https:\/\/wp.es.aleteia.org\/wp-content\/uploads\/sites\/7\/2015\/04\/zopmobkhukjqiog1x38nh0gduumz5gwgqtk5pfcf7xvssrvenadoibdjjc1guptii5u_8a5gcfca_tkwlqujny8q6mm.jpg?resize=375,250 375w, https:\/\/wp.es.aleteia.org\/wp-content\/uploads\/sites\/7\/2015\/04\/zopmobkhukjqiog1x38nh0gduumz5gwgqtk5pfcf7xvssrvenadoibdjjc1guptii5u_8a5gcfca_tkwlqujny8q6mm.jpg?resize=266,177 266w\" alt=\"web-web-pray-Jan Smith-cc \u2013 \u00e9\" width=\"512\" height=\"341\" \/><\/figure>\n<div class=\"copyright-text\"><span>Jan Smith-cc<\/span><\/div>\n<\/div>\n<p style=\"text-align: justify;\"><span>O Catecismo explica ainda que \u201cProcurar distra\u00e7\u00f5es seria cair na armadilha delas\u201d (\u00a0<\/span><a title=\"\" href=\"https:\/\/www.vatican.va\/archive\/catechism_sp\/p4s1c3a2_sp.html\" target=\"_blank\" rel=\"noopener\"><span>CIC 2729<\/span><\/a><span>\u00a0).<\/span><\/p>\n<p style=\"text-align: justify;\"><span>O que isto significa \u00e9 que n\u00e3o devemos desviar conscientemente a nossa aten\u00e7\u00e3o destas distra\u00e7\u00f5es, pois ent\u00e3o ficaremos ainda mais distra\u00eddos. Pelo contr\u00e1rio, o Catecismo afirma que estas distra\u00e7\u00f5es revelam mais sobre o estado da nossa alma do que qualquer outra coisa:<\/span><\/p>\n<blockquote class=\"wp-block-quote is-layout-flow wp-block-quote-is-layout-flow\"><p><span>Com efeito, uma distra\u00e7\u00e3o revela-nos aquilo a que estamos apegados, e esta consci\u00eancia humilde diante do Senhor deve despertar o nosso amor preferencial por Ele e levar-nos a oferecer-Lhe resolutamente o nosso cora\u00e7\u00e3o para que Ele o purifique. Existe a batalha, a escolha daquilo que amo servir.<\/span><\/p>\n<p><cite><a title=\"\" href=\"https:\/\/www.vatican.va\/archive\/catechism_sp\/p4s1c3a2_sp.html\" target=\"_blank\" rel=\"noopener\"><span>CIC 2729<\/span><\/a><\/cite><\/p><\/blockquote>\n<div class=\"wp-block-aleteia-heading3\" style=\"text-align: justify;\">\n<h2><span>Pe\u00e7a ajuda para lutar<\/span><\/h2>\n<\/div>\n<p style=\"text-align: justify;\"><span>Esta revela\u00e7\u00e3o pode ser dif\u00edcil de discernir, e seria sensato consultar um diretor espiritual para descobrir adequadamente o que estas distra\u00e7\u00f5es revelam sobre n\u00f3s mesmos.<\/span><\/p>\n<div id=\"article-desk-content-p6-ad\" class=\"adslot ay css-p8k4vw\" style=\"text-align: justify;\" data-ay-manager-id=\"article-desk-content-p6-ad\" data-google-query-id=\"CN-K1JC8x4UDFSlI3QIdc0cLBg\">\n<div id=\"google_ads_iframe_64500793\/ES_DESK_ARTICLE_WELCOME_1X1_1__container__\"><\/div>\n<\/div>\n<p style=\"text-align: justify;\"><span>No entanto, pode ser verdade que nossos cora\u00e7\u00f5es estejam muito apegados \u00e0 agita\u00e7\u00e3o do dia a dia do que a Deus.<\/span><\/p>\n<p style=\"text-align: justify;\"><span>Poder\u00edamos estar muito preocupados com a lista de compras ou com as diversas atividades das quais nossos filhos ou netos participam depois da escola.<\/span><\/p>\n<p style=\"text-align: justify;\"><span>Ou podemos estar muito viciados nos v\u00e1rios aplicativos do nosso telefone e estamos mais interessados \u200b\u200bno que nossos amigos postam no Facebook do que no que Deus est\u00e1 tentando nos dizer durante a ora\u00e7\u00e3o.<\/span><\/p>\n<div class=\"wp-block-aleteia-heading3\" style=\"text-align: justify;\">\n<h2><span>Uma dica \u00fatil\u2026<\/span><\/h2>\n<\/div>\n<p style=\"text-align: justify;\"><span>Quaisquer que sejam as distra\u00e7\u00f5es que estamos lutando para superar, pode valer a pena anot\u00e1-las e ver se h\u00e1 um padr\u00e3o. Se houver, nosso cora\u00e7\u00e3o pode n\u00e3o estar no lugar certo e Deus precisa primeiro nos purificar para que possamos estar mais focados Nele durante a ora\u00e7\u00e3o.<\/span><\/p>\n","protected":false},"excerpt":{"rendered":"<p>As distra\u00e7\u00f5es interiores durante a ora\u00e7\u00e3o s\u00e3o um obst\u00e1culo dif\u00edcil de superar e muitas vezes podem revelar mais sobre o estado da nossa alma. Normalmente, quando a maioria de n\u00f3s tenta orar, somos bombardeados por v\u00e1rias distra\u00e7\u00f5es, tanto internas quanto externas. As distra\u00e7\u00f5es externas s\u00e3o mais f\u00e1ceis de controlar, pois geralmente envolvem desligar o r\u00e1dio, [&hellip;]<\/p>\n","protected":false},"author":1,"featured_media":88038,"comment_status":"open","ping_status":"closed","sticky":false,"template":"","format":"standard","meta":{"footnotes":""},"categories":[4],"tags":[],"class_list":["post-88037","post","type-post","status-publish","format-standard","has-post-thumbnail","hentry","category-cotidiano"],"_links":{"self":[{"href":"https:\/\/catolicanet.net\/wp-cnet\/wp-json\/wp\/v2\/posts\/88037","targetHints":{"allow":["GET"]}}],"collection":[{"href":"https:\/\/catolicanet.net\/wp-cnet\/wp-json\/wp\/v2\/posts"}],"about":[{"href":"https:\/\/catolicanet.net\/wp-cnet\/wp-json\/wp\/v2\/types\/post"}],"author":[{"embeddable":true,"href":"https:\/\/catolicanet.net\/wp-cnet\/wp-json\/wp\/v2\/users\/1"}],"replies":[{"embeddable":true,"href":"https:\/\/catolicanet.net\/wp-cnet\/wp-json\/wp\/v2\/comments?post=88037"}],"version-history":[{"count":1,"href":"https:\/\/catolicanet.net\/wp-cnet\/wp-json\/wp\/v2\/posts\/88037\/revisions"}],"predecessor-version":[{"id":88040,"href":"https:\/\/catolicanet.net\/wp-cnet\/wp-json\/wp\/v2\/posts\/88037\/revisions\/88040"}],"wp:featuredmedia":[{"embeddable":true,"href":"https:\/\/catolicanet.net\/wp-cnet\/wp-json\/wp\/v2\/media\/88038"}],"wp:attachment":[{"href":"https:\/\/catolicanet.net\/wp-cnet\/wp-json\/wp\/v2\/media?parent=88037"}],"wp:term":[{"taxonomy":"category","embeddable":true,"href":"https:\/\/catolicanet.net\/wp-cnet\/wp-json\/wp\/v2\/categories?post=88037"},{"taxonomy":"post_tag","embeddable":true,"href":"https:\/\/catolicanet.net\/wp-cnet\/wp-json\/wp\/v2\/tags?post=88037"}],"curies":[{"name":"wp","href":"https:\/\/api.w.org\/{rel}","templated":true}]}}