{"id":88033,"date":"2024-04-16T10:27:20","date_gmt":"2024-04-16T13:27:20","guid":{"rendered":"https:\/\/catolicanet.net\/wp-cnet\/?p=88033"},"modified":"2024-04-16T16:29:31","modified_gmt":"2024-04-16T19:29:31","slug":"madre-teresita-devemos-conquistar-o-ceu-todos-os-dias","status":"publish","type":"post","link":"https:\/\/catolicanet.net\/wp-cnet\/madre-teresita-devemos-conquistar-o-ceu-todos-os-dias\/","title":{"rendered":"Madre Teresita: \u201cDevemos conquistar o C\u00e9u todos os dias\u201d"},"content":{"rendered":"<div class=\"css-my9yfq\">\n<div>\n<p class=\"css-te1fbj\" style=\"text-align: center;\">Madre Teresita est\u00e1 na Congrega\u00e7\u00e3o das Filhas da Sant\u00edssima Virgem Imaculada de Lourdes Franciscanas h\u00e1 duas d\u00e9cadas e meia.<\/p>\n<p style=\"text-align: justify;\"><span class=\"subtitle\"><span>Madre Teresita, irm\u00e3 imaculada, sabe que conquistar o c\u00e9u \u00e9 algo di\u00e1rio. Sua voca\u00e7\u00e3o tem sido um caminho dif\u00edcil, mas cheio de amor e felicidade<\/span><\/span><\/p>\n<p style=\"text-align: justify;\"><span>Madre Teresita, 39 anos, est\u00e1 na\u00a0<\/span><a title=\"Congrega\u00e7\u00e3o das Filhas da Sant\u00edssima Virgem Imaculada da Franciscana Lourdes.\" href=\"https:\/\/www.facebook.com\/people\/Hermanas-Inmaculatinas-CA\/100070358801526\/?locale=hi_IN&amp;paipv=0&amp;eav=AfZq6j3QksZAM2a_UFKqPdS4HhEZVGJzx3AgI1u874WfERMyNCEqAgarZj9swVGps9g&amp;_rdr\" target=\"_blank\" rel=\"noopener\"><span>Congrega\u00e7\u00e3o das Filhas da Sant\u00edssima Virgem Imaculada de Lourdes Franciscanas<\/span><\/a><span>\u00a0h\u00e1 duas d\u00e9cadas e meia e tem certeza de que o C\u00e9u se conquista diariamente.\u00a0<\/span><\/p>\n<p style=\"text-align: justify;\"><span>Ela diz sobre si mesma: \u201cSou a nona de doze filhos. Entrei na vida religiosa quando era muito jovem. Comecei a sentir que o Senhor queria algo diferente para mim, porque o que h\u00e1 de mais comum na minha fam\u00edlia \u00e9 em torno do sacramento do Matrim\u00f4nio. Contudo, o Senhor me pediu algo diferente, um casamento m\u00edstico\u201d.<\/span><\/p>\n<div class=\"wp-block-aleteia-heading3\" style=\"text-align: justify;\">\n<h2><span>A fam\u00edlia, campo f\u00e9rtil para a voca\u00e7\u00e3o<\/span><\/h2>\n<\/div>\n<p style=\"text-align: justify;\"><span>Antes de entrar na adolesc\u00eancia, Teresita n\u00e3o sentia um chamado religioso, por\u00e9m, percebia que a din\u00e2mica de sua fam\u00edlia constitu\u00eda um campo f\u00e9rtil para que Deus despertasse a preocupa\u00e7\u00e3o por uma vida centrada Nele: \u201cNo n\u00facleo familiar posso contemplar o favor de Deus , que p\u00e1ra diante de mim para me chamar \u00e0 vida consagrada, especificamente como religioso Imaculatino\u201d.<\/span><\/p>\n<blockquote class=\"wp-block-quote is-layout-flow wp-block-quote-is-layout-flow\"><p><span>\u201cNasci numa fam\u00edlia religiosamente est\u00e1vel, ou seja, numa fam\u00edlia que pratica a religi\u00e3o, numa fam\u00edlia que ama a Eucaristia, que procura os sacramentos e que estabelece muitos dos seus projetos, dos seus objetivos, em torno da sua rela\u00e7\u00e3o com Deus\u201d.<\/span><\/p><\/blockquote>\n<div class=\"wp-block-aleteia-heading3\" style=\"text-align: justify;\">\n<h2><span>Um caminho n\u00e3o t\u00e3o f\u00e1cil<\/span><\/h2>\n<\/div>\n<div class=\"block-image-copyrigth-wrap\" style=\"text-align: justify;\">\n<figure class=\"wp-block-image size-large\"><img loading=\"lazy\" decoding=\"async\" class=\"wp-image-807802\" src=\"https:\/\/wp.es.aleteia.org\/wp-content\/uploads\/sites\/7\/2024\/04\/hna-teresita-inmac-1.jpg?w=1024\" sizes=\"auto, (max-width: 1200px) 100vw, 1200px\" srcset=\"https:\/\/wp.es.aleteia.org\/wp-content\/uploads\/sites\/7\/2024\/04\/hna-teresita-inmac-1.jpg 1200w, https:\/\/wp.es.aleteia.org\/wp-content\/uploads\/sites\/7\/2024\/04\/hna-teresita-inmac-1.jpg?resize=150,100 150w, https:\/\/wp.es.aleteia.org\/wp-content\/uploads\/sites\/7\/2024\/04\/hna-teresita-inmac-1.jpg?resize=300,200 300w, https:\/\/wp.es.aleteia.org\/wp-content\/uploads\/sites\/7\/2024\/04\/hna-teresita-inmac-1.jpg?resize=1024,683 1024w, https:\/\/wp.es.aleteia.org\/wp-content\/uploads\/sites\/7\/2024\/04\/hna-teresita-inmac-1.jpg?resize=620,413 620w, https:\/\/wp.es.aleteia.org\/wp-content\/uploads\/sites\/7\/2024\/04\/hna-teresita-inmac-1.jpg?resize=360,240 360w, https:\/\/wp.es.aleteia.org\/wp-content\/uploads\/sites\/7\/2024\/04\/hna-teresita-inmac-1.jpg?resize=1140,760 1140w, https:\/\/wp.es.aleteia.org\/wp-content\/uploads\/sites\/7\/2024\/04\/hna-teresita-inmac-1.jpg?resize=375,250 375w, https:\/\/wp.es.aleteia.org\/wp-content\/uploads\/sites\/7\/2024\/04\/hna-teresita-inmac-1.jpg?resize=630,420 630w, https:\/\/wp.es.aleteia.org\/wp-content\/uploads\/sites\/7\/2024\/04\/hna-teresita-inmac-1.jpg?resize=266,177 266w\" alt=\"hna-teresita-imaculatina\" width=\"1200\" height=\"800\" \/><\/figure>\n<div class=\"copyright-text\" style=\"text-align: center;\"><span>Cortesia de Madre Teresita<\/span><\/div>\n<\/div>\n<p style=\"text-align: justify;\"><span>\u201cA preocupa\u00e7\u00e3o pela vida consagrada come\u00e7ou em mim aos 12 anos atrav\u00e9s de uma miss\u00e3o realizada pelas irm\u00e3s Imaculatinas \u00e0 comunidade onde viviam os meus av\u00f3s maternos (\u2026) foi assim que descobri o que agora me faz t\u00e3o feliz e t\u00e3o realizada. \u201d: vida religiosa nesta congrega\u00e7\u00e3o de irm\u00e3s Imaculadas.<\/span><\/p>\n<div id=\"aleteia-welcome\" style=\"text-align: justify;\"><\/div>\n<p style=\"text-align: justify;\"><span>A sua entrada na vida consagrada n\u00e3o foi totalmente f\u00e1cil; o seu pai teve dificuldade em aceitar a sua voca\u00e7\u00e3o. Mas ela era uma menina sonhadora e ainda acreditava que \u201cno futuro seria poss\u00edvel vestir-se de azul\u201d.<\/span><\/p>\n<blockquote class=\"wp-block-quote is-layout-flow wp-block-quote-is-layout-flow\"><p><span>\u201cEra um sonho inating\u00edvel, mas foi um sonho que trabalhei todos os dias. \u201cGostava de sair no meio da natureza, na solid\u00e3o, e perguntar a Deus por que n\u00e3o conseguia entrar na Congrega\u00e7\u00e3o, por que meu pai n\u00e3o tinha vontade de me deixar ir em busca daquilo que fazia meu cora\u00e7\u00e3o bater forte. \u201d .<\/span><\/p><\/blockquote>\n<p style=\"text-align: justify;\"><span>Ela lembra que durante a inf\u00e2ncia foi muito mimada pelo pai: \u201cAcho que essa falta de apoio da parte dele me machucou e me machucou. De repente, os seres que voc\u00ea mais ama s\u00e3o as pessoas que podem dificultar o processo vocacional\u201d.\u00a0<\/span><\/p>\n<p style=\"text-align: justify;\"><span>A resist\u00eancia de seu pai durou muitos anos, ele desapareceu pouco antes de fazer seus votos finais. \u201cNunca foi dif\u00edcil, mas sempre tive perguntas como esta: &#8216;Quando isso acaba?&#8217;, &#8216;Quando voc\u00ea volta para casa?&#8217;, &#8216;Voc\u00ea j\u00e1 percebeu que n\u00e3o est\u00e1 a\u00ed?&#8217;\u201d<\/span><\/p>\n<p style=\"text-align: justify;\"><span>\u201cE um dia perguntei ao meu pai, no meio de um di\u00e1logo maravilhoso do qual me lembro com tanto carinho: &#8216;Por que voc\u00ea n\u00e3o quer que eu siga a vida religiosa?&#8217; E a resposta dele me chamou a aten\u00e7\u00e3o: ele n\u00e3o queria que eu sofresse. Para ele, as freiras eram pessoas que, em meio ao sacrif\u00edcio, sofriam muito. Ele n\u00e3o queria que eu estivesse com fome, ele n\u00e3o queria que eu estivesse com frio ou que algo iria acontecer comigo. Ent\u00e3o entendi que a \u00fanica raz\u00e3o pela qual papai resistiu tanto foi um elemento essencial para que eu continuasse na vida religiosa: o amor. Aquele amor que transforma, que supera as adversidades. Aquele amor que s\u00f3 deseja o bem para a pessoa amada.\u201d<\/span><\/p>\n<p style=\"text-align: justify;\"><span>Madre Teresita percebe, por\u00e9m, que toda aquela dificuldade acabou resultando em uma b\u00ean\u00e7\u00e3o: \u201cHoje posso dizer \u2018obrigada, pai\u2019, porque aquela resist\u00eancia me ajudou a tirar for\u00e7as de Deus para poder dizer sim a este projeto t\u00e3o extraordin\u00e1rio. .\u201d<\/span><\/p>\n<div class=\"wp-block-aleteia-heading3\" style=\"text-align: justify;\">\n<h2><span>O carisma da Imaculada Concei\u00e7\u00e3o<\/span><\/h2>\n<\/div>\n<p style=\"text-align: justify;\"><span>Madre Teresita considera que a vida religiosa foi um dom extraordin\u00e1rio \u201cdas m\u00e3os da Trindade colocada na sua mis\u00e9ria\u201d porque considera que, embora existam pessoas mais qualificadas que ela, Deus fixou sobre ela o seu olhar profundo.<\/span><\/p>\n<p style=\"text-align: justify;\"><span>O carisma da sua fam\u00edlia religiosa baseia-se na mensagem da Virgem Imaculada de Lourdes: ora\u00e7\u00e3o e penit\u00eancia. Para isso, atendem aos mais necessitados.\u00a0<\/span><\/p>\n<p style=\"text-align: justify;\"><span>E Madre Teresita explica: \u201cQuando falamos dos necessitados, desde o nosso carisma, referimo-nos aos necessitados materialmente, mas tamb\u00e9m \u00e0s necessidades espirituais. Existem elementos interessantes dentro deste carisma da nossa congrega\u00e7\u00e3o: a viv\u00eancia da mensagem de Lourdes, a ora\u00e7\u00e3o, a penit\u00eancia e a viv\u00eancia da nossa consagra\u00e7\u00e3o a partir da contempla\u00e7\u00e3o de Cristo Salvador; \u201cpropagar o culto \u00e0 Virgem Maria, especialmente na sua dedica\u00e7\u00e3o a Lourdes, abra\u00e7ando a caridade, a obedi\u00eancia, a pureza, o amor ao recolhimento, a ora\u00e7\u00e3o e o zelo pela salva\u00e7\u00e3o das almas\u201d.<\/span><\/p>\n<blockquote class=\"wp-block-quote is-layout-flow wp-block-quote-is-layout-flow\"><p><span>\u201cAcho que o nosso servi\u00e7o na Igreja \u00e9 muito bonito, n\u00e3o porque em outras Congrega\u00e7\u00f5es n\u00e3o o seja, mas acredito que o Senhor se apaixona pela nossa alma atrav\u00e9s do carisma. Tive que fazer a experi\u00eancia em diversos lugares e tem sido uma experi\u00eancia muito rica em conte\u00fados pastorais, mas tamb\u00e9m em fortalecer esta voca\u00e7\u00e3o que Deus me deu e que tenho procurado guardar e cuidar com muito carinho\u201d.<\/span><\/p><\/blockquote>\n<p style=\"text-align: justify;\"><span>Ele n\u00e3o hesita em afirmar que: \u201cSe o Senhor voltasse e me fizesse a proposta de segui-lo novamente, eu diria sim novamente\u201d.\u00a0<\/span><\/p>\n<p style=\"text-align: justify;\"><span>E acrescenta: \u201cDeus me deu tudo para cumprir esta miss\u00e3o com sucesso. Agora estou morando em Quer\u00e9taro, mas tive a oportunidade de estar em diversos lugares como mission\u00e1ria Imaculatina, o que guardo no cora\u00e7\u00e3o como um grande tesouro que fortaleceu meu amor pela vida consagrada e por meu Marido crucificado e ressuscitado. \u201d<\/span><\/p>\n<div class=\"wp-block-aleteia-heading3\" style=\"text-align: justify;\">\n<h2><span>Todos n\u00f3s temos uma voca\u00e7\u00e3o universal,<\/span><\/h2>\n<\/div>\n<figure class=\"wp-block-image size-large\" style=\"text-align: justify;\"><img loading=\"lazy\" decoding=\"async\" class=\"wp-image-807803\" src=\"https:\/\/wp.es.aleteia.org\/wp-content\/uploads\/sites\/7\/2024\/04\/hna-teresita-inmac.jpg?w=1024\" sizes=\"auto, (max-width: 1200px) 100vw, 1200px\" srcset=\"https:\/\/wp.es.aleteia.org\/wp-content\/uploads\/sites\/7\/2024\/04\/hna-teresita-inmac.jpg 1200w, https:\/\/wp.es.aleteia.org\/wp-content\/uploads\/sites\/7\/2024\/04\/hna-teresita-inmac.jpg?resize=150,100 150w, https:\/\/wp.es.aleteia.org\/wp-content\/uploads\/sites\/7\/2024\/04\/hna-teresita-inmac.jpg?resize=300,200 300w, https:\/\/wp.es.aleteia.org\/wp-content\/uploads\/sites\/7\/2024\/04\/hna-teresita-inmac.jpg?resize=1024,683 1024w, https:\/\/wp.es.aleteia.org\/wp-content\/uploads\/sites\/7\/2024\/04\/hna-teresita-inmac.jpg?resize=620,413 620w, https:\/\/wp.es.aleteia.org\/wp-content\/uploads\/sites\/7\/2024\/04\/hna-teresita-inmac.jpg?resize=360,240 360w, https:\/\/wp.es.aleteia.org\/wp-content\/uploads\/sites\/7\/2024\/04\/hna-teresita-inmac.jpg?resize=1140,760 1140w, https:\/\/wp.es.aleteia.org\/wp-content\/uploads\/sites\/7\/2024\/04\/hna-teresita-inmac.jpg?resize=375,250 375w, https:\/\/wp.es.aleteia.org\/wp-content\/uploads\/sites\/7\/2024\/04\/hna-teresita-inmac.jpg?resize=630,420 630w, https:\/\/wp.es.aleteia.org\/wp-content\/uploads\/sites\/7\/2024\/04\/hna-teresita-inmac.jpg?resize=266,177 266w\" alt=\"irm\u00e3s imaculadas conquistam o c\u00e9u\" width=\"1200\" height=\"800\" \/><\/figure>\n<p style=\"text-align: justify;\"><span>A sua experi\u00eancia como mission\u00e1ria levou Madre Teresita a pensar cada vez mais nas realidades \u00faltimas, como a morte, o Purgat\u00f3rio e o Para\u00edso.<\/span><\/p>\n<p style=\"text-align: justify;\"><span>\u201cPensar no Para\u00edso tornou-se para mim algo cont\u00ednuo, e ouso dizer, sem presun\u00e7\u00e3o, que desde crian\u00e7a penso que existe um lugar al\u00e9m do que minhas m\u00e3os podem tocar, do que meus olhos podem ver, do que meus olhos podem ver. ouvidos podem ouvir, o que meus l\u00e1bios podem saborear, o que pode ser percebido pelos meus cinco sentidos.\u201d<\/span><\/p>\n<blockquote class=\"wp-block-aleteia-blockquote\"><p><span>Acredito que todos temos uma voca\u00e7\u00e3o universal, que o c\u00f3digo de santidade da vida pessoal est\u00e1 inscrito no cora\u00e7\u00e3o de Cristo, porque o Senhor quer que sejamos santos como \u00e9 santo o seu Pai\u201d.<\/span><\/p><\/blockquote>\n<p style=\"text-align: justify;\"><span>Irm\u00e3 Teresita afirma que quem recebe o dom da santidade vive feliz, independentemente das condi\u00e7\u00f5es que surjam na sua vida e acrescenta: \u201cMant\u00eam os p\u00e9s no ch\u00e3o sem ficar naquele lugar, mas mantendo os olhos fixos na eternidade\u201d .<\/span><\/p>\n<div class=\"wp-block-aleteia-heading3\" style=\"text-align: justify;\">\n<h2><span>Para conquistar o C\u00e9u<\/span><\/h2>\n<\/div>\n<p style=\"text-align: justify;\"><span>Madre Teresita diz: \u201cAcredito que a conquista do Para\u00edso \u00e9 uma conquista cotidiana. \u201cDez vezes caio e dez vezes me levanto para pedir ao Senhor que me abrace como Bom Pastor, com a sua miseric\u00f3rdia, e me devolva ao aprisco\u201d.<\/span><\/p>\n<p style=\"text-align: justify;\"><span>Sem hesitar, a irm\u00e3 afirma que vale a pena conquistar o C\u00e9u, e faz\u00ea-lo todos os dias, renunciando ao que \u00e9 ef\u00eamero e passageiro, porque \u201co \u00faltimo momento, e o mais importante, \u00e9 chegar \u00e0 presen\u00e7a de Deus na nossa hist\u00f3ria cotidiana\u201d. .<\/span><\/p>\n<p style=\"text-align: justify;\"><span>E conclui esta mission\u00e1ria Imaculatina:<\/span><\/p>\n<blockquote class=\"wp-block-quote is-layout-flow wp-block-quote-is-layout-flow\"><p><span>\u201cO c\u00e9u n\u00e3o \u00e9 econ\u00f4mico. O C\u00e9u n\u00e3o se vende no mercado; Conquista-se com a virtude, com a luta di\u00e1ria, com a ren\u00fancia \u00e0 pr\u00f3pria vontade. Encontramos nossos projetos naquela presen\u00e7a de Deus e deixamos que eles se perdessem no projeto \u00fanico e real que Deus tem para n\u00f3s\u201d.<\/span><\/p><\/blockquote>\n<\/div>\n<\/div>\n","protected":false},"excerpt":{"rendered":"<p>Madre Teresita est\u00e1 na Congrega\u00e7\u00e3o das Filhas da Sant\u00edssima Virgem Imaculada de Lourdes Franciscanas h\u00e1 duas d\u00e9cadas e meia. Madre Teresita, irm\u00e3 imaculada, sabe que conquistar o c\u00e9u \u00e9 algo di\u00e1rio. Sua voca\u00e7\u00e3o tem sido um caminho dif\u00edcil, mas cheio de amor e felicidade Madre Teresita, 39 anos, est\u00e1 na\u00a0Congrega\u00e7\u00e3o das Filhas da Sant\u00edssima Virgem [&hellip;]<\/p>\n","protected":false},"author":1,"featured_media":88034,"comment_status":"open","ping_status":"closed","sticky":false,"template":"","format":"standard","meta":{"footnotes":""},"categories":[4,13],"tags":[],"class_list":["post-88033","post","type-post","status-publish","format-standard","has-post-thumbnail","hentry","category-cotidiano","category-featured"],"_links":{"self":[{"href":"https:\/\/catolicanet.net\/wp-cnet\/wp-json\/wp\/v2\/posts\/88033","targetHints":{"allow":["GET"]}}],"collection":[{"href":"https:\/\/catolicanet.net\/wp-cnet\/wp-json\/wp\/v2\/posts"}],"about":[{"href":"https:\/\/catolicanet.net\/wp-cnet\/wp-json\/wp\/v2\/types\/post"}],"author":[{"embeddable":true,"href":"https:\/\/catolicanet.net\/wp-cnet\/wp-json\/wp\/v2\/users\/1"}],"replies":[{"embeddable":true,"href":"https:\/\/catolicanet.net\/wp-cnet\/wp-json\/wp\/v2\/comments?post=88033"}],"version-history":[{"count":1,"href":"https:\/\/catolicanet.net\/wp-cnet\/wp-json\/wp\/v2\/posts\/88033\/revisions"}],"predecessor-version":[{"id":88036,"href":"https:\/\/catolicanet.net\/wp-cnet\/wp-json\/wp\/v2\/posts\/88033\/revisions\/88036"}],"wp:featuredmedia":[{"embeddable":true,"href":"https:\/\/catolicanet.net\/wp-cnet\/wp-json\/wp\/v2\/media\/88034"}],"wp:attachment":[{"href":"https:\/\/catolicanet.net\/wp-cnet\/wp-json\/wp\/v2\/media?parent=88033"}],"wp:term":[{"taxonomy":"category","embeddable":true,"href":"https:\/\/catolicanet.net\/wp-cnet\/wp-json\/wp\/v2\/categories?post=88033"},{"taxonomy":"post_tag","embeddable":true,"href":"https:\/\/catolicanet.net\/wp-cnet\/wp-json\/wp\/v2\/tags?post=88033"}],"curies":[{"name":"wp","href":"https:\/\/api.w.org\/{rel}","templated":true}]}}