{"id":88017,"date":"2024-04-16T10:14:21","date_gmt":"2024-04-16T13:14:21","guid":{"rendered":"https:\/\/catolicanet.net\/wp-cnet\/?p=88017"},"modified":"2024-04-16T16:15:28","modified_gmt":"2024-04-16T19:15:28","slug":"dicasterio-para-o-clero-nomeia-novo-reitor-para-o-pontificio-colegio-pio-brasileiro-em-roma","status":"publish","type":"post","link":"https:\/\/catolicanet.net\/wp-cnet\/dicasterio-para-o-clero-nomeia-novo-reitor-para-o-pontificio-colegio-pio-brasileiro-em-roma\/","title":{"rendered":"DICAST\u00c9RIO PARA O CLERO NOMEIA NOVO REITOR PARA O PONTIF\u00cdCIO COL\u00c9GIO PIO BRASILEIRO, EM ROMA"},"content":{"rendered":"<p style=\"text-align: justify;\">A Presid\u00eancia da Confer\u00eancia Nacional dos Bispos do Brasil (CNBB) apresentou e o Discat\u00e9rio para o Clero da Santa S\u00e9 nomeou nesta ter\u00e7a-feira, 16 de abril, o novo reitor do Pontif\u00edcio Col\u00e9gio Pio Brasileiro, em Roma. Trata-se do padre Valdir C\u00e2ndido de Morais, pertencente ao clero arquidiocesano de Natal (RN).<\/p>\n<p style=\"text-align: justify;\">O monsenhor \u00e9 p\u00e1roco da catedral metropolitana de Nossa Senhora da Apresenta\u00e7\u00e3o, em Natal, desde agosto de 2012; Ec\u00f4nomo da arquidiocese desde agosto de 2013 e vig\u00e1rio episcopal para a Administra\u00e7\u00e3o desde janeiro de 2017. Exerce tamb\u00e9m a fun\u00e7\u00e3o de assessor do Tribunal Eclesi\u00e1stico Arquidiocesano. De 2011 a 2012, foi presidente do Conselho de Alunos do Pontif\u00edcio Col\u00e9gio Pio Brasileiro.<\/p>\n<p style=\"text-align: justify;\">Desde junho de 2020, o Col\u00e9gio esteve sob a dire\u00e7\u00e3o do padre Jos\u00e9 Ot\u00e1cio Oliveira Guedes, do clero arquidiocesano de Niter\u00f3i (RJ).<\/p>\n<h3 style=\"text-align: justify;\">Biografia e trajet\u00f3ria eclesial<\/h3>\n<p style=\"text-align: justify;\">Padre Valdir nasceu em S\u00e3o Jo\u00e3o do Sabugi (RN), em 28 de dezembro de 1972. \u00c9 formado como T\u00e9cnico de Contabilidade e foi militar da For\u00e7a A\u00e9rea Brasileira de 1991 a 1994.<\/p>\n<p style=\"text-align: justify;\">Ingressou no semin\u00e1rio de S\u00e3o Pedro em 1995, no curso Proped\u00eautico; Cursou Filosofia no mesmo Semin\u00e1rio e Teologia no Pontif\u00edcio Ateneu Regina Apostolorum, em Roma, de 1999 a 2002. Foi ordenado di\u00e1cono em 22 de fevereiro de 2002 e sacerdote em 12 de dezembro do mesmo ano.<\/p>\n<p style=\"text-align: justify;\">Desde ent\u00e3o, foi vig\u00e1rio na par\u00f3quia de Bom Jesus dos Navegantes, em Touros (RN) e na par\u00f3quia de Nossa Senhora da Esperan\u00e7a, em Natal (RN); Foi administrador na par\u00f3quia do Beato Andr\u00e9 de Soveral, em Parnamirim (RN).<\/p>\n<p style=\"text-align: justify;\">Exerceu o servi\u00e7o de dirigente espiritual arquidiocesano do Encontro de Casais com Cristo de 2006 a 2010; Dirigente espiritual arquidiocesano do Segue-me desde 2006; Dirigente espiritual nacional do Encontro de Jovens com Cristo desde 2016; e assistente eclesi\u00e1stico da Pastoral da Comunica\u00e7\u00e3o de 2006 a 2010.<\/p>\n<p style=\"text-align: justify;\">Foi coordenador do Setor Fam\u00edlia arquidiocesano; Presidente do Conselho de Alunos do Pontif\u00edcio Col\u00e9gio Pio Brasileiro, em Roma, de 2011 a 2012; Membro do Col\u00e9gio de Consultores, do Conselho Episcopal e do Conselho Presbiteral da arquidiocese de Natal.<\/p>\n<p style=\"text-align: justify;\">Tamb\u00e9m foi professor na faculdade Dom Heitor Sales de 2013 a 2015 e no Semin\u00e1rio de S\u00e3o Pedro.<\/p>\n<h3 style=\"text-align: justify;\">Pio Brasileiro \u2013 origem e miss\u00e3o<\/h3>\n<p style=\"text-align: justify;\"><img loading=\"lazy\" decoding=\"async\" class=\"size-medium wp-image-943691 alignright\" src=\"https:\/\/www.cnbb.org.br\/wp-content\/uploads\/2023\/04\/piobrasileiro-300x204.jpg\" sizes=\"auto, (max-width: 300px) 100vw, 300px\" srcset=\"https:\/\/www.cnbb.org.br\/wp-content\/uploads\/2023\/04\/piobrasileiro-300x204.jpg 300w, https:\/\/www.cnbb.org.br\/wp-content\/uploads\/2023\/04\/piobrasileiro-500x340.jpg 500w, https:\/\/www.cnbb.org.br\/wp-content\/uploads\/2023\/04\/piobrasileiro.jpg 616w\" alt=\"\" width=\"300\" height=\"204\" \/>No Natal de 1927, o episcopado brasileiro enviou ao clero e aos fi\u00e9is do Brasil uma Carta Pastoral Coletiva, apresentando as raz\u00f5es que justificavam a constru\u00e7\u00e3o de um col\u00e9gio pr\u00f3prio, em Roma, e, ao mesmo tempo, lan\u00e7avam uma Campanha Nacional para recolhimento de fundos, a fim de realizar o ambicioso projeto. Em 1929, depois de superados todos os entraves, foi lan\u00e7ada a primeira pedra, iniciando-se, logo em seguida, a constru\u00e7\u00e3o do edif\u00edcio.<\/p>\n<p style=\"text-align: justify;\">Cinco anos mais tarde, em 3 de abril de 1934, celebrou-se sua inaugura\u00e7\u00e3o. A turma fundadora, formada por 34 padres e seminaristas, saiu do Pio Latino. Como no Col\u00e9gio anterior, tamb\u00e9m aqui a dire\u00e7\u00e3o coube aos jesu\u00edtas. Isto se deu no pontificado do Pio XI.<\/p>\n<p style=\"text-align: justify;\">O Papa S\u00e3o Jo\u00e3o Paulo II, quando visitou o Col\u00e9gio, em 17 de janeiro de 1982, assim se expressou: \u201cO Col\u00e9gio Pio Brasileiro \u00e9 um pedacinho do Brasil em Roma\u201d. O Santo Padre tinha raz\u00e3o. O PCPB \u00e9 uma refer\u00eancia para todos os brasileiros que residem em Roma ou aqui v\u00eam em peregrina\u00e7\u00e3o ou a servi\u00e7o. Nas datas da Independ\u00eancia do Brasil e de Nossa Senhora da Concei\u00e7\u00e3o Aparecida, nosso Col\u00e9gio abre suas portas para acolher n\u00e3o s\u00f3 brasileiros, como tamb\u00e9m simpatizantes de nossa P\u00e1tria, para celebrar conosco esses momentos festivos.<\/p>\n<h3 style=\"text-align: justify;\">N\u00fameros<\/h3>\n<p style=\"text-align: justify;\">Nos seus mais de noventa anos de exist\u00eancia, j\u00e1 passaram pelo Col\u00e9gio mais de dois mil estudantes, uns ainda seminaristas, outros j\u00e1 presb\u00edteros. O n\u00famero dos ex-estudantes ordenados bispos j\u00e1 ultrapassa os 170. Destes, alguns j\u00e1 foram eleitos cardeais, como por exemplo: dom Agnelo Rossi (tamb\u00e9m foi estudante do Pio Latino), dom Serafim Fernandes de Ara\u00fajo, dom Geraldo Majella Agnelo, dom Odilo Pedro Scherer, dom Jo\u00e3o Braz de Aviz, dom Raymundo Damasceno de Assis , dom Sergio da Rocha.\u00a0A Dire\u00e7\u00e3o do Col\u00e9gio \u00e9 composta por uma equipe de\u00a0tres padres diocesanos: Reitor e Ec\u00f4nomo, Diretor de Estudos, Diretor Espiritual. Esta equipe \u00e9 nomeada pela CNBB e tem mandato de tr\u00eas anos.<\/p>\n","protected":false},"excerpt":{"rendered":"<p>A Presid\u00eancia da Confer\u00eancia Nacional dos Bispos do Brasil (CNBB) apresentou e o Discat\u00e9rio para o Clero da Santa S\u00e9 nomeou nesta ter\u00e7a-feira, 16 de abril, o novo reitor do Pontif\u00edcio Col\u00e9gio Pio Brasileiro, em Roma. Trata-se do padre Valdir C\u00e2ndido de Morais, pertencente ao clero arquidiocesano de Natal (RN). O monsenhor \u00e9 p\u00e1roco da [&hellip;]<\/p>\n","protected":false},"author":1,"featured_media":88018,"comment_status":"open","ping_status":"closed","sticky":false,"template":"","format":"standard","meta":{"footnotes":""},"categories":[7],"tags":[],"class_list":["post-88017","post","type-post","status-publish","format-standard","has-post-thumbnail","hentry","category-cnbb"],"_links":{"self":[{"href":"https:\/\/catolicanet.net\/wp-cnet\/wp-json\/wp\/v2\/posts\/88017","targetHints":{"allow":["GET"]}}],"collection":[{"href":"https:\/\/catolicanet.net\/wp-cnet\/wp-json\/wp\/v2\/posts"}],"about":[{"href":"https:\/\/catolicanet.net\/wp-cnet\/wp-json\/wp\/v2\/types\/post"}],"author":[{"embeddable":true,"href":"https:\/\/catolicanet.net\/wp-cnet\/wp-json\/wp\/v2\/users\/1"}],"replies":[{"embeddable":true,"href":"https:\/\/catolicanet.net\/wp-cnet\/wp-json\/wp\/v2\/comments?post=88017"}],"version-history":[{"count":1,"href":"https:\/\/catolicanet.net\/wp-cnet\/wp-json\/wp\/v2\/posts\/88017\/revisions"}],"predecessor-version":[{"id":88020,"href":"https:\/\/catolicanet.net\/wp-cnet\/wp-json\/wp\/v2\/posts\/88017\/revisions\/88020"}],"wp:featuredmedia":[{"embeddable":true,"href":"https:\/\/catolicanet.net\/wp-cnet\/wp-json\/wp\/v2\/media\/88018"}],"wp:attachment":[{"href":"https:\/\/catolicanet.net\/wp-cnet\/wp-json\/wp\/v2\/media?parent=88017"}],"wp:term":[{"taxonomy":"category","embeddable":true,"href":"https:\/\/catolicanet.net\/wp-cnet\/wp-json\/wp\/v2\/categories?post=88017"},{"taxonomy":"post_tag","embeddable":true,"href":"https:\/\/catolicanet.net\/wp-cnet\/wp-json\/wp\/v2\/tags?post=88017"}],"curies":[{"name":"wp","href":"https:\/\/api.w.org\/{rel}","templated":true}]}}