{"id":87983,"date":"2024-04-11T09:29:22","date_gmt":"2024-04-11T12:29:22","guid":{"rendered":"https:\/\/catolicanet.net\/wp-cnet\/?p=87983"},"modified":"2024-04-11T16:30:38","modified_gmt":"2024-04-11T19:30:38","slug":"bispo-mais-jovem-do-brasil-em-2024-dom-danival-milagres-e-o-primeiro-participante-do-cnbb-podcast","status":"publish","type":"post","link":"https:\/\/catolicanet.net\/wp-cnet\/bispo-mais-jovem-do-brasil-em-2024-dom-danival-milagres-e-o-primeiro-participante-do-cnbb-podcast\/","title":{"rendered":"BISPO MAIS JOVEM DO BRASIL EM 2024, DOM DANIVAL MILAGRES, \u00c9 O PRIMEIRO PARTICIPANTE DO CNBB PODCAST"},"content":{"rendered":"<div id=\"ImagagemDestacada\" class=\"elementor-element elementor-element-1fe4726 elementor-widget elementor-widget-theme-post-featured-image elementor-widget-image\" data-id=\"1fe4726\" data-element_type=\"widget\" data-widget_type=\"theme-post-featured-image.default\">\n<div class=\"elementor-widget-container\">\n<div class=\"elementor-image\" style=\"text-align: justify;\"><\/div>\n<\/div>\n<\/div>\n<div class=\"elementor-element elementor-element-3a087bd2 elementor-widget elementor-widget-theme-post-content\" data-id=\"3a087bd2\" data-element_type=\"widget\" data-widget_type=\"theme-post-content.default\">\n<div class=\"elementor-widget-container\">\n<p style=\"text-align: justify;\"><img loading=\"lazy\" decoding=\"async\" class=\"size-medium wp-image-961382 alignright\" src=\"https:\/\/www.cnbb.org.br\/wp-content\/uploads\/2024\/04\/Arte-Podcast-300x300.jpeg\" sizes=\"auto, (max-width: 300px) 100vw, 300px\" srcset=\"https:\/\/www.cnbb.org.br\/wp-content\/uploads\/2024\/04\/Arte-Podcast-300x300.jpeg 300w, https:\/\/www.cnbb.org.br\/wp-content\/uploads\/2024\/04\/Arte-Podcast-150x150.jpeg 150w, https:\/\/www.cnbb.org.br\/wp-content\/uploads\/2024\/04\/Arte-Podcast.jpeg 500w\" alt=\"\" width=\"300\" height=\"300\" \/>\u201cComo bispo, embora eu v\u00e1 atuar em Goi\u00e2nia, mas nenhum bispo realiza a sua miss\u00e3o de forma isolada. A gente participa da miss\u00e3o do col\u00e9gio episcopal.\u201d Esta \u00e9 a convic\u00e7\u00e3o do bispo mais jovem do Brasil em idade e em episcopado, dom Danival Milagres Coelho.<\/p>\n<p style=\"text-align: justify;\">Nomeado pelo Papa Francisco para bispo auxiliar na capital goiana, dom Danival tem 47 anos e \u00e9 origin\u00e1rio da Arquidiocese de Mariana, em Minas Gerais. Sua ordena\u00e7\u00e3o aconteceu na cidade de Barbacena no \u00faltimo s\u00e1bado, 6 de abril.<\/p>\n<p style=\"text-align: justify;\">Ele foi o convidado da primeira edi\u00e7\u00e3o do CNBB Podcast, transmitida pelo YouTube da CNBB no primeiro dia da 61\u00aa Assembleia Geral, que acontece no Centro de Eventos Padre Vitor Coelho de Almeida at\u00e9 o pr\u00f3ximo dia 19. A conversa foi mediada pelos comunicadores Marcus Tullius e Osnilda Lima.<\/p>\n<figure id=\"attachment_961383\" class=\"wp-caption aligncenter\" style=\"text-align: justify;\" aria-describedby=\"caption-attachment-961383\"><img loading=\"lazy\" decoding=\"async\" class=\"wp-image-961383 size-large\" src=\"https:\/\/www.cnbb.org.br\/wp-content\/uploads\/2024\/04\/Luiz-podcast-1024x576.jpeg\" sizes=\"auto, (max-width: 1024px) 100vw, 1024px\" srcset=\"https:\/\/www.cnbb.org.br\/wp-content\/uploads\/2024\/04\/Luiz-podcast-1024x576.jpeg 1024w, https:\/\/www.cnbb.org.br\/wp-content\/uploads\/2024\/04\/Luiz-podcast-300x169.jpeg 300w, https:\/\/www.cnbb.org.br\/wp-content\/uploads\/2024\/04\/Luiz-podcast-768x432.jpeg 768w, https:\/\/www.cnbb.org.br\/wp-content\/uploads\/2024\/04\/Luiz-podcast-500x281.jpeg 500w, https:\/\/www.cnbb.org.br\/wp-content\/uploads\/2024\/04\/Luiz-podcast.jpeg 1280w\" alt=\"\" width=\"1024\" height=\"576\" \/><figcaption id=\"caption-attachment-961383\" class=\"wp-caption-text\">Luiz Lopes e convidados na segunda edi\u00e7\u00e3o di\u00e1ria do Podcast CNBB. | Fotos: Jaison Alves<\/figcaption><\/figure>\n<h3 style=\"text-align: justify;\">Prolongamento da alegria da ordena\u00e7\u00e3o<\/h3>\n<p style=\"text-align: justify;\">O novo prelado considera a oportunidade de participar da primeira assembleia como o prolongamento da alegria vivida no dia da ordena\u00e7\u00e3o e um momento de acolhida dos seus novos irm\u00e3os. \u201cEu vim passar a lua de mel episcopal j\u00e1 trabalhando na Assembleia do episcopado brasileiro. Para mim \u00e9 muita honra, muita alegria, \u00e9 o prolongamento daquela alegria que vivi no dia 06 de abril na cidade de Barbacena. Ali, ap\u00f3s a ordena\u00e7\u00e3o, h\u00e1 um gesto muito bonito em que os bispos abra\u00e7am o novo bispo, sinal de acolhida no col\u00e9gio episcopal.\u201d<\/p>\n<p style=\"text-align: justify;\">Outro elemento destacado por dom Danival \u00e9 a oportunidade de conhecer, n\u00e3o s\u00f3 o episcopado, bem como a diversidade da Igreja no Brasil e a natureza de sua miss\u00e3o episcopal e integrante da maior confer\u00eancia episcopal do mundo. \u201cParticipar desta express\u00e3o colegial que \u00e9 a assembleia, para mim, \u00e9 o meu presente de ordena\u00e7\u00e3o e uma grande responsabilidade, de viver meu minist\u00e9rio episcopal nesta colegialidade com a CNBB\u201d, afirmou.<\/p>\n<p style=\"text-align: justify;\">A acolhida \u00e9 uma das caracter\u00edsticas destacadas pelo novo bispo nos seus primeiros momentos de Assembleia e nos primeiros contatos com os novos bispos do regional Centro-Oeste, que integrar\u00e1 a partir de agora. \u201c\u00c9 uma experi\u00eancia que marca. Quando a gente \u00e9 transferido de par\u00f3quia, a gente continua no mesmo presbit\u00e9rio. Ser nomeado bispo e ir para outro regional \u00e9 uma grande novidade. N\u00e3o s\u00f3 na miss\u00e3o, mas tamb\u00e9m a realidade que vou encontrar. Estou abra\u00e7ando esta nova miss\u00e3o como um aprendizado. Eu me sinto muito bem acolhido pelos bispos do regional e, claro, a gente vai com o cora\u00e7\u00e3o cheio de saudade, porque Barbacena marcou de fato a minha caminhada pastoral.\u201d<\/p>\n<blockquote><p>\u201c\u00c9 uma gra\u00e7a muito especial ver tanto trabalho da Igreja, n\u00e3o s\u00f3 realizando a sua obra que \u00e9 a miss\u00e3o evangelizadora para os cat\u00f3licos, mas para a sociedade brasileira. A CNBB \u00e9 uma presen\u00e7a eficaz da Igreja no Brasil.\u201d<\/p><\/blockquote>\n<h3 style=\"text-align: justify;\">Esperan\u00e7a na juventude<\/h3>\n<p style=\"text-align: justify;\">Um dos temas que ser\u00e1 abordado no decorrer da assembleia ser\u00e1 a juventude. Dom Danival considera a pertin\u00eancia do tema para pensar em como atingir a juventude hoje. \u201cFiquei muito feliz de saber que este tema vai ser aprofundado nestes dias. Isso traz muita esperan\u00e7a para n\u00f3s. Eu ainda um bispo jovem, vou levar muita experi\u00eancia daquilo que a gente aprender aqui e das sugest\u00f5es que forem apresentadas para o meu trabalho que vou iniciar em Goi\u00e2nia a partir do m\u00eas que vem\u201d, destacou.<\/p>\n<p style=\"text-align: justify;\">Uma das mais recentes tarefas desempenhadas por dom Danival em sua Arquidiocese de origem foi a organiza\u00e7\u00e3o da cerim\u00f4nia de beatifica\u00e7\u00e3o da Beata Isabel Cristina, em dezembro de 2022, realizada na cidade de Barbacena. \u201cAli vivi como p\u00e1roco por seis anos e meio. Tive a grav\u00edssima responsabilidade de preparar a beatifica\u00e7\u00e3o da jovem m\u00e1rtir Isabel Cristina. J\u00e1 que a Assembleia vai tratar da juventude, est\u00e1 a\u00ed uma refer\u00eancia para juventude do Brasil. Conhecer a coragem e a determina\u00e7\u00e3o desta jovem que deu a sua vida pelos valores da sua f\u00e9. Quero levar comigo esta marca da experi\u00eancia vivida em Barbacena.\u201d<\/p>\n<p style=\"text-align: justify;\">O CNBB Podcast ter\u00e1 duas edi\u00e7\u00f5es di\u00e1rias, \u00e0s 11h50 e \u00e0s 16h40, ao vivo pelo canal da CNBB Youtube e, posteriormente, na plataforma SoundCloud.<\/p>\n<p style=\"text-align: justify;\"><strong>Confira a \u00edntegra do podcast:<\/strong><\/p>\n<div class=\"ast-oembed-container\"><iframe loading=\"lazy\" title=\"CNBB PODCAST - 1\u00aa EDI\u00c7\u00c3O\" src=\"https:\/\/www.youtube.com\/embed\/-N8aavsVIbA?start=809&amp;feature=oembed\" width=\"1200\" height=\"675\" frameborder=\"0\" allowfullscreen=\"allowfullscreen\" data-mce-fragment=\"1\"><\/iframe><\/div>\n<pre>Com colabora\u00e7\u00e3o de Marcus Tullius (Pascom Brasil) | Equipe de Comunica\u00e7\u00e3o 61\u00aa AG CNBB<\/pre>\n<\/div>\n<\/div>\n","protected":false},"excerpt":{"rendered":"<p>\u201cComo bispo, embora eu v\u00e1 atuar em Goi\u00e2nia, mas nenhum bispo realiza a sua miss\u00e3o de forma isolada. A gente participa da miss\u00e3o do col\u00e9gio episcopal.\u201d Esta \u00e9 a convic\u00e7\u00e3o do bispo mais jovem do Brasil em idade e em episcopado, dom Danival Milagres Coelho. Nomeado pelo Papa Francisco para bispo auxiliar na capital goiana, [&hellip;]<\/p>\n","protected":false},"author":1,"featured_media":87984,"comment_status":"open","ping_status":"closed","sticky":false,"template":"","format":"standard","meta":{"footnotes":""},"categories":[7],"tags":[],"class_list":["post-87983","post","type-post","status-publish","format-standard","has-post-thumbnail","hentry","category-cnbb"],"_links":{"self":[{"href":"https:\/\/catolicanet.net\/wp-cnet\/wp-json\/wp\/v2\/posts\/87983","targetHints":{"allow":["GET"]}}],"collection":[{"href":"https:\/\/catolicanet.net\/wp-cnet\/wp-json\/wp\/v2\/posts"}],"about":[{"href":"https:\/\/catolicanet.net\/wp-cnet\/wp-json\/wp\/v2\/types\/post"}],"author":[{"embeddable":true,"href":"https:\/\/catolicanet.net\/wp-cnet\/wp-json\/wp\/v2\/users\/1"}],"replies":[{"embeddable":true,"href":"https:\/\/catolicanet.net\/wp-cnet\/wp-json\/wp\/v2\/comments?post=87983"}],"version-history":[{"count":1,"href":"https:\/\/catolicanet.net\/wp-cnet\/wp-json\/wp\/v2\/posts\/87983\/revisions"}],"predecessor-version":[{"id":87986,"href":"https:\/\/catolicanet.net\/wp-cnet\/wp-json\/wp\/v2\/posts\/87983\/revisions\/87986"}],"wp:featuredmedia":[{"embeddable":true,"href":"https:\/\/catolicanet.net\/wp-cnet\/wp-json\/wp\/v2\/media\/87984"}],"wp:attachment":[{"href":"https:\/\/catolicanet.net\/wp-cnet\/wp-json\/wp\/v2\/media?parent=87983"}],"wp:term":[{"taxonomy":"category","embeddable":true,"href":"https:\/\/catolicanet.net\/wp-cnet\/wp-json\/wp\/v2\/categories?post=87983"},{"taxonomy":"post_tag","embeddable":true,"href":"https:\/\/catolicanet.net\/wp-cnet\/wp-json\/wp\/v2\/tags?post=87983"}],"curies":[{"name":"wp","href":"https:\/\/api.w.org\/{rel}","templated":true}]}}